{"id":33819,"date":"2019-12-15T15:21:30","date_gmt":"2019-12-15T14:21:30","guid":{"rendered":"https:\/\/www.akehedman.se\/wordpress\/?p=33819"},"modified":"2019-12-15T15:21:30","modified_gmt":"2019-12-15T14:21:30","slug":"det-blir-nog-sno-till-jul","status":"publish","type":"post","link":"https:\/\/www.akehedman.se\/wordpress\/?p=33819","title":{"rendered":"&quot;Det blir nog sn\u00f6 till jul&quot;"},"content":{"rendered":"\n<figure class=\"wp-block-image size-large\"><img loading=\"lazy\" decoding=\"async\" width=\"2560\" height=\"1440\" src=\"https:\/\/i1.wp.com\/www.akehedman.se\/wordpress\/wp-content\/uploads\/2019\/12\/IMG_20191215_150646003-scaled.jpg?fit=584%2C329&amp;ssl=1\" alt=\"\" class=\"wp-image-33822\" srcset=\"https:\/\/i0.wp.com\/www.akehedman.se\/wordpress\/wp-content\/uploads\/2019\/12\/IMG_20191215_150646003-scaled.jpg?w=2560&amp;ssl=1 2560w, https:\/\/i0.wp.com\/www.akehedman.se\/wordpress\/wp-content\/uploads\/2019\/12\/IMG_20191215_150646003-scaled.jpg?resize=300%2C169&amp;ssl=1 300w, https:\/\/i0.wp.com\/www.akehedman.se\/wordpress\/wp-content\/uploads\/2019\/12\/IMG_20191215_150646003-scaled.jpg?resize=1024%2C576&amp;ssl=1 1024w, https:\/\/i0.wp.com\/www.akehedman.se\/wordpress\/wp-content\/uploads\/2019\/12\/IMG_20191215_150646003-scaled.jpg?resize=768%2C432&amp;ssl=1 768w, https:\/\/i0.wp.com\/www.akehedman.se\/wordpress\/wp-content\/uploads\/2019\/12\/IMG_20191215_150646003-scaled.jpg?resize=1536%2C864&amp;ssl=1 1536w, https:\/\/i0.wp.com\/www.akehedman.se\/wordpress\/wp-content\/uploads\/2019\/12\/IMG_20191215_150646003-scaled.jpg?resize=2048%2C1152&amp;ssl=1 2048w, https:\/\/i0.wp.com\/www.akehedman.se\/wordpress\/wp-content\/uploads\/2019\/12\/IMG_20191215_150646003-scaled.jpg?resize=500%2C281&amp;ssl=1 500w, https:\/\/i0.wp.com\/www.akehedman.se\/wordpress\/wp-content\/uploads\/2019\/12\/IMG_20191215_150646003-scaled.jpg?w=1160&amp;ssl=1 1160w, https:\/\/i0.wp.com\/www.akehedman.se\/wordpress\/wp-content\/uploads\/2019\/12\/IMG_20191215_150646003-scaled.jpg?w=1740&amp;ssl=1 1740w\" sizes=\"auto, (max-width: 580px) 100vw, 580px\" \/><\/figure>\n\n\n\n<p class=\"wp-block-paragraph\">&#8220;Det blir nog sn\u00f6 till jul&#8221; s\u00e4ger dom. Meteorologerna. De som prognostiserar. Vi som bor i Sverige (v\u00e4sterut och norrut) skakar lite l\u00e4tt p\u00e5 v\u00e5a huvuden. Vi \u00e4r van att f\u00e5 h\u00f6ra Amerikarapporteing i yviga gester och &#8220;J\u00c4TTE&#8221;, &#8220;SMOCKA&#8221;  och &#8220;V\u00c4RST&#8221;  som bara ber\u00f6r M\u00e4lardalen. Jo, det blit en vit jul i \u00e5r ocks\u00e5. Tamefan!<\/p>\n\n\n\n<p class=\"wp-block-paragraph\">Men vill med det d\u00e4r egentligen bara  reflektera \u00f6ver att man borde bli j\u00e4vligt tr\u00f6tt p\u00e5 att leva i en v\u00e4rld d\u00e4r man bara alltid ser sig sj\u00e4lv och sitt och inget annat. Japp, f\u00f6rbannat tr\u00f6tt.<\/p>\n\n\n\n<figure class=\"wp-block-image size-large\"><img loading=\"lazy\" decoding=\"async\" width=\"2560\" height=\"1440\" src=\"https:\/\/i1.wp.com\/www.akehedman.se\/wordpress\/wp-content\/uploads\/2019\/12\/IMG_20191215_143656590-scaled.jpg?fit=584%2C329&amp;ssl=1\" alt=\"\" class=\"wp-image-33821\" srcset=\"https:\/\/i0.wp.com\/www.akehedman.se\/wordpress\/wp-content\/uploads\/2019\/12\/IMG_20191215_143656590-scaled.jpg?w=2560&amp;ssl=1 2560w, https:\/\/i0.wp.com\/www.akehedman.se\/wordpress\/wp-content\/uploads\/2019\/12\/IMG_20191215_143656590-scaled.jpg?resize=300%2C169&amp;ssl=1 300w, https:\/\/i0.wp.com\/www.akehedman.se\/wordpress\/wp-content\/uploads\/2019\/12\/IMG_20191215_143656590-scaled.jpg?resize=1024%2C576&amp;ssl=1 1024w, https:\/\/i0.wp.com\/www.akehedman.se\/wordpress\/wp-content\/uploads\/2019\/12\/IMG_20191215_143656590-scaled.jpg?resize=768%2C432&amp;ssl=1 768w, https:\/\/i0.wp.com\/www.akehedman.se\/wordpress\/wp-content\/uploads\/2019\/12\/IMG_20191215_143656590-scaled.jpg?resize=1536%2C864&amp;ssl=1 1536w, https:\/\/i0.wp.com\/www.akehedman.se\/wordpress\/wp-content\/uploads\/2019\/12\/IMG_20191215_143656590-scaled.jpg?resize=2048%2C1152&amp;ssl=1 2048w, https:\/\/i0.wp.com\/www.akehedman.se\/wordpress\/wp-content\/uploads\/2019\/12\/IMG_20191215_143656590-scaled.jpg?resize=500%2C281&amp;ssl=1 500w, https:\/\/i0.wp.com\/www.akehedman.se\/wordpress\/wp-content\/uploads\/2019\/12\/IMG_20191215_143656590-scaled.jpg?w=1160&amp;ssl=1 1160w, https:\/\/i0.wp.com\/www.akehedman.se\/wordpress\/wp-content\/uploads\/2019\/12\/IMG_20191215_143656590-scaled.jpg?w=1740&amp;ssl=1 1740w\" sizes=\"auto, (max-width: 580px) 100vw, 580px\" \/><\/figure>\n","protected":false},"excerpt":{"rendered":"<p>&#8220;Det blir nog sn\u00f6 till jul&#8221; s\u00e4ger dom. Meteorologerna. De som prognostiserar. Vi som bor i Sverige (v\u00e4sterut och norrut) skakar lite l\u00e4tt p\u00e5 v\u00e5a huvuden. Vi \u00e4r van att f\u00e5 h\u00f6ra Amerikarapporteing i yviga gester och &#8220;J\u00c4TTE&#8221;, &#8220;SMOCKA&#8221; och &#8220;V\u00c4RST&#8221; som bara ber\u00f6r M\u00e4lardalen. Jo, det blit en vit jul i \u00e5r ocks\u00e5. Tamefan! [&hellip;]<\/p>\n","protected":false},"author":24,"featured_media":0,"comment_status":"open","ping_status":"open","sticky":false,"template":"","format":"standard","meta":{"_crdt_document":"","jetpack_post_was_ever_published":false,"_jetpack_newsletter_access":"","_jetpack_dont_email_post_to_subs":false,"_jetpack_newsletter_tier_id":0,"_jetpack_memberships_contains_paywalled_content":false,"_jetpack_memberships_contains_paid_content":false,"footnotes":"","jetpack_publicize_message":"","jetpack_publicize_feature_enabled":true,"jetpack_social_post_already_shared":true,"jetpack_social_options":{"image_generator_settings":{"template":"highway","default_image_id":0,"font":"","enabled":false},"version":2}},"categories":[2],"tags":[],"class_list":["post-33819","post","type-post","status-publish","format-standard","hentry","category-swedish"],"jetpack_publicize_connections":[],"jetpack_featured_media_url":"","jetpack_sharing_enabled":true,"jetpack_likes_enabled":true,"jetpack-related-posts":[{"id":46591,"url":"https:\/\/www.akehedman.se\/wordpress\/?p=46591","url_meta":{"origin":33819,"position":0},"title":"Sn\u00f6 och utsatt","author":"\u00c5ke Hedman","date":"2023-11-29","format":false,"excerpt":"Photo by Pixabay on Pexels.com Jag inleder dagen med att skotta. Ja och skotta. OCH skotta. L\u00e4tt sn\u00f6 men vinden har gjort sitt och det har blivit mycket sn\u00f6. Men det g\u00e5r det d\u00e4r ocks\u00e5 s\u00e5klart. Kan vara lite njutningsfullt till och med. Om det inte \u00e4r n\u00e5gon br\u00e5dska. Ja\u2026","rel":"","context":"In &quot;Betraktelser &amp; Ber\u00e4ttelse&quot;","block_context":{"text":"Betraktelser &amp; Ber\u00e4ttelse","link":"https:\/\/www.akehedman.se\/wordpress\/?cat=24"},"img":{"alt_text":"brown wooden house covered with snow near pine trees","src":"https:\/\/i0.wp.com\/www.akehedman.se\/wordpress\/wp-content\/uploads\/2023\/11\/alm-friuli-snow-snowfall-45204.jpeg?resize=350%2C200&ssl=1","width":350,"height":200,"srcset":"https:\/\/i0.wp.com\/www.akehedman.se\/wordpress\/wp-content\/uploads\/2023\/11\/alm-friuli-snow-snowfall-45204.jpeg?resize=350%2C200&ssl=1 1x, https:\/\/i0.wp.com\/www.akehedman.se\/wordpress\/wp-content\/uploads\/2023\/11\/alm-friuli-snow-snowfall-45204.jpeg?resize=525%2C300&ssl=1 1.5x, https:\/\/i0.wp.com\/www.akehedman.se\/wordpress\/wp-content\/uploads\/2023\/11\/alm-friuli-snow-snowfall-45204.jpeg?resize=700%2C400&ssl=1 2x, https:\/\/i0.wp.com\/www.akehedman.se\/wordpress\/wp-content\/uploads\/2023\/11\/alm-friuli-snow-snowfall-45204.jpeg?resize=1050%2C600&ssl=1 3x, https:\/\/i0.wp.com\/www.akehedman.se\/wordpress\/wp-content\/uploads\/2023\/11\/alm-friuli-snow-snowfall-45204.jpeg?resize=1400%2C800&ssl=1 4x"},"classes":[]},{"id":43744,"url":"https:\/\/www.akehedman.se\/wordpress\/?p=43744","url_meta":{"origin":33819,"position":1},"title":"Jul h\u00e4r","author":"\u00c5ke Hedman","date":"2022-12-24","format":false,"excerpt":"Ledsen f\u00f6r att en gammal draft verkar sp\u00f6ka h\u00e4r p\u00e5 bloggen. Tv\u00e5 g\u00e5nger till och med. Men det \u00e4r v\u00e4l s\u00e5 med sp\u00f6ken De \u00e5terkommer. S\u00e5 kanske dyker den upp igen den rackaren. Jul h\u00e4r i huset. Utan \u00e4ldste sonen som ligger sjuk i Covid. Saknad. Synd. Men det blir\u2026","rel":"","context":"In &quot;Betraktelser &amp; Ber\u00e4ttelse&quot;","block_context":{"text":"Betraktelser &amp; Ber\u00e4ttelse","link":"https:\/\/www.akehedman.se\/wordpress\/?cat=24"},"img":{"alt_text":"","src":"https:\/\/i0.wp.com\/www.akehedman.se\/wordpress\/wp-content\/uploads\/2022\/12\/IMG_20221223_0934352-scaled.jpg?resize=350%2C200&ssl=1","width":350,"height":200,"srcset":"https:\/\/i0.wp.com\/www.akehedman.se\/wordpress\/wp-content\/uploads\/2022\/12\/IMG_20221223_0934352-scaled.jpg?resize=350%2C200&ssl=1 1x, https:\/\/i0.wp.com\/www.akehedman.se\/wordpress\/wp-content\/uploads\/2022\/12\/IMG_20221223_0934352-scaled.jpg?resize=525%2C300&ssl=1 1.5x, https:\/\/i0.wp.com\/www.akehedman.se\/wordpress\/wp-content\/uploads\/2022\/12\/IMG_20221223_0934352-scaled.jpg?resize=700%2C400&ssl=1 2x, https:\/\/i0.wp.com\/www.akehedman.se\/wordpress\/wp-content\/uploads\/2022\/12\/IMG_20221223_0934352-scaled.jpg?resize=1050%2C600&ssl=1 3x, https:\/\/i0.wp.com\/www.akehedman.se\/wordpress\/wp-content\/uploads\/2022\/12\/IMG_20221223_0934352-scaled.jpg?resize=1400%2C800&ssl=1 4x"},"classes":[]},{"id":11064,"url":"https:\/\/www.akehedman.se\/wordpress\/?p=11064","url_meta":{"origin":33819,"position":2},"title":"Lattekopp","author":"\u00c5ke Hedman","date":"2013-11-19","format":false,"excerpt":"Kaffe upph\u00e4llt i den st\u00f6rsta koppen jag hittade. En lattekopp s\u00e5klart s\u00e5 man h\u00e5ller p\u00e5 att br\u00e4nna av sig fingrarna innan man tar sig ner f\u00f6r alla trappstegen ner till kontoret. Varf\u00f6r \u00e4r det s\u00e5? V\u00e4l d\u00e4r s\u00e5 skall den v\u00e4l g\u00e5 att hantera. H\u00e4mta post f\u00f6rst bara. Den vanliga\u2026","rel":"","context":"In &quot;Betraktelser &amp; Ber\u00e4ttelse&quot;","block_context":{"text":"Betraktelser &amp; Ber\u00e4ttelse","link":"https:\/\/www.akehedman.se\/wordpress\/?cat=24"},"img":{"alt_text":"kockums-kanna-455252_th534x389_umb","src":"https:\/\/i0.wp.com\/www.eurosource.se\/akhe\/wordpress\/wp-content\/uploads\/2013\/11\/kockums-kanna-455252_th534x389_umb.jpg?resize=350%2C200","width":350,"height":200,"srcset":"https:\/\/i0.wp.com\/www.eurosource.se\/akhe\/wordpress\/wp-content\/uploads\/2013\/11\/kockums-kanna-455252_th534x389_umb.jpg?resize=350%2C200 1x, https:\/\/i0.wp.com\/www.eurosource.se\/akhe\/wordpress\/wp-content\/uploads\/2013\/11\/kockums-kanna-455252_th534x389_umb.jpg?resize=525%2C300 1.5x"},"classes":[]},{"id":11472,"url":"https:\/\/www.akehedman.se\/wordpress\/?p=11472","url_meta":{"origin":33819,"position":3},"title":"Jag gillar jul","author":"\u00c5ke Hedman","date":"2013-12-20","format":false,"excerpt":"De \u00e4r vackra domherrarna d\u00e4r de sitter i gammel-l\u00f6nnen. Sitter d\u00e4r och v\u00e4ntar p\u00e5 sin tur vid maten. Taloxarna \u00e4r aggressivare och skall ha f\u00f6rst. Solrosfr\u00f6n \u00e4r grejen f\u00f6r sm\u00e5f\u00e5glar, talgbollar ocks\u00e5 s\u00e5klart men ekorren ser dem som stora n\u00f6tter och plockar girigt med sig dem till n\u00e5got av sina\u2026","rel":"","context":"In &quot;Betraktelser &amp; Ber\u00e4ttelse&quot;","block_context":{"text":"Betraktelser &amp; Ber\u00e4ttelse","link":"https:\/\/www.akehedman.se\/wordpress\/?cat=24"},"img":{"alt_text":"images (1)","src":"https:\/\/i0.wp.com\/www.eurosource.se\/akhe\/wordpress\/wp-content\/uploads\/2013\/12\/images-1.jpg?resize=350%2C200","width":350,"height":200},"classes":[]},{"id":37172,"url":"https:\/\/www.akehedman.se\/wordpress\/?p=37172","url_meta":{"origin":33819,"position":4},"title":"Potatis","author":"\u00c5ke Hedman","date":"2020-12-16","format":false,"excerpt":"Photo by Naveen Annam on Pexels.com De d\u00e4r sexton timmars arbetsdagarna \u00e4r ju s\u00e5klart inte som att k\u00f6ra buss. Riktigt arbete. Jag vill inte h\u00e4vda det. Jag blir ibland lite tr\u00f6tt och sliten i alla fall fast jag \"bara sitter hemma\". Just nu finns en l\u00e4ngtan efter n\u00e5gra sl\u00f6a juldagar.\u2026","rel":"","context":"In &quot;Betraktelser &amp; Ber\u00e4ttelse&quot;","block_context":{"text":"Betraktelser &amp; Ber\u00e4ttelse","link":"https:\/\/www.akehedman.se\/wordpress\/?cat=24"},"img":{"alt_text":"silhouette photo of person standing in neon lit hallway","src":"https:\/\/i0.wp.com\/www.akehedman.se\/wordpress\/wp-content\/uploads\/2020\/12\/pexels-photo-1722072.jpeg?resize=350%2C200&ssl=1","width":350,"height":200,"srcset":"https:\/\/i0.wp.com\/www.akehedman.se\/wordpress\/wp-content\/uploads\/2020\/12\/pexels-photo-1722072.jpeg?resize=350%2C200&ssl=1 1x, https:\/\/i0.wp.com\/www.akehedman.se\/wordpress\/wp-content\/uploads\/2020\/12\/pexels-photo-1722072.jpeg?resize=525%2C300&ssl=1 1.5x, https:\/\/i0.wp.com\/www.akehedman.se\/wordpress\/wp-content\/uploads\/2020\/12\/pexels-photo-1722072.jpeg?resize=700%2C400&ssl=1 2x"},"classes":[]},{"id":26432,"url":"https:\/\/www.akehedman.se\/wordpress\/?p=26432","url_meta":{"origin":33819,"position":5},"title":"S\u00e5 som det \u00e4r.","author":"\u00c5ke Hedman","date":"2017-12-25","format":false,"excerpt":"Jul och man blir bortsk\u00e4md med whisky, grodor, mat , b\u00f6cker, s\u00f6mn, filmer och man tuckas in i allt det h\u00e4r som om man ligger p\u00e5 en sommarvarm h\u00f6skulle full med nyslaget h\u00f6. D\u00f6rren, den blir inte uppl\u00e5st f\u00f6rr\u00e4n fram\u00e5t eftermiddagen, det g\u00f6r ju s\u00e5klart ingenting, hit kommer \u00e4nd\u00e5 aldrig\u2026","rel":"","context":"In &quot;Betraktelser &amp; Ber\u00e4ttelse&quot;","block_context":{"text":"Betraktelser &amp; Ber\u00e4ttelse","link":"https:\/\/www.akehedman.se\/wordpress\/?cat=24"},"img":{"alt_text":"","src":"https:\/\/i0.wp.com\/www.akehedman.se\/wordpress\/wp-content\/uploads\/2017\/02\/vinterdimma.jpg?resize=350%2C200","width":350,"height":200},"classes":[]}],"jetpack_shortlink":"https:\/\/wp.me\/p68PL2-8Nt","_links":{"self":[{"href":"https:\/\/www.akehedman.se\/wordpress\/index.php?rest_route=\/wp\/v2\/posts\/33819","targetHints":{"allow":["GET"]}}],"collection":[{"href":"https:\/\/www.akehedman.se\/wordpress\/index.php?rest_route=\/wp\/v2\/posts"}],"about":[{"href":"https:\/\/www.akehedman.se\/wordpress\/index.php?rest_route=\/wp\/v2\/types\/post"}],"author":[{"embeddable":true,"href":"https:\/\/www.akehedman.se\/wordpress\/index.php?rest_route=\/wp\/v2\/users\/24"}],"replies":[{"embeddable":true,"href":"https:\/\/www.akehedman.se\/wordpress\/index.php?rest_route=%2Fwp%2Fv2%2Fcomments&post=33819"}],"version-history":[{"count":1,"href":"https:\/\/www.akehedman.se\/wordpress\/index.php?rest_route=\/wp\/v2\/posts\/33819\/revisions"}],"predecessor-version":[{"id":33823,"href":"https:\/\/www.akehedman.se\/wordpress\/index.php?rest_route=\/wp\/v2\/posts\/33819\/revisions\/33823"}],"wp:attachment":[{"href":"https:\/\/www.akehedman.se\/wordpress\/index.php?rest_route=%2Fwp%2Fv2%2Fmedia&parent=33819"}],"wp:term":[{"taxonomy":"category","embeddable":true,"href":"https:\/\/www.akehedman.se\/wordpress\/index.php?rest_route=%2Fwp%2Fv2%2Fcategories&post=33819"},{"taxonomy":"post_tag","embeddable":true,"href":"https:\/\/www.akehedman.se\/wordpress\/index.php?rest_route=%2Fwp%2Fv2%2Ftags&post=33819"}],"curies":[{"name":"wp","href":"https:\/\/api.w.org\/{rel}","templated":true}]}}