{"id":33816,"date":"2019-12-14T18:33:25","date_gmt":"2019-12-14T17:33:25","guid":{"rendered":"https:\/\/www.akehedman.se\/wordpress\/?p=33816"},"modified":"2019-12-14T18:33:25","modified_gmt":"2019-12-14T17:33:25","slug":"trivialiteter","status":"publish","type":"post","link":"https:\/\/www.akehedman.se\/wordpress\/?p=33816","title":{"rendered":"Trivialiteter"},"content":{"rendered":"\n<p class=\"wp-block-paragraph\"><\/p>\n\n\n\n<figure class=\"wp-block-image size-large\"><img loading=\"lazy\" decoding=\"async\" width=\"1280\" height=\"720\" src=\"https:\/\/i0.wp.com\/www.akehedman.se\/wordpress\/wp-content\/uploads\/2019\/12\/IMG_20191112_113145538.jpg?fit=584%2C329&amp;ssl=1\" alt=\"\" class=\"wp-image-33817\" srcset=\"https:\/\/i0.wp.com\/www.akehedman.se\/wordpress\/wp-content\/uploads\/2019\/12\/IMG_20191112_113145538.jpg?w=1280&amp;ssl=1 1280w, https:\/\/i0.wp.com\/www.akehedman.se\/wordpress\/wp-content\/uploads\/2019\/12\/IMG_20191112_113145538.jpg?resize=300%2C169&amp;ssl=1 300w, https:\/\/i0.wp.com\/www.akehedman.se\/wordpress\/wp-content\/uploads\/2019\/12\/IMG_20191112_113145538.jpg?resize=1024%2C576&amp;ssl=1 1024w, https:\/\/i0.wp.com\/www.akehedman.se\/wordpress\/wp-content\/uploads\/2019\/12\/IMG_20191112_113145538.jpg?resize=768%2C432&amp;ssl=1 768w, https:\/\/i0.wp.com\/www.akehedman.se\/wordpress\/wp-content\/uploads\/2019\/12\/IMG_20191112_113145538.jpg?resize=500%2C281&amp;ssl=1 500w, https:\/\/i0.wp.com\/www.akehedman.se\/wordpress\/wp-content\/uploads\/2019\/12\/IMG_20191112_113145538.jpg?w=1160&amp;ssl=1 1160w\" sizes=\"auto, (max-width: 580px) 100vw, 580px\" \/><\/figure>\n\n\n\n<p class=\"wp-block-paragraph\">Nytt \u00e5r snart. Jag t\u00e4nkte ta tag i \u00f6vervikten det h\u00e4r \u00e5ret men av naturliga sk\u00e4l blev det inte s\u00e5. Det f\u00e5r ist\u00e4llet bli n\u00e4sta \u00e5rs l\u00f6fte. Att g\u00e5 ner n\u00e5gra kilo. B\u00f6rja r\u00f6ra p\u00e5 sig lite mer. Det \u00e4r sannerligen dags att verkst\u00e4lla det d\u00e4r l\u00f6ftet. Om man skall leva vidare n\u00e5gra \u00e5r till. Det k\u00e4nns som jag vill det. Att jag har saker kvar att g\u00f6ra. Konstigt egentligen. Man borde vara klar f\u00f6r l\u00e4nge sedan med att leva. Egentligen. \u00c4r inte redan det h\u00e4r \u00f6vertid egentligen?<\/p>\n\n\n\n<p class=\"wp-block-paragraph\">Annars \u00e4r det helg h\u00e4r i huset. Vilar mest. Fast planen vara att \u00e5stadkomma lite annat. Men det \u00e4r s\u00e5d\u00e4r. S\u00f6mnskulder fr\u00e5n l\u00e5tsasarbetsdagar betalas p\u00e5 helgen. Jag l\u00e4ser en stund d\u00e4r i soffan efter frukost, sen somnar jag g\u00e4rna. Sover n\u00e5gra timmar. H\u00e5rt. Snarkande. Ord\u00f6mmande.<\/p>\n\n\n\n<p class=\"wp-block-paragraph\">Livet \u00e4r s\u00e5 trivialt. Men sj\u00e4lv tror jag att jag vill ha det s\u00e5. Att det duger. Att det inte beh\u00f6ver vara s\u00e5 m\u00e4rkv\u00e4rdigt. Att man redan nu har mer \u00e4n man saknar. Att man kan uppskatta det normala.<\/p>\n\n\n\n<p class=\"wp-block-paragraph\">Men jag vet s\u00e5klart  att det hj\u00e4lper en att f\u00f6rst\u00e5 ljuset v\u00e4rde om man f\u00f6rst sett m\u00f6rkret. Man m\u00e5ste nog till och med ha en p\u00e5minnelse d\u00e5 och d\u00e5 om att det finns d\u00e4r. Annars kan man liksom aldrig ta till sig det ljus som erbjuds.  Men f\u00f6rn\u00f6jsamhetens sinne \u00e4r den finaste g\u00e5van en m\u00e4nniska kan f\u00e5. Den har s\u00e5klart ett pris som skall betalas den med, precis som djursholmsvillan har det. Inget kommer till en utan att man m\u00e5ste ge n\u00e5got tillbaks.<\/p>\n\n\n\n<p class=\"wp-block-paragraph\">Den b\u00e4sta komplimang jag n\u00e5gonsin f\u00e5tt n\u00e4r det g\u00e4ller mitt skrivande fick jag fr\u00e5n en v\u00e4n fr\u00e5n f\u00f6rr. Han hade sparat en av mina texter och sen l\u00e4sta han den tillsammans med sin familj d\u00e4r p\u00e5 julafton. Kanske \u00e4r det just den k\u00e4nslan man f\u00e5r n\u00e4r trettiotusen i en arena sjunger med i en l\u00e5t man gjort. N\u00e4r man f\u00f6rst\u00e5r att n\u00e5got man gjort verkligen betyder n\u00e5got f\u00f6r n\u00e5gon annan. Jag blev r\u00f6rd n\u00e4r jag fick h\u00f6ra det d\u00e4r. Verkligen r\u00f6rd. Ja och glad. <\/p>\n\n\n\n<p class=\"wp-block-paragraph\">Fast det positiva s\u00e4tter sig inte p\u00e5 en lika h\u00e5rt som det negativa. Eller snarare var det s\u00e5 f\u00f6rr. En negativ kommentar v\u00e4gde som lastbilslass i j\u00e4mf\u00f6relse med alla positiva kommentarer som liksom vindpustar n\u00e4stan osynliga drog f\u00f6rbi en. Men kan ske har jag v\u00e4xt d\u00e4r. Ingetdera betyder s\u00e5 mycket l\u00e4ngre. Jag g\u00e5r \u00e5t mitt h\u00e5ll vad \u00e4n som s\u00e4gs eller tycks. Fast det har jag s\u00e5klart alltid gjort. Men l\u00e4ttare nu. Som blind och d\u00f6v f\u00f6r allt tyckande. <\/p>\n\n\n\n<p class=\"wp-block-paragraph\">Fast kanske har det varit fegt att fly ut i skogen s\u00e5h\u00e4r som vi gjort. Att inte v\u00e5ga st\u00e5ngas med de andra tjurarna. Fast jag tror \u00e4nd\u00e5 att det h\u00e4r har varit min v\u00e4g. R\u00e4tt v\u00e4g. <\/p>\n\n\n\n<p class=\"wp-block-paragraph\">Det finns allts\u00e5 en frihet i det h\u00e4r att \u00e5ldras.<\/p>\n\n\n\n<p class=\"wp-block-paragraph\">Annars l\u00e4ngtar jag efter sommar. Men november och december har rasat f\u00f6rbi i \u00e5r p\u00e5 samma s\u00e4tt som f\u00f6rra \u00e5ret d\u00e5 de verkligen f\u00f6rsvann i rekordfart. Hopp finns att ocks\u00e5 januari och februari kan rinna f\u00f6rbi p\u00e5 samma s\u00e4tt. Hur som helst \u00e4r det h\u00e4r bra m\u00e5nader n\u00e4r det g\u00e4ller l\u00e5tsasjobb. Mycket h\u00e4nder h\u00e4r under den h\u00e4r tiden. Visst, allt jag g\u00f6r g\u00e5r tillsynes sp\u00e5rl\u00f6st f\u00f6rbi f\u00f6r resten av v\u00e4rlden. Tills, d\u00e5 ibland, d\u00e5 man f\u00e5r h\u00f6ra vad det man g\u00f6r betyder n\u00e5got f\u00f6r n\u00e5gon. OK, Sm\u00e5 saker. Som egentligen \u00e4r stora saker. Viktiga att ta till sig f\u00f6r att inse att man faktiskt, \u00e4ndock, ocks\u00e5 \u00e4r en liten kugge i det stora maskineriet d\u00e4r varje liten skitkugge ocks\u00e5 har en viktig uppgift.<\/p>\n\n\n\n<p class=\"wp-block-paragraph\">Men nu skall jag g\u00e5 upp. Jag har bara varit ner och h\u00e4mtat ved och h\u00e4ngt upp julkulor och girlanger ute p\u00e5 bron. De enda av uppgifterna som blir verkst\u00e4llda idag. Jo lite sn\u00f6skottning och pelletsfyllande ocks\u00e5 s\u00e5klart. S\u00e5dant som inte r\u00e4knas. S\u00e5 nu blir det snart lite mat, brasa och n\u00e5gon film. Inget d\u00e5ligt liv. Vad vore livet utan de d\u00e4r bj\u00f6rkvedsbrasorna i \u00f6ppna spisen? Visst, det \u00e4r knappas ekonomiskt att elda i en \u00f6ppen spis. Men sj\u00e4lsligt s\u00e4tt betalar den d\u00e4r eldens sprakade tillbaks varenda krona i runsv\u00e4rme som den forslar ut genom skorstenen.  Jag lovar. Man m\u00e5ste leva livet med b\u00e5da hj\u00e4rnhalvorna p\u00e5kopplade. <\/p>\n\n\n\n<p class=\"wp-block-paragraph\">Jag hoppas att ni andra, allts\u00e5 du som just nu l\u00e4ser det h\u00e4r, f\u00e5r en riktigt fin l\u00f6rdagskv\u00e4ll. N\u00e5gra av er vet jag ju vilka ni \u00e4r och ni f\u00e5r en positiv tanke h\u00e4r och nu, men ni som \u00e4r ok\u00e4nda f\u00f6r mig, allts\u00e5 de flesta, ha nu en riktigt sk\u00f6n l\u00f6rdagskv\u00e4ll. Njut av att vara en av de som f\u00e5tt ett liv att leva. <\/p>\n","protected":false},"excerpt":{"rendered":"<p>Nytt \u00e5r snart. Jag t\u00e4nkte ta tag i \u00f6vervikten det h\u00e4r \u00e5ret men av naturliga sk\u00e4l blev det inte s\u00e5. Det f\u00e5r ist\u00e4llet bli n\u00e4sta \u00e5rs l\u00f6fte. Att g\u00e5 ner n\u00e5gra kilo. B\u00f6rja r\u00f6ra p\u00e5 sig lite mer. Det \u00e4r sannerligen dags att verkst\u00e4lla det d\u00e4r l\u00f6ftet. Om man skall leva vidare n\u00e5gra \u00e5r till. [&hellip;]<\/p>\n","protected":false},"author":24,"featured_media":0,"comment_status":"open","ping_status":"open","sticky":false,"template":"","format":"standard","meta":{"_crdt_document":"","jetpack_post_was_ever_published":false,"_jetpack_newsletter_access":"","_jetpack_dont_email_post_to_subs":false,"_jetpack_newsletter_tier_id":0,"_jetpack_memberships_contains_paywalled_content":false,"_jetpack_memberships_contains_paid_content":false,"footnotes":"","jetpack_publicize_message":"","jetpack_publicize_feature_enabled":true,"jetpack_social_post_already_shared":true,"jetpack_social_options":{"image_generator_settings":{"template":"highway","default_image_id":0,"font":"","enabled":false},"version":2}},"categories":[24],"tags":[],"class_list":["post-33816","post","type-post","status-publish","format-standard","hentry","category-betraktelser"],"jetpack_publicize_connections":[],"jetpack_featured_media_url":"","jetpack_sharing_enabled":true,"jetpack_likes_enabled":true,"jetpack-related-posts":[{"id":46296,"url":"https:\/\/www.akehedman.se\/wordpress\/?p=46296","url_meta":{"origin":33816,"position":0},"title":"Allt har sin tid.","author":"\u00c5ke Hedman","date":"2023-10-22","format":false,"excerpt":"Photo by Anna Tarazevich on Pexels.com S\u00f6ndagen. Kontoret. Lillkatten och jag. Det \u00e4r OK. Men det har blivit v\u00e4ldigt lite kvar till kontorsjobb idag. Sova & vintra & planera har tagit det mesta av tiden. Men OK s\u00e5klart. Allt har sin tid. V\u00e4rme och syn. Ljuspunkterna i tillvaron just nu.\u2026","rel":"","context":"In &quot;Betraktelser &amp; Ber\u00e4ttelse&quot;","block_context":{"text":"Betraktelser &amp; Ber\u00e4ttelse","link":"https:\/\/www.akehedman.se\/wordpress\/?cat=24"},"img":{"alt_text":"","src":"https:\/\/i0.wp.com\/www.akehedman.se\/wordpress\/wp-content\/uploads\/2023\/10\/Screenshot-from-2023-10-22-22-44-12.png?resize=350%2C200&ssl=1","width":350,"height":200,"srcset":"https:\/\/i0.wp.com\/www.akehedman.se\/wordpress\/wp-content\/uploads\/2023\/10\/Screenshot-from-2023-10-22-22-44-12.png?resize=350%2C200&ssl=1 1x, https:\/\/i0.wp.com\/www.akehedman.se\/wordpress\/wp-content\/uploads\/2023\/10\/Screenshot-from-2023-10-22-22-44-12.png?resize=525%2C300&ssl=1 1.5x"},"classes":[]},{"id":34751,"url":"https:\/\/www.akehedman.se\/wordpress\/?p=34751","url_meta":{"origin":33816,"position":1},"title":"Fredag","author":"\u00c5ke Hedman","date":"2020-03-26","format":false,"excerpt":"Det \u00e4r fredag idag. S\u00e5 s\u00e4ger i alla fall min hj\u00e4rna. Ja den sa att det var torsdag ig\u00e5r ocks\u00e5. M\u00f6jligen vet den n\u00e5got som jag inte vet. Det \u00e4r n\u00e4mligen r\u00e4tt ofta s\u00e5. H\u00e4r hostas det fortfarande f\u00f6r full stryka. Men formen \u00e4r \u00e4nd\u00e5 skaplig. Allts\u00e5 inget att klaga\u2026","rel":"","context":"In &quot;Swedish&quot;","block_context":{"text":"Swedish","link":"https:\/\/www.akehedman.se\/wordpress\/?cat=2"},"img":{"alt_text":"","src":"https:\/\/i0.wp.com\/www.akehedman.se\/wordpress\/wp-content\/uploads\/2020\/03\/IMG_20200326_114104648.jpg?resize=350%2C200&ssl=1","width":350,"height":200,"srcset":"https:\/\/i0.wp.com\/www.akehedman.se\/wordpress\/wp-content\/uploads\/2020\/03\/IMG_20200326_114104648.jpg?resize=350%2C200&ssl=1 1x, https:\/\/i0.wp.com\/www.akehedman.se\/wordpress\/wp-content\/uploads\/2020\/03\/IMG_20200326_114104648.jpg?resize=525%2C300&ssl=1 1.5x, https:\/\/i0.wp.com\/www.akehedman.se\/wordpress\/wp-content\/uploads\/2020\/03\/IMG_20200326_114104648.jpg?resize=700%2C400&ssl=1 2x"},"classes":[]},{"id":48865,"url":"https:\/\/www.akehedman.se\/wordpress\/?p=48865","url_meta":{"origin":33816,"position":2},"title":"Dan efter sn\u00f6fall","author":"\u00c5ke Hedman","date":"2024-12-22","format":false,"excerpt":"\u00c4nda sedan vi flyttade upp hit s\u00e5 har jag \u00e4lskat de h\u00e4r dagarna efter sn\u00f6fallen. Numera tar den sn\u00e4lle mannen i den gula stora traktorn tar det mesta under tidigare morgontimmar. Men det finns kvar f\u00f6r en timmes skottande d\u00e4r ute f\u00f6r mig ocks\u00e5. Den d\u00e4r k\u00e4nslan avtar iof fram\u00e5t\u2026","rel":"","context":"In &quot;Betraktelser &amp; Ber\u00e4ttelse&quot;","block_context":{"text":"Betraktelser &amp; Ber\u00e4ttelse","link":"https:\/\/www.akehedman.se\/wordpress\/?cat=24"},"img":{"alt_text":"","src":"https:\/\/i0.wp.com\/www.akehedman.se\/wordpress\/wp-content\/uploads\/2024\/12\/IMG_20241222_154358-scaled.jpg?resize=350%2C200&ssl=1","width":350,"height":200,"srcset":"https:\/\/i0.wp.com\/www.akehedman.se\/wordpress\/wp-content\/uploads\/2024\/12\/IMG_20241222_154358-scaled.jpg?resize=350%2C200&ssl=1 1x, https:\/\/i0.wp.com\/www.akehedman.se\/wordpress\/wp-content\/uploads\/2024\/12\/IMG_20241222_154358-scaled.jpg?resize=525%2C300&ssl=1 1.5x, https:\/\/i0.wp.com\/www.akehedman.se\/wordpress\/wp-content\/uploads\/2024\/12\/IMG_20241222_154358-scaled.jpg?resize=700%2C400&ssl=1 2x, https:\/\/i0.wp.com\/www.akehedman.se\/wordpress\/wp-content\/uploads\/2024\/12\/IMG_20241222_154358-scaled.jpg?resize=1050%2C600&ssl=1 3x, https:\/\/i0.wp.com\/www.akehedman.se\/wordpress\/wp-content\/uploads\/2024\/12\/IMG_20241222_154358-scaled.jpg?resize=1400%2C800&ssl=1 4x"},"classes":[]},{"id":42345,"url":"https:\/\/www.akehedman.se\/wordpress\/?p=42345","url_meta":{"origin":33816,"position":3},"title":"En vandrare","author":"\u00c5ke Hedman","date":"2022-07-27","format":false,"excerpt":"Jag vandrar runt p\u00e5 \"min\" kulle. Det \u00e4r \u00e4nd\u00e5 r\u00e4tt behagligt i solen trotts sexton grader. \"min\" \u00e4r s\u00e5klart bara ett s\u00e4tt att se p\u00e5 det. Andra kallar kullen \"sin\" dom ocks\u00e5. Ja och ingen av oss kan v\u00e4l \u00e4ga kullen annat \u00e4n som i en text p\u00e5 ett papper.\u2026","rel":"","context":"In &quot;Swedish&quot;","block_context":{"text":"Swedish","link":"https:\/\/www.akehedman.se\/wordpress\/?cat=2"},"img":{"alt_text":"","src":"https:\/\/i0.wp.com\/www.akehedman.se\/wordpress\/wp-content\/uploads\/2022\/07\/IMG_20220717_175108-scaled.jpg?resize=350%2C200&ssl=1","width":350,"height":200,"srcset":"https:\/\/i0.wp.com\/www.akehedman.se\/wordpress\/wp-content\/uploads\/2022\/07\/IMG_20220717_175108-scaled.jpg?resize=350%2C200&ssl=1 1x, https:\/\/i0.wp.com\/www.akehedman.se\/wordpress\/wp-content\/uploads\/2022\/07\/IMG_20220717_175108-scaled.jpg?resize=525%2C300&ssl=1 1.5x, https:\/\/i0.wp.com\/www.akehedman.se\/wordpress\/wp-content\/uploads\/2022\/07\/IMG_20220717_175108-scaled.jpg?resize=700%2C400&ssl=1 2x, https:\/\/i0.wp.com\/www.akehedman.se\/wordpress\/wp-content\/uploads\/2022\/07\/IMG_20220717_175108-scaled.jpg?resize=1050%2C600&ssl=1 3x, https:\/\/i0.wp.com\/www.akehedman.se\/wordpress\/wp-content\/uploads\/2022\/07\/IMG_20220717_175108-scaled.jpg?resize=1400%2C800&ssl=1 4x"},"classes":[]},{"id":23273,"url":"https:\/\/www.akehedman.se\/wordpress\/?p=23273","url_meta":{"origin":33816,"position":4},"title":"Sprickor","author":"\u00c5ke Hedman","date":"2017-02-08","format":false,"excerpt":"Jod\u00e5 jag sitter h\u00e4r. Knappar l\u00e5ngsamt. Inte snabbt som annars. Tecken f\u00f6r tecken med tvekan just nu. Inte ovanligt efter att n\u00e5got \u00e4r \"klart\". Jag \u00e4r en slow starter.\u00a0 Var bilen lika sv\u00e5rstartad som jag \u00e4r s\u00e5 skulle man alltid komma fram en halv dag senare \u00e4n man t\u00e4nkt. \u00c5\u2026","rel":"","context":"In &quot;Betraktelser &amp; Ber\u00e4ttelse&quot;","block_context":{"text":"Betraktelser &amp; Ber\u00e4ttelse","link":"https:\/\/www.akehedman.se\/wordpress\/?cat=24"},"img":{"alt_text":"","src":"https:\/\/i0.wp.com\/www.akehedman.se\/wordpress\/wp-content\/uploads\/2017\/02\/sprickor-p-torr-jord-53579842.jpg?resize=350%2C200","width":350,"height":200},"classes":[]},{"id":42133,"url":"https:\/\/www.akehedman.se\/wordpress\/?p=42133","url_meta":{"origin":33816,"position":5},"title":"Sm\u00e5tt","author":"\u00c5ke Hedman","date":"2022-06-22","format":false,"excerpt":"Sm\u00e5plockar st\u00f6rre delen av dagen idag ocks\u00e5. G\u00e5r igenom och lagar lite kablar medans jag h\u00e5ller p\u00e5. F\u00e5r bort en massa s\u00e5dant d\u00e4r som ligger d\u00e4r och ruttnar f\u00f6r att man inte hinner med det. Sk\u00f6nt. Men tar mig tid ocks\u00e5 till att s\u00e4tta upp lite av grejerna i studion.\u2026","rel":"","context":"In &quot;Betraktelser &amp; Ber\u00e4ttelse&quot;","block_context":{"text":"Betraktelser &amp; Ber\u00e4ttelse","link":"https:\/\/www.akehedman.se\/wordpress\/?cat=24"},"img":{"alt_text":"","src":"https:\/\/i0.wp.com\/www.akehedman.se\/wordpress\/wp-content\/uploads\/2022\/06\/IMG_20220622_202538-scaled.jpg?resize=350%2C200&ssl=1","width":350,"height":200,"srcset":"https:\/\/i0.wp.com\/www.akehedman.se\/wordpress\/wp-content\/uploads\/2022\/06\/IMG_20220622_202538-scaled.jpg?resize=350%2C200&ssl=1 1x, https:\/\/i0.wp.com\/www.akehedman.se\/wordpress\/wp-content\/uploads\/2022\/06\/IMG_20220622_202538-scaled.jpg?resize=525%2C300&ssl=1 1.5x, https:\/\/i0.wp.com\/www.akehedman.se\/wordpress\/wp-content\/uploads\/2022\/06\/IMG_20220622_202538-scaled.jpg?resize=700%2C400&ssl=1 2x, https:\/\/i0.wp.com\/www.akehedman.se\/wordpress\/wp-content\/uploads\/2022\/06\/IMG_20220622_202538-scaled.jpg?resize=1050%2C600&ssl=1 3x, https:\/\/i0.wp.com\/www.akehedman.se\/wordpress\/wp-content\/uploads\/2022\/06\/IMG_20220622_202538-scaled.jpg?resize=1400%2C800&ssl=1 4x"},"classes":[]}],"jetpack_shortlink":"https:\/\/wp.me\/p68PL2-8Nq","_links":{"self":[{"href":"https:\/\/www.akehedman.se\/wordpress\/index.php?rest_route=\/wp\/v2\/posts\/33816","targetHints":{"allow":["GET"]}}],"collection":[{"href":"https:\/\/www.akehedman.se\/wordpress\/index.php?rest_route=\/wp\/v2\/posts"}],"about":[{"href":"https:\/\/www.akehedman.se\/wordpress\/index.php?rest_route=\/wp\/v2\/types\/post"}],"author":[{"embeddable":true,"href":"https:\/\/www.akehedman.se\/wordpress\/index.php?rest_route=\/wp\/v2\/users\/24"}],"replies":[{"embeddable":true,"href":"https:\/\/www.akehedman.se\/wordpress\/index.php?rest_route=%2Fwp%2Fv2%2Fcomments&post=33816"}],"version-history":[{"count":1,"href":"https:\/\/www.akehedman.se\/wordpress\/index.php?rest_route=\/wp\/v2\/posts\/33816\/revisions"}],"predecessor-version":[{"id":33818,"href":"https:\/\/www.akehedman.se\/wordpress\/index.php?rest_route=\/wp\/v2\/posts\/33816\/revisions\/33818"}],"wp:attachment":[{"href":"https:\/\/www.akehedman.se\/wordpress\/index.php?rest_route=%2Fwp%2Fv2%2Fmedia&parent=33816"}],"wp:term":[{"taxonomy":"category","embeddable":true,"href":"https:\/\/www.akehedman.se\/wordpress\/index.php?rest_route=%2Fwp%2Fv2%2Fcategories&post=33816"},{"taxonomy":"post_tag","embeddable":true,"href":"https:\/\/www.akehedman.se\/wordpress\/index.php?rest_route=%2Fwp%2Fv2%2Ftags&post=33816"}],"curies":[{"name":"wp","href":"https:\/\/api.w.org\/{rel}","templated":true}]}}