{"id":33774,"date":"2019-12-10T18:12:51","date_gmt":"2019-12-10T17:12:51","guid":{"rendered":"https:\/\/www.akehedman.se\/wordpress\/?p=33774"},"modified":"2019-12-10T18:12:51","modified_gmt":"2019-12-10T17:12:51","slug":"tidigt","status":"publish","type":"post","link":"https:\/\/www.akehedman.se\/wordpress\/?p=33774","title":{"rendered":"Tidigt"},"content":{"rendered":"\n<figure class=\"wp-block-image size-large\"><img data-recalc-dims=\"1\" loading=\"lazy\" decoding=\"async\" width=\"580\" height=\"774\" src=\"https:\/\/i0.wp.com\/www.akehedman.se\/wordpress\/wp-content\/uploads\/2019\/12\/IMG_20190121_081247951.png?resize=580%2C774&#038;ssl=1\" alt=\"\" class=\"wp-image-33775\" srcset=\"https:\/\/i0.wp.com\/www.akehedman.se\/wordpress\/wp-content\/uploads\/2019\/12\/IMG_20190121_081247951.png?w=767&amp;ssl=1 767w, https:\/\/i0.wp.com\/www.akehedman.se\/wordpress\/wp-content\/uploads\/2019\/12\/IMG_20190121_081247951.png?resize=225%2C300&amp;ssl=1 225w\" sizes=\"auto, (max-width: 580px) 100vw, 580px\" \/><\/figure>\n\n\n\n<p class=\"wp-block-paragraph\">6:26 bussen till Ljusdal. H\u00e4mtar bilen. T\u00f6mmer pl\u00e5nboken. St\u00e4ller in julen. N\u00e4stan. Men hemma igen till nio. I princip en full dag kvar.  Gl\u00e4ds \u00f6ver det och att ha en fungerande bil d\u00e4r ute igen. <\/p>\n\n\n\n<p class=\"wp-block-paragraph\">Fryser s\u00e5klart. Fast det \u00e4r n\u00e4stan l\u00f6jligt. F\u00f6r h\u00e4r inne finns det absolut ingen anledning att frysa. Men fryslort allts\u00e5. Kan inte hj\u00e4lpa det d\u00e4r. Lider. Men knappar p\u00e5. L\u00e5tsasjobb kan f\u00e5 mig att gl\u00f6mma att det \u00e4r vinter. Ja och gl\u00f6mma l\u00e4ngtan efter Vasaloppss\u00f6ndag d\u00e4r borta d\u00e5 det v\u00e4nder.<\/p>\n\n\n\n<p class=\"wp-block-paragraph\">Jull\u00e5t g\u00e5r det nog inte att \u00e5stadkomma n\u00e5gon i \u00e5r.  Det har annars blivit tradition. Att g\u00f6ra en s\u00e5dan och sl\u00e4ppa. Men Windowslicenser och skakiga diskar vill inte det d\u00e4r lika mycket som jag vill. En typisk det \u00e4r som det \u00e4r situation allts\u00e5. Man f\u00e5r sv\u00e4lja ner s\u00e5dant. St\u00e5 ut. \u00d6verleva. Se som &#8220;s\u00e4llart man f\u00e5r ta&#8221;. &#8220;F\u00f6r det kunde vara v\u00e4rre&#8221; h\u00f6r man n\u00e5gon satans j\u00e4vla skitst\u00f6vel i m\u00e4ngden viska i sitt \u00f6ra. <\/p>\n\n\n\n<p class=\"wp-block-paragraph\">Som tr\u00f6st finns burkar med julkakor i skafferiet. Japp, de \u00e4r t\u00e4nkta som julkakor men man kan nalla. F\u00f6rra \u00e5ret nallade jag slut p\u00e5 flera burkar. Det \u00e4r det v\u00e4rsta det. Man kan inte smita undan en tom burk. Jo, man kan f\u00f6rs\u00f6ka skylla p\u00e5 n\u00e5gon annan i sin n\u00e4rhet eller p\u00e5 katten eller r\u00e5ttor men h\u00e4r i huset vet ju alla \u00e4nd\u00e5 vem som \u00e4r den ende som plockar \u00e5t sig en n\u00e4ve kakor klockan tre p\u00e5 natten. Har man sen en tre ggr s\u00e5 stor prosta som genomsnittet s\u00e5 blir det s\u00e5klart fler \u00e4n den d\u00e4r tre turen under en natt.<\/p>\n\n\n\n<p class=\"wp-block-paragraph\">&#8220;<strong>Karakt\u00e4r<\/strong>!&#8221; Ryter jag \u00e5t mig sj\u00e4lv ibland. Hittills har jag inte h\u00f6rsammat det d\u00e4r rytandet. Inte alls faktiskt. Det blir v\u00e4rre. Beg\u00e4ret. Mumsandet. <\/p>\n\n\n\n<p class=\"wp-block-paragraph\">Mycket m\u00e5ne inatt. Jag st\u00e5r d\u00e4r l\u00e4nge och sk\u00e5dar upp mot skogen medans jag tuggar p\u00e5 mina stulna kakor. Men inte bl\u00e5ljus. Helt vitt \u00e4r ljuset fr\u00e5n m\u00e5nen i natt. Det lyser upp hela kulle som om det vore dag. Men det \u00e4r inte fullm\u00e5ne f\u00f6rr\u00e4n p\u00e5 torsdag s\u00e5 styrkan \u00f6kar f\u00f6rmodligen. Det finns allts\u00e5 anledning att g\u00e5 upp fler n\u00e4tter och st\u00e5 d\u00e4r och tugga och titta ut i ett f\u00f6rsk att se livs levande tomtar, vittror och l\u00e5ng-greta som g\u00e5r igen sen mer \u00e4n hundra \u00e5r i sin svarta tunna kl\u00e4nning h\u00e4r p\u00e5 kullen. <\/p>\n\n\n\n<p class=\"wp-block-paragraph\">K har klarat av sin f\u00f6rsta julfest. N\u00e4sta ger hon sig p\u00e5 imorgon. Bel\u00f6ningar f\u00f6r h\u00e5rt arbete. Vi som l\u00e5tsasarbetar f\u00e5r s\u00e5klart ingen s\u00e5dan uppmuntran.  Det d\u00e4r h\u00f6r till den riktiga v\u00e4rlden. L\u00e5tsasarbetare \u00e4r som andra sp\u00f6ken, h\u00f6r inte till p\u00e5 riktigt. Fr\u00e5gan \u00e4r till och med om den h\u00e4r gruppen (som man allts\u00e5 tillh\u00f6r) existerar alls. Men jag \u00e4r n\u00f6jd s\u00e5klart. Varf\u00f6r skulle jag inte vara det?<\/p>\n\n\n\n<p class=\"wp-block-paragraph\"><strong>Liksom<\/strong><\/p>\n\n\n\n<p class=\"wp-block-paragraph\">Alla VSCP Belgare f\u00f6rv\u00e5nar genom att vakna till p\u00e5 en g\u00e5ng. Gillar det. Men blir lite stressad. Har l\u00e4tt f\u00f6r det numera. Men kan inte annat \u00e4n att gilla stressen ocks\u00e5. Finns energi i den. Om man kan suga i sig den positiva delen och skilja ut den negativa delen ner i n\u00e4rmaste toastol. Inte s\u00e5 enkelt. K\u00e4nner att jag \u00e4r ovan vid det d\u00e4r nu. Men kommer nog dit igen. Sen.<\/p>\n\n\n\n<p class=\"wp-block-paragraph\">Tycker det \u00e4r sk\u00f6nt att bo h\u00e4r i Los. H\u00e4r finns ingen som vet vad jag g\u00f6r. Ingen. Ja och om det gjort det s\u00e5 skulle de inte ha brytt sig. Inte ens den person jag k\u00e4nner mest i Los skulle kunna tala om vad jag sysslar med.  Han tror kanske att han vet. Men jag \u00e4r helt s\u00e4ker p\u00e5 att han inte g\u00f6r det.  Det finns n\u00e5got sk\u00f6nt \u00f6ver det d\u00e4r. Man skulle t.ex. kunna vara seriem\u00f6rdare. Ingen hade brytt sig d\u00e5 heller. Sannolikt \u00e4r det s\u00e5.  Men det \u00e4r som vanligt, n\u00e5gon annan m\u00e5ste s\u00e4ga att &#8220;det d\u00e4r \u00e4r bra&#8221;, &#8220;den d\u00e4r \u00e4r bra&#8221;, d\u00e5 blir det annat ljud i sk\u00e4llan. Men en anonym tillvaro skall verkligen inte underskattas. Passar mig. L\u00e4ttare att leva med \u00e4n &#8220;glory and pride&#8221;.<\/p>\n\n\n\n<p class=\"wp-block-paragraph\">V\u00e5r gamle trummis <strong>follan<\/strong> fyller \u00e5r idag. Ja det har han ju f\u00f6ga f\u00f6rv\u00e5nande alltid gjort. I alla fall s\u00e5 l\u00e4nge han funnits. Ja s\u00e5 l\u00e4nge jag har funnits ocks\u00e5 allts\u00e5. Nobelfestligheterna har dock funnits l\u00e4ngre. Men sammanfaller allts\u00e5 alltid med hans f\u00f6delsedag.  Tveksamt om han \u00e4r bjuden. Men det \u00e4r definitivt kamrat Bj\u00f6rgvin. D\u00e4r \u00e5ker frack och l\u00e5ngkl\u00e4nning fram den h\u00e4r tiden varje \u00e5r. Han f\u00e5r festen utan att fylla \u00e5r allts\u00e5. S\u00e4kert v\u00e4lf\u00f6rtj\u00e4nt s\u00e5klart. Sj\u00e4lv \u00e4ger man ingen frack. Ens. Men hur m\u00e5nga har?<\/p>\n\n\n\n<p class=\"wp-block-paragraph\">N\u00e4r \u00e5ren g\u00e5r blir det mil mellan en sj\u00e4lv och kamrater som en g\u00e5ng stod en n\u00e4ra. \u00c5tminstone till dom flesta. Varje upplevelse man inte delar g\u00f6r att man v\u00e4xer \u00e5t olika h\u00e5ll. Det d\u00e4r g\u00e4ller i \u00e4ktenskap ocks\u00e5 s\u00e5klart. Blir skillnaderna f\u00f6r stora b\u00f6rjar det krackelera det d\u00e4r bygget man byggt upp tillsammans. Man kan laga och fylla i ett tag. Men blir det f\u00f6r stora skillnader i upplevelser s\u00e5 tippar alltsammans \u00f6ver med ett brak till slut. Ja och lika bra \u00e4r v\u00e4l det kanske, <\/p>\n\n\n\n<p class=\"wp-block-paragraph\">Sj\u00e4lv \u00e4r man ju som man alltid varit. Tror man. Inbillar man sig. Men s\u00e5 \u00e4r det naturligtvis inte. Man har bytt ut det mesta hos sig sj\u00e4lv p\u00e5 ett decennium. \u00d6msat \u00e5r och hj\u00e4rnceller. Blivit en annan. \u00c5tminstone i b\u00e4sta fall.<\/p>\n\n\n\n<p class=\"wp-block-paragraph\">Fast nu \u00e4r jag b\u00e5de tr\u00f6tt och frusen. Tror att jag m\u00e5ste \u00e4ta lite. Fast mat. Inga kakor. Inte just nu. Var tid har sin f\u00f6rlustelse. Det levs enkelt liv h\u00e4r allts\u00e5. Det kan man i alla fall tro om man aldrig provat mina skor ens under ett par meter. Fast varf\u00f6r skulle n\u00e5gon g\u00f6ra det? Alla har nog med sitt. I alla fall de som hittat n\u00e5got de kallar &#8220;jag&#8221; bland allt ludd. De flesta kommer aldrig ens dit p\u00e5 ett liv. <\/p>\n\n\n\n<p class=\"wp-block-paragraph\">Ajj\u00f6sssss s\u00e5 l\u00e4nge &#8211; sj\u00f6m\u00e4n.<\/p>\n","protected":false},"excerpt":{"rendered":"<p>6:26 bussen till Ljusdal. H\u00e4mtar bilen. T\u00f6mmer pl\u00e5nboken. St\u00e4ller in julen. N\u00e4stan. Men hemma igen till nio. I princip en full dag kvar. Gl\u00e4ds \u00f6ver det och att ha en fungerande bil d\u00e4r ute igen. Fryser s\u00e5klart. Fast det \u00e4r n\u00e4stan l\u00f6jligt. F\u00f6r h\u00e4r inne finns det absolut ingen anledning att frysa. Men fryslort allts\u00e5. [&hellip;]<\/p>\n","protected":false},"author":24,"featured_media":0,"comment_status":"open","ping_status":"open","sticky":false,"template":"","format":"standard","meta":{"_crdt_document":"","jetpack_post_was_ever_published":false,"_jetpack_newsletter_access":"","_jetpack_dont_email_post_to_subs":false,"_jetpack_newsletter_tier_id":0,"_jetpack_memberships_contains_paywalled_content":false,"_jetpack_memberships_contains_paid_content":false,"footnotes":"","jetpack_publicize_message":"","jetpack_publicize_feature_enabled":true,"jetpack_social_post_already_shared":true,"jetpack_social_options":{"image_generator_settings":{"template":"highway","default_image_id":0,"font":"","enabled":false},"version":2}},"categories":[24],"tags":[],"class_list":["post-33774","post","type-post","status-publish","format-standard","hentry","category-betraktelser"],"jetpack_publicize_connections":[],"jetpack_featured_media_url":"","jetpack_sharing_enabled":true,"jetpack_likes_enabled":true,"jetpack-related-posts":[{"id":28761,"url":"https:\/\/www.akehedman.se\/wordpress\/?p=28761","url_meta":{"origin":33774,"position":0},"title":"Bredbandsm\u00f6te","author":"\u00c5ke Hedman","date":"2018-05-31","format":false,"excerpt":"\u00a0 G\u00e5r p\u00e5 bredbandsm\u00f6te. Det \u00e4r p\u00e5 g\u00e5ng nu men skall bli ytterligare f\u00f6rsenat eftersom Elvivo ocks\u00e5 vill \"l\u00e4gga en kabel\". Ja och det \u00e4r ju bra om man samarbetar. Det m\u00e5ste man ju tycka. Gubbarna p\u00e5 LjusNet k\u00e4nner jag ju. \u00c5tminstone lite. Det kan liksom inte hj\u00e4lpas att det\u2026","rel":"","context":"In &quot;Betraktelser &amp; Ber\u00e4ttelse&quot;","block_context":{"text":"Betraktelser &amp; Ber\u00e4ttelse","link":"https:\/\/www.akehedman.se\/wordpress\/?cat=24"},"img":{"alt_text":"","src":"https:\/\/i0.wp.com\/www.akehedman.se\/wordpress\/wp-content\/uploads\/2018\/05\/Screenshot-from-2018-05-31-22-23-27.png?resize=350%2C200","width":350,"height":200},"classes":[]},{"id":11929,"url":"https:\/\/www.akehedman.se\/wordpress\/?p=11929","url_meta":{"origin":33774,"position":1},"title":"Det d\u00e4r leendet en vanlig m\u00e5ndagsmorgon","author":"\u00c5ke Hedman","date":"2014-02-04","format":false,"excerpt":"Dags att st\u00e4nga ner p\u00e5 kontoret fast \u00e4n det tar emot. Ljuset har brunnit ut och det g\u00f6r ont i \u00f6gonen. Det \u00e4r n\u00e4stan alltid \u00f6gonen som s\u00e4ger stopp. De orkar inte stirra p\u00e5 obetydligheter hur l\u00e4nge som helst. En millimeter n\u00e4rmare m\u00e5let och en hundralapp n\u00e4rmare miljarderna. Skit i\u2026","rel":"","context":"In &quot;Betraktelser &amp; Ber\u00e4ttelse&quot;","block_context":{"text":"Betraktelser &amp; Ber\u00e4ttelse","link":"https:\/\/www.akehedman.se\/wordpress\/?cat=24"},"img":{"alt_text":"","src":"","width":0,"height":0},"classes":[]},{"id":36817,"url":"https:\/\/www.akehedman.se\/wordpress\/?p=36817","url_meta":{"origin":33774,"position":2},"title":"Om en backe (och om livet)","author":"\u00c5ke Hedman","date":"2020-11-17","format":false,"excerpt":"Man kan l\u00e4ra sig mycket om livet av en backe. Ni vet den d\u00e4r branta. Den som man n\u00e4stan inte tar sig upp f\u00f6r utan att vila p\u00e5 mitten av den. Men den som man till slut besegrar om man forts\u00e4tter att springa eller g\u00e5 upp f\u00f6r den dag efter\u2026","rel":"","context":"In &quot;Betraktelser &amp; Ber\u00e4ttelse&quot;","block_context":{"text":"Betraktelser &amp; Ber\u00e4ttelse","link":"https:\/\/www.akehedman.se\/wordpress\/?cat=24"},"img":{"alt_text":"","src":"https:\/\/i0.wp.com\/www.akehedman.se\/wordpress\/wp-content\/uploads\/2020\/11\/IMG_20201111_094031-scaled.jpg?resize=350%2C200&ssl=1","width":350,"height":200,"srcset":"https:\/\/i0.wp.com\/www.akehedman.se\/wordpress\/wp-content\/uploads\/2020\/11\/IMG_20201111_094031-scaled.jpg?resize=350%2C200&ssl=1 1x, https:\/\/i0.wp.com\/www.akehedman.se\/wordpress\/wp-content\/uploads\/2020\/11\/IMG_20201111_094031-scaled.jpg?resize=525%2C300&ssl=1 1.5x, https:\/\/i0.wp.com\/www.akehedman.se\/wordpress\/wp-content\/uploads\/2020\/11\/IMG_20201111_094031-scaled.jpg?resize=700%2C400&ssl=1 2x, https:\/\/i0.wp.com\/www.akehedman.se\/wordpress\/wp-content\/uploads\/2020\/11\/IMG_20201111_094031-scaled.jpg?resize=1050%2C600&ssl=1 3x, https:\/\/i0.wp.com\/www.akehedman.se\/wordpress\/wp-content\/uploads\/2020\/11\/IMG_20201111_094031-scaled.jpg?resize=1400%2C800&ssl=1 4x"},"classes":[]},{"id":20423,"url":"https:\/\/www.akehedman.se\/wordpress\/?p=20423","url_meta":{"origin":33774,"position":3},"title":"En dag att minnas, fel, att gl\u00f6mma.","author":"\u00c5ke Hedman","date":"2016-05-18","format":false,"excerpt":"Vissa dagar vill man inte minnas. Det h\u00e4r \u00e4r en s\u00e5dan. Ja och jag visste det redan n\u00e4r jag vaknade. Snart bortforslad och avf\u00f6rd nu. Tack och lov. Men vet att det kommer fler. En hel r\u00e4cka. Det \u00e4r jag s\u00e4ker p\u00e5. Men d\u00e4refter bara bra dagar. In i evigheten.\u2026","rel":"","context":"In &quot;Betraktelser &amp; Ber\u00e4ttelse&quot;","block_context":{"text":"Betraktelser &amp; Ber\u00e4ttelse","link":"https:\/\/www.akehedman.se\/wordpress\/?cat=24"},"img":{"alt_text":"BugsLifeWallpaper800","src":"https:\/\/i0.wp.com\/www.akehedman.se\/wordpress\/wp-content\/uploads\/2014\/08\/BugsLifeWallpaper800.jpg?resize=350%2C200","width":350,"height":200,"srcset":"https:\/\/i0.wp.com\/www.akehedman.se\/wordpress\/wp-content\/uploads\/2014\/08\/BugsLifeWallpaper800.jpg?resize=350%2C200 1x, https:\/\/i0.wp.com\/www.akehedman.se\/wordpress\/wp-content\/uploads\/2014\/08\/BugsLifeWallpaper800.jpg?resize=525%2C300 1.5x, https:\/\/i0.wp.com\/www.akehedman.se\/wordpress\/wp-content\/uploads\/2014\/08\/BugsLifeWallpaper800.jpg?resize=700%2C400 2x"},"classes":[]},{"id":13888,"url":"https:\/\/www.akehedman.se\/wordpress\/?p=13888","url_meta":{"origin":33774,"position":4},"title":"My Sushi Mora &#8211; Mellansveriges b\u00e4sta Sushi","author":"\u00c5ke Hedman","date":"2014-07-09","format":false,"excerpt":"Bilen \u00e4r f\u00f6rbaskat \u00f6kenhet n\u00e4r vi s\u00e4tter oss i den. Men med AC fullt p\u00e5 och till en b\u00f6rjan med \u00f6ppna f\u00f6nster, s\u00e5 \u00e4r det ingen konst att f\u00e4rdas mot nya m\u00e5l i bilen ens en s\u00e5dan h\u00e4r fantastisk dag. Det \u00e4r helt enkelt f\u00f6r varmt f\u00f6r att jobba. Jag\u2026","rel":"","context":"In &quot;Betraktelser &amp; Ber\u00e4ttelse&quot;","block_context":{"text":"Betraktelser &amp; Ber\u00e4ttelse","link":"https:\/\/www.akehedman.se\/wordpress\/?cat=24"},"img":{"alt_text":"orsayra","src":"https:\/\/i0.wp.com\/www.eurosource.se\/akhe\/wordpress\/wp-content\/uploads\/2014\/07\/orsayra.jpg?resize=350%2C200","width":350,"height":200},"classes":[]},{"id":48636,"url":"https:\/\/www.akehedman.se\/wordpress\/?p=48636","url_meta":{"origin":33774,"position":5},"title":"Att minnas","author":"\u00c5ke Hedman","date":"2024-11-03","format":false,"excerpt":"H\u00f6sten liksom h\u00e5ller i sig. Allhelgonahelg. En speciell helg hela mitt liv. Edsbyn. Gl\u00e4dje och sorg n\u00e4r man var barn. Den f\u00f6rsta sn\u00f6n kom n\u00e4stan alltid den h\u00e4r helgen. De vuxna skulle se till gravarna. Oftast var det sn\u00f6storm. Som liten \u00f6verskuggade livet tankar om och p\u00e5 dem som g\u00e5tt\u2026","rel":"","context":"In &quot;Betraktelser &amp; Ber\u00e4ttelse&quot;","block_context":{"text":"Betraktelser &amp; Ber\u00e4ttelse","link":"https:\/\/www.akehedman.se\/wordpress\/?cat=24"},"img":{"alt_text":"","src":"https:\/\/i0.wp.com\/www.akehedman.se\/wordpress\/wp-content\/uploads\/2024\/11\/skogskyrkogarden-allhelgona-768x512.jpg.webp?resize=350%2C200&ssl=1","width":350,"height":200,"srcset":"https:\/\/i0.wp.com\/www.akehedman.se\/wordpress\/wp-content\/uploads\/2024\/11\/skogskyrkogarden-allhelgona-768x512.jpg.webp?resize=350%2C200&ssl=1 1x, https:\/\/i0.wp.com\/www.akehedman.se\/wordpress\/wp-content\/uploads\/2024\/11\/skogskyrkogarden-allhelgona-768x512.jpg.webp?resize=525%2C300&ssl=1 1.5x, https:\/\/i0.wp.com\/www.akehedman.se\/wordpress\/wp-content\/uploads\/2024\/11\/skogskyrkogarden-allhelgona-768x512.jpg.webp?resize=700%2C400&ssl=1 2x"},"classes":[]}],"jetpack_shortlink":"https:\/\/wp.me\/s68PL2-tidigt","_links":{"self":[{"href":"https:\/\/www.akehedman.se\/wordpress\/index.php?rest_route=\/wp\/v2\/posts\/33774","targetHints":{"allow":["GET"]}}],"collection":[{"href":"https:\/\/www.akehedman.se\/wordpress\/index.php?rest_route=\/wp\/v2\/posts"}],"about":[{"href":"https:\/\/www.akehedman.se\/wordpress\/index.php?rest_route=\/wp\/v2\/types\/post"}],"author":[{"embeddable":true,"href":"https:\/\/www.akehedman.se\/wordpress\/index.php?rest_route=\/wp\/v2\/users\/24"}],"replies":[{"embeddable":true,"href":"https:\/\/www.akehedman.se\/wordpress\/index.php?rest_route=%2Fwp%2Fv2%2Fcomments&post=33774"}],"version-history":[{"count":1,"href":"https:\/\/www.akehedman.se\/wordpress\/index.php?rest_route=\/wp\/v2\/posts\/33774\/revisions"}],"predecessor-version":[{"id":33776,"href":"https:\/\/www.akehedman.se\/wordpress\/index.php?rest_route=\/wp\/v2\/posts\/33774\/revisions\/33776"}],"wp:attachment":[{"href":"https:\/\/www.akehedman.se\/wordpress\/index.php?rest_route=%2Fwp%2Fv2%2Fmedia&parent=33774"}],"wp:term":[{"taxonomy":"category","embeddable":true,"href":"https:\/\/www.akehedman.se\/wordpress\/index.php?rest_route=%2Fwp%2Fv2%2Fcategories&post=33774"},{"taxonomy":"post_tag","embeddable":true,"href":"https:\/\/www.akehedman.se\/wordpress\/index.php?rest_route=%2Fwp%2Fv2%2Ftags&post=33774"}],"curies":[{"name":"wp","href":"https:\/\/api.w.org\/{rel}","templated":true}]}}