{"id":33756,"date":"2019-12-05T09:22:16","date_gmt":"2019-12-05T08:22:16","guid":{"rendered":"https:\/\/www.akehedman.se\/wordpress\/?p=33756"},"modified":"2019-12-05T09:22:16","modified_gmt":"2019-12-05T08:22:16","slug":"varmt-kallt-terapi","status":"publish","type":"post","link":"https:\/\/www.akehedman.se\/wordpress\/?p=33756","title":{"rendered":"Varmt &#8211; Kallt &#8211; Terapi"},"content":{"rendered":"\n<figure class=\"wp-block-image size-large\"><img loading=\"lazy\" decoding=\"async\" width=\"1440\" height=\"2560\" src=\"https:\/\/i1.wp.com\/www.akehedman.se\/wordpress\/wp-content\/uploads\/2019\/12\/IMG_20191205_082349590-scaled.jpg?fit=576%2C1024&amp;ssl=1\" alt=\"\" class=\"wp-image-33757\" srcset=\"https:\/\/i0.wp.com\/www.akehedman.se\/wordpress\/wp-content\/uploads\/2019\/12\/IMG_20191205_082349590-scaled.jpg?w=1440&amp;ssl=1 1440w, https:\/\/i0.wp.com\/www.akehedman.se\/wordpress\/wp-content\/uploads\/2019\/12\/IMG_20191205_082349590-scaled.jpg?resize=169%2C300&amp;ssl=1 169w, https:\/\/i0.wp.com\/www.akehedman.se\/wordpress\/wp-content\/uploads\/2019\/12\/IMG_20191205_082349590-scaled.jpg?resize=576%2C1024&amp;ssl=1 576w, https:\/\/i0.wp.com\/www.akehedman.se\/wordpress\/wp-content\/uploads\/2019\/12\/IMG_20191205_082349590-scaled.jpg?resize=768%2C1365&amp;ssl=1 768w, https:\/\/i0.wp.com\/www.akehedman.se\/wordpress\/wp-content\/uploads\/2019\/12\/IMG_20191205_082349590-scaled.jpg?resize=864%2C1536&amp;ssl=1 864w, https:\/\/i0.wp.com\/www.akehedman.se\/wordpress\/wp-content\/uploads\/2019\/12\/IMG_20191205_082349590-scaled.jpg?resize=1152%2C2048&amp;ssl=1 1152w\" sizes=\"auto, (max-width: 580px) 100vw, 580px\" \/><\/figure>\n\n\n\n<p class=\"wp-block-paragraph\">Tro mig. Eller tro mig inte. Du v\u00e4ljer. S\u00e5klart. Som alltid. Men att b\u00e4ra in den f\u00f6rsta hela pallen pellets sj\u00e4lv utan att n\u00e5got annat \u00e4n att den vanliga otr\u00e4nade kroppen g\u00f6r ont \u00e4r h\u00e4rligt. Jod\u00e5 jag har burit lite pellets tidigare i \u00e5r. Men halvpallar. Sm\u00e5duttat. Men inga riktiga s\u00e5dana d\u00e4r b\u00e4r in jobb sedan slutet av januari. Ja och JA. Det mesta styrkearbetet sker med v\u00e4nstern, men det har det gjort tidigare ocks\u00e5.<\/p>\n\n\n\n<p class=\"wp-block-paragraph\">Troligen var jag stuveriarbetare i ett tidigare liv. Gillar det d\u00e4r monotona. B\u00f6j rygg. Upp med en s\u00e4ck p\u00e5 axeln. B\u00e4r ner i k\u00e4llaren. Lasta av. Ut igen. Nu \u00e4r det bara sexton kilo i de h\u00e4r s\u00e4ckarna. Inga femtiokilos stuveriarbetarlaster. Men \u00e4nd\u00e5. Det renar det d\u00e4r fysiska arbetet som det man g\u00f6r med huvudet aldrig kommer i n\u00e4rheten av.<\/p>\n\n\n\n<p class=\"wp-block-paragraph\">\u00d6nskar mig en PT i julklapp. En elak j\u00e4vel. Som f\u00e5r fart p\u00e5 mig.<\/p>\n\n\n\n<p class=\"wp-block-paragraph\">En annan sak med att vandra mellan pannrum och utemilj\u00f6 \u00e4r temperaturskillnaderna. Nu \u00e4r det inte s\u00e5 farligt idag. Men vissa g\u00e5nger har det ju varit n\u00e4stan trettio plus i pannrummet och minus tjugo ute. H\u00e4rdar. Eller skapar framtida problem. Hursomhelst fungerar det.  Efter att man burit n\u00e5gra s\u00e4ckar och f\u00e5tt ig\u00e5ng systemet m\u00e4rker man inget av det d\u00e4r.<\/p>\n\n\n\n<p class=\"wp-block-paragraph\">Ja nu \u00e5terst\u00e5r en pall. Den tar vi mot kv\u00e4llen. <\/p>\n\n\n\n<p class=\"wp-block-paragraph\">B\u00e4st vore s\u00e5klart om det h\u00e4r h\u00e4nde varje dag. Men kanske skulle man kunna b\u00e4ra in en pall ena dan och b\u00e4ra ut en pall den andra dagen. Men det blir lite som att h\u00e5llas p\u00e5 gym. K\u00e4nns s\u00e5 f\u00f6rbannat v\u00e4rdel\u00f6st. Ja rent av som att <strong>torrg\u00e5<\/strong> som en v\u00e4n kallar promenera utan att ha ett m\u00e5l. Ett bra uttryck. En bra v\u00e4n.<\/p>\n\n\n\n<p class=\"wp-block-paragraph\">Men jag tycker livet \u00e4r b\u00e4ttre om jag kan hantera pelletsen och skotta sj\u00e4lv. M\u00e5r inte bra n\u00e4r andra m\u00e5ste g\u00f6ra det \u00e5t mig. Hur \u00e4n ber\u00e4ttigat det \u00e4n \u00e4r k\u00e4nner jag det d\u00e5 som om jag smiter undan. Bondarv, troligen.<\/p>\n\n\n\n<p class=\"wp-block-paragraph\">Men h\u00e4r f\u00e5r min dag b\u00f6rja. Jag tor p\u00e5 den h\u00e4r dagen. Att det blir en bra dag. Jod\u00e5. <strong>Liksom<\/strong>.<\/p>\n","protected":false},"excerpt":{"rendered":"<p>Tro mig. Eller tro mig inte. Du v\u00e4ljer. S\u00e5klart. Som alltid. Men att b\u00e4ra in den f\u00f6rsta hela pallen pellets sj\u00e4lv utan att n\u00e5got annat \u00e4n att den vanliga otr\u00e4nade kroppen g\u00f6r ont \u00e4r h\u00e4rligt. Jod\u00e5 jag har burit lite pellets tidigare i \u00e5r. Men halvpallar. Sm\u00e5duttat. Men inga riktiga s\u00e5dana d\u00e4r b\u00e4r in jobb [&hellip;]<\/p>\n","protected":false},"author":24,"featured_media":0,"comment_status":"open","ping_status":"open","sticky":false,"template":"","format":"standard","meta":{"_crdt_document":"","jetpack_post_was_ever_published":false,"_jetpack_newsletter_access":"","_jetpack_dont_email_post_to_subs":false,"_jetpack_newsletter_tier_id":0,"_jetpack_memberships_contains_paywalled_content":false,"_jetpack_memberships_contains_paid_content":false,"footnotes":"","jetpack_publicize_message":"","jetpack_publicize_feature_enabled":true,"jetpack_social_post_already_shared":true,"jetpack_social_options":{"image_generator_settings":{"template":"highway","default_image_id":0,"font":"","enabled":false},"version":2}},"categories":[24],"tags":[],"class_list":["post-33756","post","type-post","status-publish","format-standard","hentry","category-betraktelser"],"jetpack_publicize_connections":[],"jetpack_featured_media_url":"","jetpack_sharing_enabled":true,"jetpack_likes_enabled":true,"jetpack-related-posts":[{"id":29427,"url":"https:\/\/www.akehedman.se\/wordpress\/?p=29427","url_meta":{"origin":33756,"position":0},"title":"Ot\u00e4nkandes","author":"\u00c5ke Hedman","date":"2018-07-29","format":false,"excerpt":"Bortkopplad. Totalt bortkopplad. Ja, semesterurkopplad. Nollad. Ot\u00e4nkandes. S\u00e5 vandrar jag i v\u00e4rlden i dessa tider. Jag bryr mig inte ens om att raka mig. Va fan liksom. Varf\u00f6r det!? Det \u00e4r sommar. Det \u00e4r vila. Det \u00e4r det stora lugnet som p\u00e5g\u00e5r och verkar. \u00c4nd\u00e5 f\u00f6reg\u00e5r en del av de\u2026","rel":"","context":"In &quot;Betraktelser &amp; Ber\u00e4ttelse&quot;","block_context":{"text":"Betraktelser &amp; Ber\u00e4ttelse","link":"https:\/\/www.akehedman.se\/wordpress\/?cat=24"},"img":{"alt_text":"","src":"https:\/\/i0.wp.com\/www.akehedman.se\/wordpress\/wp-content\/uploads\/2018\/07\/ake_20180727-577x1024.jpg?resize=350%2C200","width":350,"height":200,"srcset":"https:\/\/i0.wp.com\/www.akehedman.se\/wordpress\/wp-content\/uploads\/2018\/07\/ake_20180727-577x1024.jpg?resize=350%2C200 1x, https:\/\/i0.wp.com\/www.akehedman.se\/wordpress\/wp-content\/uploads\/2018\/07\/ake_20180727-577x1024.jpg?resize=525%2C300 1.5x"},"classes":[]},{"id":38385,"url":"https:\/\/www.akehedman.se\/wordpress\/?p=38385","url_meta":{"origin":33756,"position":1},"title":"Hu!=?","author":"\u00c5ke Hedman","date":"2021-04-09","format":false,"excerpt":"Det sn\u00f6ra ymnigt. V\u00e5ren \u00e4r nergr\u00e4vd i skyttegravarna. Vinter anfallande med fullkraft fr\u00e5n de h\u00f6gre bel\u00e4gna kullarna. Vita h\u00e4rar v\u00e4ller ner, ner, ner - tyst skrikande, som bara fallande sn\u00f6 kan - en mass. F\u00f6rs\u00f6ker ta tillbaks. Vill kyla ner v\u00e4rlden. Som varje \u00e5r. Som varje \u00e5rhundrade. I april. St\u00e4llningskrig.\u2026","rel":"","context":"In &quot;Betraktelser &amp; Ber\u00e4ttelse&quot;","block_context":{"text":"Betraktelser &amp; Ber\u00e4ttelse","link":"https:\/\/www.akehedman.se\/wordpress\/?cat=24"},"img":{"alt_text":"","src":"https:\/\/i0.wp.com\/www.akehedman.se\/wordpress\/wp-content\/uploads\/2021\/04\/IMG_20210409_084054-scaled.jpg?resize=350%2C200&ssl=1","width":350,"height":200,"srcset":"https:\/\/i0.wp.com\/www.akehedman.se\/wordpress\/wp-content\/uploads\/2021\/04\/IMG_20210409_084054-scaled.jpg?resize=350%2C200&ssl=1 1x, https:\/\/i0.wp.com\/www.akehedman.se\/wordpress\/wp-content\/uploads\/2021\/04\/IMG_20210409_084054-scaled.jpg?resize=525%2C300&ssl=1 1.5x, https:\/\/i0.wp.com\/www.akehedman.se\/wordpress\/wp-content\/uploads\/2021\/04\/IMG_20210409_084054-scaled.jpg?resize=700%2C400&ssl=1 2x, https:\/\/i0.wp.com\/www.akehedman.se\/wordpress\/wp-content\/uploads\/2021\/04\/IMG_20210409_084054-scaled.jpg?resize=1050%2C600&ssl=1 3x, https:\/\/i0.wp.com\/www.akehedman.se\/wordpress\/wp-content\/uploads\/2021\/04\/IMG_20210409_084054-scaled.jpg?resize=1400%2C800&ssl=1 4x"},"classes":[]},{"id":50412,"url":"https:\/\/www.akehedman.se\/wordpress\/?p=50412","url_meta":{"origin":33756,"position":2},"title":"En bra bit","author":"\u00c5ke Hedman","date":"2025-09-29","format":false,"excerpt":"Photo by Kristin Vogt on Pexels.com Dokumenterar mest hela dagen. Fast inleder med lite slutskruvande (och fogande) i det som skall bli K's arbetsrum. Ibland f\u00e5r man helt enkelt knycka lite tid fr\u00e5n \"the project\" side of life f\u00f6r att hantera det \"riktiga\" livet. F\u00f6rkyld \u00e4r jag som en tordyvel\u2026","rel":"","context":"In &quot;Betraktelser &amp; Ber\u00e4ttelse&quot;","block_context":{"text":"Betraktelser &amp; Ber\u00e4ttelse","link":"https:\/\/www.akehedman.se\/wordpress\/?cat=24"},"img":{"alt_text":"women s black zip up hooded jacket","src":"https:\/\/i0.wp.com\/www.akehedman.se\/wordpress\/wp-content\/uploads\/2025\/09\/pexels-photo-54200.jpeg?resize=350%2C200&ssl=1","width":350,"height":200,"srcset":"https:\/\/i0.wp.com\/www.akehedman.se\/wordpress\/wp-content\/uploads\/2025\/09\/pexels-photo-54200.jpeg?resize=350%2C200&ssl=1 1x, https:\/\/i0.wp.com\/www.akehedman.se\/wordpress\/wp-content\/uploads\/2025\/09\/pexels-photo-54200.jpeg?resize=525%2C300&ssl=1 1.5x, https:\/\/i0.wp.com\/www.akehedman.se\/wordpress\/wp-content\/uploads\/2025\/09\/pexels-photo-54200.jpeg?resize=700%2C400&ssl=1 2x, https:\/\/i0.wp.com\/www.akehedman.se\/wordpress\/wp-content\/uploads\/2025\/09\/pexels-photo-54200.jpeg?resize=1050%2C600&ssl=1 3x, https:\/\/i0.wp.com\/www.akehedman.se\/wordpress\/wp-content\/uploads\/2025\/09\/pexels-photo-54200.jpeg?resize=1400%2C800&ssl=1 4x"},"classes":[]},{"id":40920,"url":"https:\/\/www.akehedman.se\/wordpress\/?p=40920","url_meta":{"origin":33756,"position":3},"title":"Hulkar, pellets och ensamf\u00e5r","author":"\u00c5ke Hedman","date":"2022-01-13","format":false,"excerpt":"Photo by Egor Kamelev on Pexels.com B\u00e4r in pellets. Orkar bara en pall. Sl\u00f6fock. Men f\u00e5r ta den andra imorgon. Med straffrunda. Man \u00e4r inte lika alert som f\u00f6rr. Ja om sanningen skall fram s\u00e5 var man v\u00e4l inte s\u00e5 alert d\u00e5 heller n\u00e4r man de facto och per definition\u2026","rel":"","context":"In &quot;Betraktelser &amp; Ber\u00e4ttelse&quot;","block_context":{"text":"Betraktelser &amp; Ber\u00e4ttelse","link":"https:\/\/www.akehedman.se\/wordpress\/?cat=24"},"img":{"alt_text":"gray husky","src":"https:\/\/i0.wp.com\/www.akehedman.se\/wordpress\/wp-content\/uploads\/2022\/01\/pexels-photo-918596.jpeg?resize=350%2C200&ssl=1","width":350,"height":200,"srcset":"https:\/\/i0.wp.com\/www.akehedman.se\/wordpress\/wp-content\/uploads\/2022\/01\/pexels-photo-918596.jpeg?resize=350%2C200&ssl=1 1x, https:\/\/i0.wp.com\/www.akehedman.se\/wordpress\/wp-content\/uploads\/2022\/01\/pexels-photo-918596.jpeg?resize=525%2C300&ssl=1 1.5x, https:\/\/i0.wp.com\/www.akehedman.se\/wordpress\/wp-content\/uploads\/2022\/01\/pexels-photo-918596.jpeg?resize=700%2C400&ssl=1 2x, https:\/\/i0.wp.com\/www.akehedman.se\/wordpress\/wp-content\/uploads\/2022\/01\/pexels-photo-918596.jpeg?resize=1050%2C600&ssl=1 3x, https:\/\/i0.wp.com\/www.akehedman.se\/wordpress\/wp-content\/uploads\/2022\/01\/pexels-photo-918596.jpeg?resize=1400%2C800&ssl=1 4x"},"classes":[]},{"id":20092,"url":"https:\/\/www.akehedman.se\/wordpress\/?p=20092","url_meta":{"origin":33756,"position":4},"title":"H\u00e5kan Hellstr\u00f6m och koltrasts\u00e5ng","author":"\u00c5ke Hedman","date":"2016-04-03","format":false,"excerpt":"Sk\u00f6n helg. K s\u00e4ger l\u00e5ng. Ja kanske \u00e4r den det. Var den det. Jo detta skrivs p\u00e5 s\u00f6ndagkv\u00e4ll. Jag jobbar. Eller \"sitter hemma\". Ge mina sysslor vilka epitet ni vill. Det skiter jag i. Det \u00e4r f\u00f6rbannat mycket man skiter i nu f\u00f6r tiden. Man har l\u00e4rt sig att man\u2026","rel":"","context":"In &quot;Betraktelser &amp; Ber\u00e4ttelse&quot;","block_context":{"text":"Betraktelser &amp; Ber\u00e4ttelse","link":"https:\/\/www.akehedman.se\/wordpress\/?cat=24"},"img":{"alt_text":"Screenshot from 2016-04-03 21:57:59","src":"https:\/\/i0.wp.com\/www.akehedman.se\/wordpress\/wp-content\/uploads\/2016\/04\/Screenshot-from-2016-04-03-215759.png?resize=350%2C200","width":350,"height":200},"classes":[]},{"id":7215,"url":"https:\/\/www.akehedman.se\/wordpress\/?p=7215","url_meta":{"origin":33756,"position":5},"title":"Om att kasta #b\u00f6cker","author":"\u00c5ke Hedman","date":"2013-05-10","format":false,"excerpt":"V\u00e5ren \u00e4r h\u00e4r och det b\u00f6rjar bli varmt och sk\u00f6nt i hela min studio och \u00a0p\u00e5 mitt l\u00e5tsaskontor. \u00a0Det betyder att det \u00e4r dags att ta sig an dammtussar och alla skit som samlats under \u00e5ret. M\u00e5ste erk\u00e4nna att jag kanske \u00e4r lite v\u00e4l slarvig med st\u00e4dningen h\u00e4r nere dessutom.\u2026","rel":"","context":"In &quot;Betraktelser &amp; Ber\u00e4ttelse&quot;","block_context":{"text":"Betraktelser &amp; Ber\u00e4ttelse","link":"https:\/\/www.akehedman.se\/wordpress\/?cat=24"},"img":{"alt_text":"IMG_20130510_081641","src":"https:\/\/i0.wp.com\/www.eurosource.se\/akhe\/wordpress\/wp-content\/uploads\/2013\/05\/IMG_20130510_081641-1024x768.jpg?resize=350%2C200","width":350,"height":200,"srcset":"https:\/\/i0.wp.com\/www.eurosource.se\/akhe\/wordpress\/wp-content\/uploads\/2013\/05\/IMG_20130510_081641-1024x768.jpg?resize=350%2C200 1x, https:\/\/i0.wp.com\/www.eurosource.se\/akhe\/wordpress\/wp-content\/uploads\/2013\/05\/IMG_20130510_081641-1024x768.jpg?resize=525%2C300 1.5x"},"classes":[]}],"jetpack_shortlink":"https:\/\/wp.me\/p68PL2-8Ms","_links":{"self":[{"href":"https:\/\/www.akehedman.se\/wordpress\/index.php?rest_route=\/wp\/v2\/posts\/33756","targetHints":{"allow":["GET"]}}],"collection":[{"href":"https:\/\/www.akehedman.se\/wordpress\/index.php?rest_route=\/wp\/v2\/posts"}],"about":[{"href":"https:\/\/www.akehedman.se\/wordpress\/index.php?rest_route=\/wp\/v2\/types\/post"}],"author":[{"embeddable":true,"href":"https:\/\/www.akehedman.se\/wordpress\/index.php?rest_route=\/wp\/v2\/users\/24"}],"replies":[{"embeddable":true,"href":"https:\/\/www.akehedman.se\/wordpress\/index.php?rest_route=%2Fwp%2Fv2%2Fcomments&post=33756"}],"version-history":[{"count":1,"href":"https:\/\/www.akehedman.se\/wordpress\/index.php?rest_route=\/wp\/v2\/posts\/33756\/revisions"}],"predecessor-version":[{"id":33758,"href":"https:\/\/www.akehedman.se\/wordpress\/index.php?rest_route=\/wp\/v2\/posts\/33756\/revisions\/33758"}],"wp:attachment":[{"href":"https:\/\/www.akehedman.se\/wordpress\/index.php?rest_route=%2Fwp%2Fv2%2Fmedia&parent=33756"}],"wp:term":[{"taxonomy":"category","embeddable":true,"href":"https:\/\/www.akehedman.se\/wordpress\/index.php?rest_route=%2Fwp%2Fv2%2Fcategories&post=33756"},{"taxonomy":"post_tag","embeddable":true,"href":"https:\/\/www.akehedman.se\/wordpress\/index.php?rest_route=%2Fwp%2Fv2%2Ftags&post=33756"}],"curies":[{"name":"wp","href":"https:\/\/api.w.org\/{rel}","templated":true}]}}