{"id":33725,"date":"2019-12-03T10:46:24","date_gmt":"2019-12-03T09:46:24","guid":{"rendered":"https:\/\/www.akehedman.se\/wordpress\/?p=33725"},"modified":"2019-12-03T10:46:24","modified_gmt":"2019-12-03T09:46:24","slug":"klarnagrundarens-klassresa-och-jarvso","status":"publish","type":"post","link":"https:\/\/www.akehedman.se\/wordpress\/?p=33725","title":{"rendered":"Klarnagrundarens klassresa &#8211; och J\u00e4rvs\u00f6"},"content":{"rendered":"<blockquote><p><a href=\"https:\/\/computersweden.idg.se\/2.2683\/1.474789\/klarnagrundarens-klassresa\/sida\/3\/sida-3\"><img data-recalc-dims=\"1\" decoding=\"async\" class=\"alignnone size-full\" src=\"https:\/\/i0.wp.com\/www.akehedman.se\/wordpress\/wp-content\/uploads\/2019\/12\/999456401.jpg?w=580&#038;ssl=1\" alt=\"\" \/><\/a>Med viss avundsjuka blickar jag p\u00e5 en livsbalans som jag visserligen inte tror skulle passa mig, men som i min n\u00e5got naiva \u00e5sk\u00e5dning \u00e4r den svenska dr\u00f6mmen personifierad<\/p><\/blockquote>\n<p>Source: <em><a href=\"https:\/\/computersweden.idg.se\/2.2683\/1.474789\/klarnagrundarens-klassresa\/sida\/3\/sida-3\">Klarnagrundarens klassresa &#8211; Computer Sweden<\/a><\/em><\/p>\n<p>u bet.<\/p>\n","protected":false},"excerpt":{"rendered":"<p>Med viss avundsjuka blickar jag p\u00e5 en livsbalans som jag visserligen inte tror skulle passa mig, men som i min n\u00e5got naiva \u00e5sk\u00e5dning \u00e4r den svenska dr\u00f6mmen personifierad Source: Klarnagrundarens klassresa &#8211; Computer Sweden u bet.<\/p>\n","protected":false},"author":24,"featured_media":0,"comment_status":"open","ping_status":"open","sticky":false,"template":"","format":"standard","meta":{"_crdt_document":"","jetpack_post_was_ever_published":false,"_jetpack_newsletter_access":"","_jetpack_dont_email_post_to_subs":false,"_jetpack_newsletter_tier_id":0,"_jetpack_memberships_contains_paywalled_content":false,"_jetpack_memberships_contains_paid_content":false,"footnotes":"","jetpack_publicize_message":"","jetpack_publicize_feature_enabled":true,"jetpack_social_post_already_shared":true,"jetpack_social_options":{"image_generator_settings":{"template":"highway","default_image_id":0,"font":"","enabled":false},"version":2}},"categories":[2],"tags":[],"class_list":["post-33725","post","type-post","status-publish","format-standard","hentry","category-swedish"],"jetpack_publicize_connections":[],"jetpack_featured_media_url":"","jetpack_sharing_enabled":true,"jetpack_likes_enabled":true,"jetpack-related-posts":[{"id":30126,"url":"https:\/\/www.akehedman.se\/wordpress\/?p=30126","url_meta":{"origin":33725,"position":0},"title":"Senast l\u00e4sta bok","author":"\u00c5ke Hedman","date":"2018-10-07","format":false,"excerpt":"Den Tyska Flickan av Armando Lucas Correa Jag s\u00e4ger det direkt. Det h\u00e4r \u00e4r en underbar bok. Sv\u00e5rare \u00e4n s\u00e5 \u00e4r det inte. Att se och uppleva Berlin genom \u00f6gonen p\u00e5 en ung Judinna just f\u00f6re kriget.\u00a0 Att f\u00e5 vara med p\u00e5 en hoppets resa och en omv\u00e4nd klassresa. Att\u2026","rel":"","context":"In &quot;B\u00f6cker&quot;","block_context":{"text":"B\u00f6cker","link":"https:\/\/www.akehedman.se\/wordpress\/?cat=13"},"img":{"alt_text":"","src":"https:\/\/i0.wp.com\/www.akehedman.se\/wordpress\/wp-content\/uploads\/2018\/10\/9789188447210_200x_den-tyska-flickan.jpeg?resize=350%2C200","width":350,"height":200},"classes":[]},{"id":6613,"url":"https:\/\/www.akehedman.se\/wordpress\/?p=6613","url_meta":{"origin":33725,"position":1},"title":"BBC News &#8211; Have private schools helped teen app makers to thrive?","author":"\u00c5ke Hedman","date":"2013-04-11","format":false,"excerpt":"\"it was obvious he came from a successful, wealthy family who had opted to give him a private education.\" via BBC News - Have private schools helped teen app makers to thrive?. Det h\u00e4r \u00e4r precis samma sak i Sverige. Det \u00e4r dom som har pengar som kan ta \u00e5t\u2026","rel":"","context":"In &quot;Techstuff&quot;","block_context":{"text":"Techstuff","link":"https:\/\/www.akehedman.se\/wordpress\/?cat=22"},"img":{"alt_text":"uppfinnare","src":"https:\/\/i0.wp.com\/www.eurosource.se\/akhe\/wordpress\/wp-content\/uploads\/2013\/04\/uppfinnare.jpg?resize=350%2C200","width":350,"height":200},"classes":[]},{"id":25627,"url":"https:\/\/www.akehedman.se\/wordpress\/?p=25627","url_meta":{"origin":33725,"position":2},"title":"Examen","author":"\u00c5ke Hedman","date":"2017-10-16","format":false,"excerpt":"\u00c4ldste sonen, Jonas, plockar ut den d\u00e4r examen. Den som inte verkar vara slutm\u00e5l utan ett delmoment dessutom. Universitetet \u00e4r anrikt, Uppsala universitet, h\u00e4r har andra vandrat i samma fotsp\u00e5r som Jonas under m\u00e5nga \u00e5r. \u00c4mnet \u00e4r det renaste av vetenskaperna. Matematik. F\u00f6r mig ett verktyg, en \"skiftnyckel\". F\u00f6r honom\u2026","rel":"","context":"In &quot;Betraktelser &amp; Ber\u00e4ttelse&quot;","block_context":{"text":"Betraktelser &amp; Ber\u00e4ttelse","link":"https:\/\/www.akehedman.se\/wordpress\/?cat=24"},"img":{"alt_text":"","src":"https:\/\/i0.wp.com\/www.akehedman.se\/wordpress\/wp-content\/uploads\/2017\/10\/matematik.jpg?resize=350%2C200","width":350,"height":200},"classes":[]},{"id":39148,"url":"https:\/\/www.akehedman.se\/wordpress\/?p=39148","url_meta":{"origin":33725,"position":3},"title":"En s\u00e5n h\u00e4r dag","author":"\u00c5ke Hedman","date":"2021-06-15","format":false,"excerpt":"Det var nog ganska s\u00e4kert exakt en s\u00e5dan h\u00e4r dag. En dag som redan n\u00e4r man vaknar s\u00e4ger att idag blir det riktig sommar, njut m\u00e4nniska, f\u00f6r du f\u00e5r inte m\u00e5nga s\u00e5dan h\u00e4r dagar i ditt liv. Kanske var det precis just den 15 juni ocks\u00e5. Som idag. Detaljer. Man\u2026","rel":"","context":"In &quot;Betraktelser &amp; Ber\u00e4ttelse&quot;","block_context":{"text":"Betraktelser &amp; Ber\u00e4ttelse","link":"https:\/\/www.akehedman.se\/wordpress\/?cat=24"},"img":{"alt_text":"","src":"https:\/\/i0.wp.com\/www.akehedman.se\/wordpress\/wp-content\/uploads\/2021\/06\/download.png?resize=350%2C200&ssl=1","width":350,"height":200,"srcset":"https:\/\/i0.wp.com\/www.akehedman.se\/wordpress\/wp-content\/uploads\/2021\/06\/download.png?resize=350%2C200&ssl=1 1x, https:\/\/i0.wp.com\/www.akehedman.se\/wordpress\/wp-content\/uploads\/2021\/06\/download.png?resize=525%2C300&ssl=1 1.5x, https:\/\/i0.wp.com\/www.akehedman.se\/wordpress\/wp-content\/uploads\/2021\/06\/download.png?resize=700%2C400&ssl=1 2x, https:\/\/i0.wp.com\/www.akehedman.se\/wordpress\/wp-content\/uploads\/2021\/06\/download.png?resize=1050%2C600&ssl=1 3x, https:\/\/i0.wp.com\/www.akehedman.se\/wordpress\/wp-content\/uploads\/2021\/06\/download.png?resize=1400%2C800&ssl=1 4x"},"classes":[]},{"id":7714,"url":"https:\/\/www.akehedman.se\/wordpress\/?p=7714","url_meta":{"origin":33725,"position":4},"title":"Vatten &#038; (dr\u00f6m)dimma","author":"\u00c5ke Hedman","date":"2013-06-23","format":false,"excerpt":"Det sp\u00f6regnar utanf\u00f6r mitt f\u00f6nster. Just nu tio minuter i tolv s\u00e5 \u00e4r det bara trevligt. F\u00f6rh\u00f6jer st\u00e4mningen h\u00e4r inne p\u00e5 l\u00e5tsaskontoret. Men jag skall strax l\u00e4gga mig som de flesta andra. Med en ny Nesser p\u00e5 nattduksbordet f\u00f6rv\u00e4ntar jag mig en stunds l\u00e4sgl\u00e4dje innan \u00f6gonen trillar igen och jag\u2026","rel":"","context":"In &quot;Betraktelser &amp; Ber\u00e4ttelse&quot;","block_context":{"text":"Betraktelser &amp; Ber\u00e4ttelse","link":"https:\/\/www.akehedman.se\/wordpress\/?cat=24"},"img":{"alt_text":"887873_88295983","src":"https:\/\/i0.wp.com\/www.eurosource.se\/akhe\/wordpress\/wp-content\/uploads\/2013\/06\/887873_88295983.jpg?resize=350%2C200","width":350,"height":200},"classes":[]},{"id":13287,"url":"https:\/\/www.akehedman.se\/wordpress\/?p=13287","url_meta":{"origin":33725,"position":5},"title":"S\u00e5 jag somnar i limousinen","author":"\u00c5ke Hedman","date":"2014-05-29","format":false,"excerpt":"S\u00e5 jag somnar, l\u00e5ter mig falla i s\u00f6mn d\u00e4r uppe p\u00e5 den gr\u00f6na soffan. Alla m\u00e4nniskor, alla bilar, allt som jag normalt inte ser som skogsman f\u00e5r mig att tuppa av helt enkelt. Det och en d\u00e5lig film, eller om det \u00e4r en serier eller vad det nu \u00e4r, d\u00e5ligt\u2026","rel":"","context":"In &quot;Betraktelser &amp; Ber\u00e4ttelse&quot;","block_context":{"text":"Betraktelser &amp; Ber\u00e4ttelse","link":"https:\/\/www.akehedman.se\/wordpress\/?cat=24"},"img":{"alt_text":"rosa-limousine-sverige","src":"https:\/\/i0.wp.com\/www.eurosource.se\/akhe\/wordpress\/wp-content\/uploads\/2014\/05\/rosa-limousine-sverige.jpg?resize=350%2C200","width":350,"height":200,"srcset":"https:\/\/i0.wp.com\/www.eurosource.se\/akhe\/wordpress\/wp-content\/uploads\/2014\/05\/rosa-limousine-sverige.jpg?resize=350%2C200 1x, https:\/\/i0.wp.com\/www.eurosource.se\/akhe\/wordpress\/wp-content\/uploads\/2014\/05\/rosa-limousine-sverige.jpg?resize=525%2C300 1.5x, https:\/\/i0.wp.com\/www.eurosource.se\/akhe\/wordpress\/wp-content\/uploads\/2014\/05\/rosa-limousine-sverige.jpg?resize=700%2C400 2x"},"classes":[]}],"jetpack_shortlink":"https:\/\/wp.me\/p68PL2-8LX","_links":{"self":[{"href":"https:\/\/www.akehedman.se\/wordpress\/index.php?rest_route=\/wp\/v2\/posts\/33725","targetHints":{"allow":["GET"]}}],"collection":[{"href":"https:\/\/www.akehedman.se\/wordpress\/index.php?rest_route=\/wp\/v2\/posts"}],"about":[{"href":"https:\/\/www.akehedman.se\/wordpress\/index.php?rest_route=\/wp\/v2\/types\/post"}],"author":[{"embeddable":true,"href":"https:\/\/www.akehedman.se\/wordpress\/index.php?rest_route=\/wp\/v2\/users\/24"}],"replies":[{"embeddable":true,"href":"https:\/\/www.akehedman.se\/wordpress\/index.php?rest_route=%2Fwp%2Fv2%2Fcomments&post=33725"}],"version-history":[{"count":1,"href":"https:\/\/www.akehedman.se\/wordpress\/index.php?rest_route=\/wp\/v2\/posts\/33725\/revisions"}],"predecessor-version":[{"id":33727,"href":"https:\/\/www.akehedman.se\/wordpress\/index.php?rest_route=\/wp\/v2\/posts\/33725\/revisions\/33727"}],"wp:attachment":[{"href":"https:\/\/www.akehedman.se\/wordpress\/index.php?rest_route=%2Fwp%2Fv2%2Fmedia&parent=33725"}],"wp:term":[{"taxonomy":"category","embeddable":true,"href":"https:\/\/www.akehedman.se\/wordpress\/index.php?rest_route=%2Fwp%2Fv2%2Fcategories&post=33725"},{"taxonomy":"post_tag","embeddable":true,"href":"https:\/\/www.akehedman.se\/wordpress\/index.php?rest_route=%2Fwp%2Fv2%2Ftags&post=33725"}],"curies":[{"name":"wp","href":"https:\/\/api.w.org\/{rel}","templated":true}]}}