{"id":33711,"date":"2019-12-02T09:12:07","date_gmt":"2019-12-02T08:12:07","guid":{"rendered":"https:\/\/www.akehedman.se\/wordpress\/?p=33711"},"modified":"2019-12-02T09:12:07","modified_gmt":"2019-12-02T08:12:07","slug":"ny-utbildning-ger-blivande-ingenjorer-dubbel-kompetens-ny-teknik","status":"publish","type":"post","link":"https:\/\/www.akehedman.se\/wordpress\/?p=33711","title":{"rendered":"Ny utbildning ger blivande ingenj\u00f6rer dubbel kompetens | Ny Teknik"},"content":{"rendered":"<blockquote><p><a href=\"https:\/\/www.nyteknik.se\/ingenjorskarriar\/ny-utbildning-ger-blivande-ingenjorer-dubbel-kompetens-6980307?source=carma&amp;c_rid=63zl0rgp019bme0gaDg1533133868%7C83075788&amp;utm_custom%5Bcm%5D=315344646,33270&amp;=\"><img decoding=\"async\" class=\"alignnone size-full\" src=\"https:\/\/www.nyteknik.se\/ponIltIpIv-1575039237\/tekniknyheter\/45a3g-0a839eea-07f9-4860-a876-5964d68adf3b\/alternates\/FREE_560\/0a839eea-07f9-4860-a876-5964d68adf3b\" alt=\"\" \/><\/a>Kungliga tekniska h\u00f6gskolan, KTH, startar en ny civilingenj\u00f6rsutbildning som kombinerar matematik och programmering<\/p><\/blockquote>\n<p>Source: <em><a href=\"https:\/\/www.nyteknik.se\/ingenjorskarriar\/ny-utbildning-ger-blivande-ingenjorer-dubbel-kompetens-6980307\">Ny utbildning ger blivande ingenj\u00f6rer dubbel kompetens | Ny Teknik<\/a><\/em><\/p>\n","protected":false},"excerpt":{"rendered":"<p>Kungliga tekniska h\u00f6gskolan, KTH, startar en ny civilingenj\u00f6rsutbildning som kombinerar matematik och programmering Source: Ny utbildning ger blivande ingenj\u00f6rer dubbel kompetens | Ny Teknik<\/p>\n","protected":false},"author":24,"featured_media":0,"comment_status":"open","ping_status":"open","sticky":false,"template":"","format":"standard","meta":{"_crdt_document":"","jetpack_post_was_ever_published":false,"_jetpack_newsletter_access":"","_jetpack_dont_email_post_to_subs":false,"_jetpack_newsletter_tier_id":0,"_jetpack_memberships_contains_paywalled_content":false,"_jetpack_memberships_contains_paid_content":false,"footnotes":"","jetpack_publicize_message":"","jetpack_publicize_feature_enabled":true,"jetpack_social_post_already_shared":true,"jetpack_social_options":{"image_generator_settings":{"template":"highway","default_image_id":0,"font":"","enabled":false},"version":2}},"categories":[2],"tags":[],"class_list":["post-33711","post","type-post","status-publish","format-standard","hentry","category-swedish"],"jetpack_publicize_connections":[],"jetpack_featured_media_url":"","jetpack_sharing_enabled":true,"jetpack_likes_enabled":true,"jetpack-related-posts":[{"id":11114,"url":"https:\/\/www.akehedman.se\/wordpress\/?p=11114","url_meta":{"origin":33711,"position":0},"title":"Leksaker f\u00f6r blivande ingenj\u00f6rer","author":"\u00c5ke Hedman","date":"2013-11-21","format":false,"excerpt":"Leksaker f\u00f6r blivande ingenj\u00f6rer.","rel":"","context":"In &quot;Swedish&quot;","block_context":{"text":"Swedish","link":"https:\/\/www.akehedman.se\/wordpress\/?cat=2"},"img":{"alt_text":"","src":"","width":0,"height":0},"classes":[]},{"id":33944,"url":"https:\/\/www.akehedman.se\/wordpress\/?p=33944","url_meta":{"origin":33711,"position":1},"title":"Dyrt att st\u00e5 utanf\u00f6r internet | Ny Teknik","author":"\u00c5ke Hedman","date":"2019-12-30","format":false,"excerpt":"En miljon m\u00e4nniskor lever i digitalt utanf\u00f6rskap, enligt rapporten Svenskarna och Internet. Av dem \u00e4r omkring 746 000 personer \u00f6ver 65 \u00e5r. Source: Dyrt att st\u00e5 utanf\u00f6r internet | Ny Teknik Fel s\u00e5klart. G\u00f6r de h\u00e4r avgifterna avdragsgilla f\u00f6r dem \u00f6ver 65 liksom avdrag f\u00f6r kurser\/utbildning i att anv\u00e4nda ny\u2026","rel":"","context":"In &quot;Swedish&quot;","block_context":{"text":"Swedish","link":"https:\/\/www.akehedman.se\/wordpress\/?cat=2"},"img":{"alt_text":"","src":"","width":0,"height":0},"classes":[]},{"id":115,"url":"https:\/\/www.akehedman.se\/wordpress\/?p=115","url_meta":{"origin":33711,"position":2},"title":"Ny teknik ger \u00c3\u00a5teranv\u00c3\u00a4ndbart printpapper","author":"\u00c5ke Hedman","date":"2007-10-05","format":false,"excerpt":"Sp\u00c3\u00a4nnande bl\u00c3\u00a4ckteknik Credit: Pill","rel":"","context":"In &quot;Swedish&quot;","block_context":{"text":"Swedish","link":"https:\/\/www.akehedman.se\/wordpress\/?cat=2"},"img":{"alt_text":"","src":"","width":0,"height":0},"classes":[]},{"id":7478,"url":"https:\/\/www.akehedman.se\/wordpress\/?p=7478","url_meta":{"origin":33711,"position":3},"title":"Ny skiva&#8230;","author":"\u00c5ke Hedman","date":"2013-05-30","format":false,"excerpt":"\u00e4r det nog snart dags f\u00f6r k\u00e4nns det f\u00f6rresten som... \u00a0 \u00a0","rel":"","context":"In &quot;Musik&quot;","block_context":{"text":"Musik","link":"https:\/\/www.akehedman.se\/wordpress\/?cat=9"},"img":{"alt_text":"dubbel-not_17-526114145","src":"https:\/\/i0.wp.com\/www.eurosource.se\/akhe\/wordpress\/wp-content\/uploads\/2013\/05\/dubbel-not_17-526114145.jpg?resize=350%2C200","width":350,"height":200},"classes":[]},{"id":24040,"url":"https:\/\/www.akehedman.se\/wordpress\/?p=24040","url_meta":{"origin":33711,"position":4},"title":"H\u00e4r blir Ny Tekniks reporter chippad | Ny Teknik","author":"\u00c5ke Hedman","date":"2017-04-07","format":false,"excerpt":"M\u00e5ste nog bes\u00f6ka den h\u00e4r mannen. Mitt chip har legat i l\u00e5dan allt f\u00f6r m\u00e5nga \u00e5r nu. J\u00e4vligt sv\u00e5rt att hitta n\u00e5gon som kan s\u00e4tta in det. Biohax Source: H\u00e4r blir Ny Tekniks reporter chippad | Ny Teknik","rel":"","context":"In &quot;Swedish&quot;","block_context":{"text":"Swedish","link":"https:\/\/www.akehedman.se\/wordpress\/?cat=2"},"img":{"alt_text":"","src":"","width":0,"height":0},"classes":[]},{"id":21987,"url":"https:\/\/www.akehedman.se\/wordpress\/?p=21987","url_meta":{"origin":33711,"position":5},"title":"Han blir ny vd f\u00f6r Ericsson | Ny Teknik","author":"\u00c5ke Hedman","date":"2016-10-26","format":false,"excerpt":"Suck och g\u00e4sp! Investors tidigare vd, civilingenj\u00f6ren B\u00f6rje Ekholm har utsetts till ny vd och koncernchef p\u00e5 Ericsson, enligt ett pressmeddelande. Source: Han blir ny vd f\u00f6r Ericsson | Ny Teknik","rel":"","context":"In &quot;Swedish&quot;","block_context":{"text":"Swedish","link":"https:\/\/www.akehedman.se\/wordpress\/?cat=2"},"img":{"alt_text":"","src":"","width":0,"height":0},"classes":[]}],"jetpack_shortlink":"https:\/\/wp.me\/p68PL2-8LJ","_links":{"self":[{"href":"https:\/\/www.akehedman.se\/wordpress\/index.php?rest_route=\/wp\/v2\/posts\/33711","targetHints":{"allow":["GET"]}}],"collection":[{"href":"https:\/\/www.akehedman.se\/wordpress\/index.php?rest_route=\/wp\/v2\/posts"}],"about":[{"href":"https:\/\/www.akehedman.se\/wordpress\/index.php?rest_route=\/wp\/v2\/types\/post"}],"author":[{"embeddable":true,"href":"https:\/\/www.akehedman.se\/wordpress\/index.php?rest_route=\/wp\/v2\/users\/24"}],"replies":[{"embeddable":true,"href":"https:\/\/www.akehedman.se\/wordpress\/index.php?rest_route=%2Fwp%2Fv2%2Fcomments&post=33711"}],"version-history":[{"count":1,"href":"https:\/\/www.akehedman.se\/wordpress\/index.php?rest_route=\/wp\/v2\/posts\/33711\/revisions"}],"predecessor-version":[{"id":33712,"href":"https:\/\/www.akehedman.se\/wordpress\/index.php?rest_route=\/wp\/v2\/posts\/33711\/revisions\/33712"}],"wp:attachment":[{"href":"https:\/\/www.akehedman.se\/wordpress\/index.php?rest_route=%2Fwp%2Fv2%2Fmedia&parent=33711"}],"wp:term":[{"taxonomy":"category","embeddable":true,"href":"https:\/\/www.akehedman.se\/wordpress\/index.php?rest_route=%2Fwp%2Fv2%2Fcategories&post=33711"},{"taxonomy":"post_tag","embeddable":true,"href":"https:\/\/www.akehedman.se\/wordpress\/index.php?rest_route=%2Fwp%2Fv2%2Ftags&post=33711"}],"curies":[{"name":"wp","href":"https:\/\/api.w.org\/{rel}","templated":true}]}}