{"id":33382,"date":"2019-10-30T20:20:31","date_gmt":"2019-10-30T19:20:31","guid":{"rendered":"https:\/\/www.akehedman.se\/wordpress\/?p=33382"},"modified":"2019-10-30T20:20:31","modified_gmt":"2019-10-30T19:20:31","slug":"hamrabornas-vardag-visas-i-domkyrkan-utstallningen-vill-lyfta-kyrkans-framtid","status":"publish","type":"post","link":"https:\/\/www.akehedman.se\/wordpress\/?p=33382","title":{"rendered":"Hamrabornas vardag visas i domkyrkan \u2013 utst\u00e4llningen vill lyfta kyrkans framtid"},"content":{"rendered":"<blockquote><p>Fotografen Peter Hoelstads Hamrabilder, av vardagar i glesbygden, har visats p\u00e5 Hudiksvalls museum och i Hamra kyrka. Nu har utst\u00e4llningen f\u00e5tt en \u00e4n st\u00f6rre arena: Uppsala domkyrka. D\u00e4r delar Hoelstads foton rum med gravmonumenten \u00f6ver kung Johan den III och hans gem\u00e5l.<\/p><\/blockquote>\n<p>Source: <em><a href=\"https:\/\/www.helahalsingland.se\/artikel\/hamrabornas-vardag-visas-i-domkyrkan-utstallningen-vill-lyfta-kyrkans-framtid\">Hamrabornas vardag visas i domkyrkan \u2013 utst\u00e4llningen vill lyfta kyrkans framtid<\/a><\/em><\/p>\n","protected":false},"excerpt":{"rendered":"<p>Fotografen Peter Hoelstads Hamrabilder, av vardagar i glesbygden, har visats p\u00e5 Hudiksvalls museum och i Hamra kyrka. Nu har utst\u00e4llningen f\u00e5tt en \u00e4n st\u00f6rre arena: Uppsala domkyrka. D\u00e4r delar Hoelstads foton rum med gravmonumenten \u00f6ver kung Johan den III och hans gem\u00e5l. Source: Hamrabornas vardag visas i domkyrkan \u2013 utst\u00e4llningen vill lyfta kyrkans framtid<\/p>\n","protected":false},"author":24,"featured_media":0,"comment_status":"open","ping_status":"open","sticky":false,"template":"","format":"standard","meta":{"_crdt_document":"","jetpack_post_was_ever_published":false,"_jetpack_newsletter_access":"","_jetpack_dont_email_post_to_subs":false,"_jetpack_newsletter_tier_id":0,"_jetpack_memberships_contains_paywalled_content":false,"_jetpack_memberships_contains_paid_content":false,"footnotes":"","jetpack_publicize_message":"","jetpack_publicize_feature_enabled":true,"jetpack_social_post_already_shared":true,"jetpack_social_options":{"image_generator_settings":{"template":"highway","default_image_id":0,"font":"","enabled":false},"version":2}},"categories":[2],"tags":[],"class_list":["post-33382","post","type-post","status-publish","format-standard","hentry","category-swedish"],"jetpack_publicize_connections":[],"jetpack_featured_media_url":"","jetpack_sharing_enabled":true,"jetpack_likes_enabled":true,"jetpack-related-posts":[{"id":26852,"url":"https:\/\/www.akehedman.se\/wordpress\/?p=26852","url_meta":{"origin":33382,"position":0},"title":"Miniutst\u00e4llning: Aldrig mer! Om folkmord","author":"\u00c5ke Hedman","date":"2018-01-25","format":false,"excerpt":"Aldrig mer! Om folkmord \u00e4r en utskrivbar miniutst\u00e4llning\u00a0som du kan ladda ner och s\u00e4tta upp p\u00e5 till exempel ditt bibliotek eller p\u00e5\u00a0din\u00a0skola.Aldrig mer! Det var den r\u00e5dande andan efter andra v\u00e4rldskriget, d\u00e5 omv\u00e4rlden fick upp \u00f6gonen f\u00f6r de fruktansv\u00e4rda massmord p\u00e5 judar, romer och andra grupper som beg\u00e5tts av den\u2026","rel":"","context":"In &quot;Swedish&quot;","block_context":{"text":"Swedish","link":"https:\/\/www.akehedman.se\/wordpress\/?cat=2"},"img":{"alt_text":"","src":"","width":0,"height":0},"classes":[]},{"id":23442,"url":"https:\/\/www.akehedman.se\/wordpress\/?p=23442","url_meta":{"origin":33382,"position":1},"title":"Sn\u00f6fall","author":"\u00c5ke Hedman","date":"2017-02-22","format":false,"excerpt":"Sn\u00f6fall, ett helt normalt sn\u00f6v\u00e4der, men pressen ropar ut \"SN\u00d6KAOS\" med sina stora rubriker. Jag undrar hur m\u00e5nga sn\u00f6fall av dagens kaliber jag varit med om i mitt liv. M\u00e5nga \u00e4r det. Bra n\u00e5gra f\u00e5 har f\u00e5tt mig att h\u00f6ja p\u00e5 \u00f6gonbrynen. Dagens g\u00f6r det inte. S\u00e5klart. Det r\u00e4cker liksom\u2026","rel":"","context":"In &quot;Betraktelser &amp; Ber\u00e4ttelse&quot;","block_context":{"text":"Betraktelser &amp; Ber\u00e4ttelse","link":"https:\/\/www.akehedman.se\/wordpress\/?cat=24"},"img":{"alt_text":"","src":"https:\/\/i0.wp.com\/www.akehedman.se\/wordpress\/wp-content\/uploads\/2017\/02\/20170222_084605-e1487754511371-576x1024.png?resize=350%2C200","width":350,"height":200,"srcset":"https:\/\/i0.wp.com\/www.akehedman.se\/wordpress\/wp-content\/uploads\/2017\/02\/20170222_084605-e1487754511371-576x1024.png?resize=350%2C200 1x, https:\/\/i0.wp.com\/www.akehedman.se\/wordpress\/wp-content\/uploads\/2017\/02\/20170222_084605-e1487754511371-576x1024.png?resize=525%2C300 1.5x"},"classes":[]},{"id":24541,"url":"https:\/\/www.akehedman.se\/wordpress\/?p=24541","url_meta":{"origin":33382,"position":2},"title":"OM ATT HANTERA R\u00c4DSLA | T\u00c4PPAS TOPPENBLOGG","author":"\u00c5ke Hedman","date":"2017-06-02","format":false,"excerpt":"Om du \u00e4r i Hudiksvall s\u00e5 kan den h\u00e4r utst\u00e4llningen vara v\u00e4rd att se tror jag. Source: OM ATT HANTERA R\u00c4DSLA | T\u00c4PPAS TOPPENBLOGG","rel":"","context":"In &quot;Swedish&quot;","block_context":{"text":"Swedish","link":"https:\/\/www.akehedman.se\/wordpress\/?cat=2"},"img":{"alt_text":"","src":"","width":0,"height":0},"classes":[]},{"id":45344,"url":"https:\/\/www.akehedman.se\/wordpress\/?p=45344","url_meta":{"origin":33382,"position":3},"title":"Det mediokra","author":"\u00c5ke Hedman","date":"2023-06-18","format":false,"excerpt":"Photo by Valeria Ushakova on Pexels.com Vi tittar in p\u00e5 konstutst\u00e4llningen. Tre lokala konstn\u00e4rer. G\u00e5r runt d\u00e4r. F\u00f6rs\u00f6ker f\u00f6rst\u00e5r och se. En del \u00e4r j\u00e4kligt bra. Men det mesta \u00e4r r\u00e4tt tr\u00e5kigt. Mediokert. Man orkar liksom inte mer efter ett tag. Och d\u00e4r sl\u00e5r det mig... Precis s\u00e5 \u00e4r det\u2026","rel":"","context":"In &quot;Betraktelser &amp; Ber\u00e4ttelse&quot;","block_context":{"text":"Betraktelser &amp; Ber\u00e4ttelse","link":"https:\/\/www.akehedman.se\/wordpress\/?cat=24"},"img":{"alt_text":"woman painting outdoors","src":"https:\/\/i0.wp.com\/www.akehedman.se\/wordpress\/wp-content\/uploads\/2023\/06\/pexels-photo-3094218.jpeg?resize=350%2C200&ssl=1","width":350,"height":200,"srcset":"https:\/\/i0.wp.com\/www.akehedman.se\/wordpress\/wp-content\/uploads\/2023\/06\/pexels-photo-3094218.jpeg?resize=350%2C200&ssl=1 1x, https:\/\/i0.wp.com\/www.akehedman.se\/wordpress\/wp-content\/uploads\/2023\/06\/pexels-photo-3094218.jpeg?resize=525%2C300&ssl=1 1.5x, https:\/\/i0.wp.com\/www.akehedman.se\/wordpress\/wp-content\/uploads\/2023\/06\/pexels-photo-3094218.jpeg?resize=700%2C400&ssl=1 2x"},"classes":[]},{"id":16534,"url":"https:\/\/www.akehedman.se\/wordpress\/?p=16534","url_meta":{"origin":33382,"position":4},"title":"Sn\u00e4lla skicka inte s\u00e5 m\u00e5nga semlor i \u00e5r","author":"\u00c5ke Hedman","date":"2015-02-15","format":false,"excerpt":"Jag t\u00e4nker inte skriva \"PO Tidholm\" h\u00e4r idag. Jag ger fan i Norrland idag. Fullst\u00e4ndigt blanka fan i allt det d\u00e4r. De som vet och anser sig veta, sandwichgubbar med underg\u00e5ngsskyltar och andra f\u00e5r forts\u00e4tta med det d\u00e4r. Jag \u00e4r inte expert och vill inte bli expert p\u00e5 ett endaste\u2026","rel":"","context":"In &quot;Betraktelser &amp; Ber\u00e4ttelse&quot;","block_context":{"text":"Betraktelser &amp; Ber\u00e4ttelse","link":"https:\/\/www.akehedman.se\/wordpress\/?cat=24"},"img":{"alt_text":"Semla","src":"https:\/\/i0.wp.com\/www.eurosource.se\/akhe\/wordpress\/wp-content\/uploads\/2013\/01\/Semla.jpg?resize=350%2C200","width":350,"height":200},"classes":[]},{"id":29379,"url":"https:\/\/www.akehedman.se\/wordpress\/?p=29379","url_meta":{"origin":33382,"position":5},"title":"Senast l\u00e4sta bok","author":"\u00c5ke Hedman","date":"2018-07-20","format":false,"excerpt":"Den stora utst\u00e4llningen av Marie Hermansson Jag l\u00e4ser den h\u00e4r boken med gl\u00e4dje. Kul grepp att l\u00e5ta Albert Einstein vara en romanfigur som g\u00e5r in och ur det som verkligen har h\u00e4nt. Kul just d\u00e4rf\u00f6r att han sammanv\u00e4vs s\u00e5 bra med ber\u00e4ttelsen och som en vanlig m\u00e4nniska (n\u00e5ja, ganska vanlig\u2026","rel":"","context":"In &quot;Betraktelser &amp; Ber\u00e4ttelse&quot;","block_context":{"text":"Betraktelser &amp; Ber\u00e4ttelse","link":"https:\/\/www.akehedman.se\/wordpress\/?cat=24"},"img":{"alt_text":"","src":"https:\/\/i0.wp.com\/www.akehedman.se\/wordpress\/wp-content\/uploads\/2018\/07\/9789100169992_200x_den-stora-utstallningen.jpeg?resize=350%2C200","width":350,"height":200},"classes":[]}],"jetpack_shortlink":"https:\/\/wp.me\/p68PL2-8Gq","_links":{"self":[{"href":"https:\/\/www.akehedman.se\/wordpress\/index.php?rest_route=\/wp\/v2\/posts\/33382","targetHints":{"allow":["GET"]}}],"collection":[{"href":"https:\/\/www.akehedman.se\/wordpress\/index.php?rest_route=\/wp\/v2\/posts"}],"about":[{"href":"https:\/\/www.akehedman.se\/wordpress\/index.php?rest_route=\/wp\/v2\/types\/post"}],"author":[{"embeddable":true,"href":"https:\/\/www.akehedman.se\/wordpress\/index.php?rest_route=\/wp\/v2\/users\/24"}],"replies":[{"embeddable":true,"href":"https:\/\/www.akehedman.se\/wordpress\/index.php?rest_route=%2Fwp%2Fv2%2Fcomments&post=33382"}],"version-history":[{"count":1,"href":"https:\/\/www.akehedman.se\/wordpress\/index.php?rest_route=\/wp\/v2\/posts\/33382\/revisions"}],"predecessor-version":[{"id":33383,"href":"https:\/\/www.akehedman.se\/wordpress\/index.php?rest_route=\/wp\/v2\/posts\/33382\/revisions\/33383"}],"wp:attachment":[{"href":"https:\/\/www.akehedman.se\/wordpress\/index.php?rest_route=%2Fwp%2Fv2%2Fmedia&parent=33382"}],"wp:term":[{"taxonomy":"category","embeddable":true,"href":"https:\/\/www.akehedman.se\/wordpress\/index.php?rest_route=%2Fwp%2Fv2%2Fcategories&post=33382"},{"taxonomy":"post_tag","embeddable":true,"href":"https:\/\/www.akehedman.se\/wordpress\/index.php?rest_route=%2Fwp%2Fv2%2Ftags&post=33382"}],"curies":[{"name":"wp","href":"https:\/\/api.w.org\/{rel}","templated":true}]}}