{"id":33378,"date":"2019-10-30T14:20:06","date_gmt":"2019-10-30T13:20:06","guid":{"rendered":"https:\/\/www.akehedman.se\/wordpress\/?p=33378"},"modified":"2019-10-30T14:20:13","modified_gmt":"2019-10-30T13:20:13","slug":"ikea-pa-gang-med-knapp-for-smarta-hemmet-ny-teknik","status":"publish","type":"post","link":"https:\/\/www.akehedman.se\/wordpress\/?p=33378","title":{"rendered":"Ikea p\u00e5 g\u00e5ng med knapp f\u00f6r smarta hemmet | Ny Teknik"},"content":{"rendered":"<p>Source: <em><a href=\"https:\/\/www.nyteknik.se\/digitalisering\/ikea-pa-gang-med-knapp-for-smarta-hemmet-6976912?source=carma&amp;utm_custom%5Bcm%5D=315344646,33270&amp;=\">Ikea p\u00e5 g\u00e5ng med knapp f\u00f6r smarta hemmet | Ny Teknik<\/a><\/em><\/p>\n","protected":false},"excerpt":{"rendered":"<p>Source: Ikea p\u00e5 g\u00e5ng med knapp f\u00f6r smarta hemmet | Ny Teknik<\/p>\n","protected":false},"author":24,"featured_media":0,"comment_status":"open","ping_status":"open","sticky":false,"template":"","format":"standard","meta":{"_crdt_document":"","jetpack_post_was_ever_published":false,"_jetpack_newsletter_access":"","_jetpack_dont_email_post_to_subs":false,"_jetpack_newsletter_tier_id":0,"_jetpack_memberships_contains_paywalled_content":false,"_jetpack_memberships_contains_paid_content":false,"footnotes":"","jetpack_publicize_message":"","jetpack_publicize_feature_enabled":true,"jetpack_social_post_already_shared":true,"jetpack_social_options":{"image_generator_settings":{"template":"highway","default_image_id":0,"font":"","enabled":false},"version":2}},"categories":[2],"tags":[],"class_list":["post-33378","post","type-post","status-publish","format-standard","hentry","category-swedish"],"jetpack_publicize_connections":[],"jetpack_featured_media_url":"","jetpack_sharing_enabled":true,"jetpack_likes_enabled":true,"jetpack-related-posts":[{"id":29600,"url":"https:\/\/www.akehedman.se\/wordpress\/?p=29600","url_meta":{"origin":33378,"position":0},"title":"H\u00e4r \u00e4r Ikeas smarta eluttag","author":"\u00c5ke Hedman","date":"2018-08-24","format":false,"excerpt":"Kanske h\u00e5ller det \u00e4nd\u00e5 p\u00e5 att h\u00e4nda n\u00e5got nu \u00e4nd\u00e5. I oktober sl\u00e4pper Ikea sin nya produkt f\u00f6r det smarta hemmet. Det \u00e4r en kombination av stickkontakt och v\u00e4gguttag som man kan kontrollera med en fysisk knapp eller via en mobilapp. Source: H\u00e4r \u00e4r Ikeas smarta eluttag","rel":"","context":"In &quot;Swedish&quot;","block_context":{"text":"Swedish","link":"https:\/\/www.akehedman.se\/wordpress\/?cat=2"},"img":{"alt_text":"","src":"","width":0,"height":0},"classes":[]},{"id":20141,"url":"https:\/\/www.akehedman.se\/wordpress\/?p=20141","url_meta":{"origin":33378,"position":1},"title":"Ikeas LED-lampor: Ink\u00f6rs\u00adport till det smarta hemmet \u2013 Elektroniktidningen","author":"\u00c5ke Hedman","date":"2016-04-07","format":false,"excerpt":"Ikeas LED-lampor:Ink\u00f6rs\u00adporten till det smarta hemmetF\u00f6r m\u00f6belj\u00e4tten Ikea \u00e4r det viktigt med anv\u00e4ndarnytta och stora volymer n\u00e4r f\u00f6retaget i h\u00f6st ger sig in p\u00e5 omr\u00e5det smarta hem. Den f\u00f6rsta produkten kallad Tr\u00e5dfri \u00e4r ett paket med en vit LED-baserad gl\u00f6dlampsers\u00e4ttare och en liten fj\u00e4rrkontroll f\u00f6r att \u00e4ndra f\u00e4rgtemperaturen och dimma\u2026","rel":"","context":"In &quot;Swedish&quot;","block_context":{"text":"Swedish","link":"https:\/\/www.akehedman.se\/wordpress\/?cat=2"},"img":{"alt_text":"","src":"","width":0,"height":0},"classes":[]},{"id":32786,"url":"https:\/\/www.akehedman.se\/wordpress\/?p=32786","url_meta":{"origin":33378,"position":2},"title":"H\u00e4r \u00e4r Ikeas j\u00e4ttesatsning p\u00e5 smarta hem-prylar | Ny Teknik","author":"\u00c5ke Hedman","date":"2019-08-16","format":false,"excerpt":"Source: H\u00e4r \u00e4r Ikeas j\u00e4ttesatsning p\u00e5 smarta hem-prylar | Ny Teknik","rel":"","context":"In &quot;Home Automation&quot;","block_context":{"text":"Home Automation","link":"https:\/\/www.akehedman.se\/wordpress\/?cat=31"},"img":{"alt_text":"","src":"","width":0,"height":0},"classes":[]},{"id":34916,"url":"https:\/\/www.akehedman.se\/wordpress\/?p=34916","url_meta":{"origin":33378,"position":3},"title":"Ta med dig hemmet i handen \u2013 Elektroniktidningen","author":"\u00c5ke Hedman","date":"2020-04-15","format":false,"excerpt":"Uppt\u00e4ck att frysd\u00f6rren \u00e4r gl\u00f6md p\u00e5 gl\u00e4nt. Eller sl\u00e4ck belysningen automatiskt n\u00e4r solen g\u00e5r upp vid horisonten. S\u00e5 ser Schneider Electric att det smarta hemmet ska fungera. Det franska f\u00f6retaget har inlett en j\u00e4ttesatsning p\u00e5 omr\u00e5det \u2013 d\u00e4r enkelhet och \u00f6ppenhet \u00e4r tv\u00e5 centrala delar. Source: Ta med dig hemmet\u2026","rel":"","context":"In &quot;Swedish&quot;","block_context":{"text":"Swedish","link":"https:\/\/www.akehedman.se\/wordpress\/?cat=2"},"img":{"alt_text":"","src":"","width":0,"height":0},"classes":[]},{"id":31781,"url":"https:\/\/www.akehedman.se\/wordpress\/?p=31781","url_meta":{"origin":33378,"position":4},"title":"Hj\u00e4rnforskare: Digitaliseringen stj\u00e4l din koncentration | Ny Teknik","author":"\u00c5ke Hedman","date":"2019-03-25","format":false,"excerpt":"I en stor studie p\u00e5 anv\u00e4ndandet av smarta telefoner visade forskarna att den grupp som anv\u00e4nt smarta telefoner under tre m\u00e5nader fick \u00f6kad social oro och s\u00e4mre koncentrationsf\u00f6rm\u00e5ga. Source: Hj\u00e4rnforskare: Digitaliseringen stj\u00e4l din koncentration | Ny Teknik","rel":"","context":"In &quot;Swedish&quot;","block_context":{"text":"Swedish","link":"https:\/\/www.akehedman.se\/wordpress\/?cat=2"},"img":{"alt_text":"","src":"","width":0,"height":0},"classes":[]},{"id":42972,"url":"https:\/\/www.akehedman.se\/wordpress\/?p=42972","url_meta":{"origin":33378,"position":5},"title":"Mer information om nya hubben Ikea Dirigera","author":"\u00c5ke Hedman","date":"2022-10-06","format":false,"excerpt":"Att Ikea \u00e4r p\u00e5 g\u00e5ng med en ny hubb \u00e4r ingen hemlighet. Nu dyker det upp ganska mycket information om nya Ikea Dirigera via hemsidan TheVerge. Det \u00e4r hemsidan TheVerge som publicerat en l\u00e5ng artikel om\u2026 Source: Mer information om nya hubben Ikea Dirigera","rel":"","context":"In &quot;Swedish&quot;","block_context":{"text":"Swedish","link":"https:\/\/www.akehedman.se\/wordpress\/?cat=2"},"img":{"alt_text":"","src":"https:\/\/i0.wp.com\/teknikveckan.fra1.cdn.digitaloceanspaces.com\/uploads\/2022\/05\/Ikea-Dirigera-Symfonisk-1320x1320.webp?resize=350%2C200&ssl=1","width":350,"height":200,"srcset":"https:\/\/i0.wp.com\/teknikveckan.fra1.cdn.digitaloceanspaces.com\/uploads\/2022\/05\/Ikea-Dirigera-Symfonisk-1320x1320.webp?resize=350%2C200&ssl=1 1x, https:\/\/i0.wp.com\/teknikveckan.fra1.cdn.digitaloceanspaces.com\/uploads\/2022\/05\/Ikea-Dirigera-Symfonisk-1320x1320.webp?resize=525%2C300&ssl=1 1.5x, https:\/\/i0.wp.com\/teknikveckan.fra1.cdn.digitaloceanspaces.com\/uploads\/2022\/05\/Ikea-Dirigera-Symfonisk-1320x1320.webp?resize=700%2C400&ssl=1 2x, https:\/\/i0.wp.com\/teknikveckan.fra1.cdn.digitaloceanspaces.com\/uploads\/2022\/05\/Ikea-Dirigera-Symfonisk-1320x1320.webp?resize=1050%2C600&ssl=1 3x"},"classes":[]}],"jetpack_shortlink":"https:\/\/wp.me\/p68PL2-8Gm","_links":{"self":[{"href":"https:\/\/www.akehedman.se\/wordpress\/index.php?rest_route=\/wp\/v2\/posts\/33378","targetHints":{"allow":["GET"]}}],"collection":[{"href":"https:\/\/www.akehedman.se\/wordpress\/index.php?rest_route=\/wp\/v2\/posts"}],"about":[{"href":"https:\/\/www.akehedman.se\/wordpress\/index.php?rest_route=\/wp\/v2\/types\/post"}],"author":[{"embeddable":true,"href":"https:\/\/www.akehedman.se\/wordpress\/index.php?rest_route=\/wp\/v2\/users\/24"}],"replies":[{"embeddable":true,"href":"https:\/\/www.akehedman.se\/wordpress\/index.php?rest_route=%2Fwp%2Fv2%2Fcomments&post=33378"}],"version-history":[{"count":1,"href":"https:\/\/www.akehedman.se\/wordpress\/index.php?rest_route=\/wp\/v2\/posts\/33378\/revisions"}],"predecessor-version":[{"id":33379,"href":"https:\/\/www.akehedman.se\/wordpress\/index.php?rest_route=\/wp\/v2\/posts\/33378\/revisions\/33379"}],"wp:attachment":[{"href":"https:\/\/www.akehedman.se\/wordpress\/index.php?rest_route=%2Fwp%2Fv2%2Fmedia&parent=33378"}],"wp:term":[{"taxonomy":"category","embeddable":true,"href":"https:\/\/www.akehedman.se\/wordpress\/index.php?rest_route=%2Fwp%2Fv2%2Fcategories&post=33378"},{"taxonomy":"post_tag","embeddable":true,"href":"https:\/\/www.akehedman.se\/wordpress\/index.php?rest_route=%2Fwp%2Fv2%2Ftags&post=33378"}],"curies":[{"name":"wp","href":"https:\/\/api.w.org\/{rel}","templated":true}]}}