{"id":33376,"date":"2019-10-29T21:22:43","date_gmt":"2019-10-29T20:22:43","guid":{"rendered":"https:\/\/www.akehedman.se\/wordpress\/?p=33376"},"modified":"2019-10-29T21:22:43","modified_gmt":"2019-10-29T20:22:43","slug":"mamma-mos-har-avlidit","status":"publish","type":"post","link":"https:\/\/www.akehedman.se\/wordpress\/?p=33376","title":{"rendered":"Mamma Mos har avlidit"},"content":{"rendered":"<blockquote><p>&#8220;Varf\u00f6r k\u00f6pa korv i Los n\u00e4r vi har Mamma Mos?&#8221;<\/p><\/blockquote>\n<p>Source: <em><a href=\"https:\/\/www.helahalsingland.se\/artikel\/mamma-mos-har-avlidit\">Mamma Mos har avlidit<\/a><\/em><\/p>\n","protected":false},"excerpt":{"rendered":"<p>&#8220;Varf\u00f6r k\u00f6pa korv i Los n\u00e4r vi har Mamma Mos?&#8221; Source: Mamma Mos har avlidit<\/p>\n","protected":false},"author":24,"featured_media":0,"comment_status":"open","ping_status":"open","sticky":false,"template":"","format":"standard","meta":{"_crdt_document":"","jetpack_post_was_ever_published":false,"_jetpack_newsletter_access":"","_jetpack_dont_email_post_to_subs":false,"_jetpack_newsletter_tier_id":0,"_jetpack_memberships_contains_paywalled_content":false,"_jetpack_memberships_contains_paid_content":false,"footnotes":"","jetpack_publicize_message":"","jetpack_publicize_feature_enabled":true,"jetpack_social_post_already_shared":true,"jetpack_social_options":{"image_generator_settings":{"template":"highway","default_image_id":0,"font":"","enabled":false},"version":2}},"categories":[2],"tags":[],"class_list":["post-33376","post","type-post","status-publish","format-standard","hentry","category-swedish"],"jetpack_publicize_connections":[],"jetpack_featured_media_url":"","jetpack_sharing_enabled":true,"jetpack_likes_enabled":true,"jetpack-related-posts":[{"id":41592,"url":"https:\/\/www.akehedman.se\/wordpress\/?p=41592","url_meta":{"origin":33376,"position":0},"title":"Nya \u00e4gare p\u00e5 g\u00e5ng till klassiska Mamma mos \u2013 Helah\u00e4lsingland","author":"\u00c5ke Hedman","date":"2022-03-23","format":false,"excerpt":"Renovering p\u00e5g\u00e5r i lokalen. Source: Nya \u00e4gare p\u00e5 g\u00e5ng till klassiska Mamma mos \u2013 Helah\u00e4lsingland Finns inte en turnerande musiker som inte inhandlat en korv p\u00e5 klassiska Mamma mos i Bolln\u00e4s. En och annan raggare dessutom. Dom som myntade begreppet \u201cVarf\u00f6r k\u00f6pa korv i Los n\u00e4r vi har Mamma Mos?\u201d\u2026","rel":"","context":"In &quot;Swedish&quot;","block_context":{"text":"Swedish","link":"https:\/\/www.akehedman.se\/wordpress\/?cat=2"},"img":{"alt_text":"","src":"","width":0,"height":0},"classes":[]},{"id":19857,"url":"https:\/\/www.akehedman.se\/wordpress\/?p=19857","url_meta":{"origin":33376,"position":1},"title":"Monitors grundare \u00c5ke Persson har avlidit","author":"\u00c5ke Hedman","date":"2016-03-07","format":false,"excerpt":"Det d\u00f6r alldeles f\u00f6r m\u00e5nga bra m\u00e4nniskor just nu! \u00c5ke Persson, grundaren av bolaget Monitor i Hudiksvall, har avlidit i en \u00e5lder av 73 \u00e5r. Source: Monitors grundare \u00c5ke Persson har avlidit","rel":"","context":"In &quot;Swedish&quot;","block_context":{"text":"Swedish","link":"https:\/\/www.akehedman.se\/wordpress\/?cat=2"},"img":{"alt_text":"","src":"","width":0,"height":0},"classes":[]},{"id":24355,"url":"https:\/\/www.akehedman.se\/wordpress\/?p=24355","url_meta":{"origin":33376,"position":2},"title":"Hannah Widell och Amanda Schulmans st\u00f6rsta misstag: Lyssnat f\u00f6r mycket p\u00e5 kaxiga m\u00e4n &#8211; Breakit","author":"\u00c5ke Hedman","date":"2017-05-13","format":false,"excerpt":"S\u00e4g det till Ingvar Kamprad, ja som ett r\u00e5d liksom. \u201cJag tror inte att man ska vara p\u00e5 ett och samma bolag i mer \u00e4n fem \u00e5r. Nu har vi drivit det h\u00e4r i sex \u00e5r och vi g\u00f6r mer och mer andra saker. F\u00f6r bolaget \u00e4r det lite som\u2026","rel":"","context":"In &quot;Swedish&quot;","block_context":{"text":"Swedish","link":"https:\/\/www.akehedman.se\/wordpress\/?cat=2"},"img":{"alt_text":"","src":"","width":0,"height":0},"classes":[]},{"id":12869,"url":"https:\/\/www.akehedman.se\/wordpress\/?p=12869","url_meta":{"origin":33376,"position":3},"title":"Lars Norin har avlidit &#8211; Ovan\u00e5ker &#8211; www.helahalsingland.se","author":"\u00c5ke Hedman","date":"2014-04-17","format":false,"excerpt":"V\u00e4nnerna ramlar bort fr\u00e5n oss. En efter en efter en g\u00f6r de det och man st\u00e5r kvar h\u00e4r sj\u00e4lv... Det k\u00e4nns konstigt n\u00e4r de man v\u00e4xte upp d\u00f6r ifr\u00e5n en. Det \u00e4r bara s\u00e5 och v\u00e4rlden bli alltid lite fattigare f\u00f6r var och en som g\u00e5r vidare. Lars Norin har\u2026","rel":"","context":"In &quot;Swedish&quot;","block_context":{"text":"Swedish","link":"https:\/\/www.akehedman.se\/wordpress\/?cat=2"},"img":{"alt_text":"","src":"","width":0,"height":0},"classes":[]},{"id":38596,"url":"https:\/\/www.akehedman.se\/wordpress\/?p=38596","url_meta":{"origin":33376,"position":4},"title":"Musikern Conny S\u00f6derlund har avlidit \u2013 Kkuriren","author":"\u00c5ke Hedman","date":"2021-04-26","format":false,"excerpt":"Gitarristen Conny S\u00f6derlund, Katrineholm, har avlidit efter en l\u00e4ngre tids sjukdom. Med sitt band Con's Combo hade han stora framg\u00e5ngar i Sydamerika p\u00e5 60-talet, och hemma i Sverige spelade han med bland andra Cornelis Vreeswijk och Cyndee Peters. Source: Musikern Conny S\u00f6derlund har avlidit \u2013 Kkuriren Tr\u00e5kigt att h\u00f6ra. Det\u2026","rel":"","context":"In &quot;Betraktelser &amp; Ber\u00e4ttelse&quot;","block_context":{"text":"Betraktelser &amp; Ber\u00e4ttelse","link":"https:\/\/www.akehedman.se\/wordpress\/?cat=24"},"img":{"alt_text":"","src":"https:\/\/i0.wp.com\/img.youtube.com\/vi\/tEugqI4SxU8\/0.jpg?resize=350%2C200","width":350,"height":200},"classes":[]},{"id":34224,"url":"https:\/\/www.akehedman.se\/wordpress\/?p=34224","url_meta":{"origin":33376,"position":5},"title":"William ber\u00e4ttar om mamma Emmas kamp efter branden \u201dJag trodde inte det var s\u00e5 illa\u201d &#8211; Efter fem &#8211; tv4.se","author":"\u00c5ke Hedman","date":"2020-01-21","format":false,"excerpt":"En tidig septembermorgon vaknar Emma av att det \u00e4r sv\u00e5rt att andas. Hon \u00e4r ensam hemma med sina sex barn och huset st\u00e5r i l\u00e5gor. Mormor Maria Schols kan inte h\u00e5lla t\u00e5rarna tillbaka n\u00e4r hon ska ber\u00e4tta om sin dotters kamp f\u00f6r att r\u00e4dda sina sex barn ur branden. H\u00e4r\u2026","rel":"","context":"In &quot;Swedish&quot;","block_context":{"text":"Swedish","link":"https:\/\/www.akehedman.se\/wordpress\/?cat=2"},"img":{"alt_text":"","src":"","width":0,"height":0},"classes":[]}],"jetpack_shortlink":"https:\/\/wp.me\/p68PL2-8Gk","_links":{"self":[{"href":"https:\/\/www.akehedman.se\/wordpress\/index.php?rest_route=\/wp\/v2\/posts\/33376","targetHints":{"allow":["GET"]}}],"collection":[{"href":"https:\/\/www.akehedman.se\/wordpress\/index.php?rest_route=\/wp\/v2\/posts"}],"about":[{"href":"https:\/\/www.akehedman.se\/wordpress\/index.php?rest_route=\/wp\/v2\/types\/post"}],"author":[{"embeddable":true,"href":"https:\/\/www.akehedman.se\/wordpress\/index.php?rest_route=\/wp\/v2\/users\/24"}],"replies":[{"embeddable":true,"href":"https:\/\/www.akehedman.se\/wordpress\/index.php?rest_route=%2Fwp%2Fv2%2Fcomments&post=33376"}],"version-history":[{"count":1,"href":"https:\/\/www.akehedman.se\/wordpress\/index.php?rest_route=\/wp\/v2\/posts\/33376\/revisions"}],"predecessor-version":[{"id":33377,"href":"https:\/\/www.akehedman.se\/wordpress\/index.php?rest_route=\/wp\/v2\/posts\/33376\/revisions\/33377"}],"wp:attachment":[{"href":"https:\/\/www.akehedman.se\/wordpress\/index.php?rest_route=%2Fwp%2Fv2%2Fmedia&parent=33376"}],"wp:term":[{"taxonomy":"category","embeddable":true,"href":"https:\/\/www.akehedman.se\/wordpress\/index.php?rest_route=%2Fwp%2Fv2%2Fcategories&post=33376"},{"taxonomy":"post_tag","embeddable":true,"href":"https:\/\/www.akehedman.se\/wordpress\/index.php?rest_route=%2Fwp%2Fv2%2Ftags&post=33376"}],"curies":[{"name":"wp","href":"https:\/\/api.w.org\/{rel}","templated":true}]}}