{"id":3318,"date":"2013-02-24T12:38:26","date_gmt":"2013-02-24T11:38:26","guid":{"rendered":"http:\/\/www.eurosource.se\/akhe\/wordpress\/?p=3318"},"modified":"2013-02-24T12:38:26","modified_gmt":"2013-02-24T11:38:26","slug":"why-isnt-europe-a-global-ict-leader-debating-europe","status":"publish","type":"post","link":"https:\/\/www.akehedman.se\/wordpress\/?p=3318","title":{"rendered":"Why isn\u2019t Europe a global ICT leader? | Debating Europe"},"content":{"rendered":"<p style=\"text-align: center;\"><a href=\"http:\/\/www.debatingeurope.eu\/2013\/02\/22\/europe-ict-entrepreneurs\/\"><img decoding=\"async\" src=\"http:\/\/1.gravatar.com\/avatar\/ffdb814267aeff44d9feb55689246fec?s=40&#038;d=identicon&#038;r=G\" alt=\"\" \/><\/a><\/p>\n<p><a href='http:\/\/www.debatingeurope.eu\/2013\/02\/22\/europe-ict-entrepreneurs\/'>Why isn\u2019t Europe a global ICT leader? | Debating Europe<\/a>.<\/p>\n","protected":false},"excerpt":{"rendered":"<p>Why isn\u2019t Europe a global ICT leader? | Debating Europe.<\/p>\n","protected":false},"author":24,"featured_media":0,"comment_status":"open","ping_status":"open","sticky":false,"template":"","format":"standard","meta":{"_crdt_document":"","jetpack_post_was_ever_published":false,"_jetpack_newsletter_access":"","_jetpack_dont_email_post_to_subs":false,"_jetpack_newsletter_tier_id":0,"_jetpack_memberships_contains_paywalled_content":false,"_jetpack_memberships_contains_paid_content":false,"footnotes":"","jetpack_publicize_message":"","jetpack_publicize_feature_enabled":true,"jetpack_social_post_already_shared":true,"jetpack_social_options":{"image_generator_settings":{"template":"highway","default_image_id":0,"font":"","enabled":false},"version":2}},"categories":[2],"tags":[],"class_list":["post-3318","post","type-post","status-publish","format-standard","hentry","category-swedish"],"jetpack_publicize_connections":[],"jetpack_featured_media_url":"","jetpack_sharing_enabled":true,"jetpack_likes_enabled":true,"jetpack-related-posts":[{"id":23208,"url":"https:\/\/www.akehedman.se\/wordpress\/?p=23208","url_meta":{"origin":3318,"position":0},"title":"The 34 coolest tech CEOs in Europe &#8211; Business Insider","author":"\u00c5ke Hedman","date":"2017-02-03","format":false,"excerpt":"We ranked the coolest and most innovative startup CEOs in Europe. Source: The 34 coolest tech CEOs in Europe - Business Insider","rel":"","context":"In &quot;Swedish&quot;","block_context":{"text":"Swedish","link":"https:\/\/www.akehedman.se\/wordpress\/?cat=2"},"img":{"alt_text":"","src":"","width":0,"height":0},"classes":[]},{"id":25894,"url":"https:\/\/www.akehedman.se\/wordpress\/?p=25894","url_meta":{"origin":3318,"position":1},"title":"Aurora Service (Europe)","author":"\u00c5ke Hedman","date":"2017-11-08","format":false,"excerpt":"Aurora Borealis information service for Europe. Telling you when the Northern Lights are likely to appear. Real-time Aurora Forecasts and live solar wind data. Source: Aurora Service (Europe)","rel":"","context":"In &quot;Swedish&quot;","block_context":{"text":"Swedish","link":"https:\/\/www.akehedman.se\/wordpress\/?cat=2"},"img":{"alt_text":"","src":"https:\/\/i0.wp.com\/www.akehedman.se\/wordpress\/wp-content\/uploads\/2017\/11\/aurora-service-tours-logo-web-800x800.png?resize=350%2C200","width":350,"height":200,"srcset":"https:\/\/i0.wp.com\/www.akehedman.se\/wordpress\/wp-content\/uploads\/2017\/11\/aurora-service-tours-logo-web-800x800.png?resize=350%2C200 1x, https:\/\/i0.wp.com\/www.akehedman.se\/wordpress\/wp-content\/uploads\/2017\/11\/aurora-service-tours-logo-web-800x800.png?resize=525%2C300 1.5x, https:\/\/i0.wp.com\/www.akehedman.se\/wordpress\/wp-content\/uploads\/2017\/11\/aurora-service-tours-logo-web-800x800.png?resize=700%2C400 2x"},"classes":[]},{"id":34099,"url":"https:\/\/www.akehedman.se\/wordpress\/?p=34099","url_meta":{"origin":3318,"position":2},"title":"Models are aligned for a *monster* cyclone blasting into western Europe and the Faroe Islands &#8211; peak gusts close to 125 mph (= 200 km\/h), Jan 13\/14th \u00bb Severe Weather Europe","author":"\u00c5ke Hedman","date":"2020-01-12","format":false,"excerpt":"-spread the word- Here is an UPDATE on the potentially life-threatening windstorm for the UK and Ireland tomorrow, Jan 13th \u2013 another wave is entering Northwest Atlantic this morning with cyclogenesis taking place at the surface. This will develop a new monster extra-tropical cyclone over the North Atlantic and western\u2026","rel":"","context":"In &quot;Swedish&quot;","block_context":{"text":"Swedish","link":"https:\/\/www.akehedman.se\/wordpress\/?cat=2"},"img":{"alt_text":"","src":"","width":0,"height":0},"classes":[]},{"id":29662,"url":"https:\/\/www.akehedman.se\/wordpress\/?p=29662","url_meta":{"origin":3318,"position":3},"title":"Sj\u00f6lund: Det g\u00e5r utm\u00e4rkt att vara stolt h\u00e4lsing, svensk och europ\u00e9","author":"\u00c5ke Hedman","date":"2018-09-03","format":false,"excerpt":"Det g\u00e5r utm\u00e4rkt att vara stolt h\u00e4lsing, svensk och europ\u00e9 Source: Sj\u00f6lund: Det g\u00e5r utm\u00e4rkt att vara stolt h\u00e4lsing, svensk och europ\u00e9","rel":"","context":"In &quot;Swedish&quot;","block_context":{"text":"Swedish","link":"https:\/\/www.akehedman.se\/wordpress\/?cat=2"},"img":{"alt_text":"","src":"","width":0,"height":0},"classes":[]},{"id":7652,"url":"https:\/\/www.akehedman.se\/wordpress\/?p=7652","url_meta":{"origin":3318,"position":4},"title":"Opening Up the \u2018Internet of Things\u2019 &#8211; Tech Europe &#8211; WSJ","author":"\u00c5ke Hedman","date":"2013-06-19","format":false,"excerpt":"\u00a0 Opening Up the \u2018Internet of Things\u2019 - Tech Europe - WSJ.","rel":"","context":"In &quot;Swedish&quot;","block_context":{"text":"Swedish","link":"https:\/\/www.akehedman.se\/wordpress\/?cat=2"},"img":{"alt_text":"","src":"","width":0,"height":0},"classes":[]},{"id":33507,"url":"https:\/\/www.akehedman.se\/wordpress\/?p=33507","url_meta":{"origin":3318,"position":5},"title":"BRUTAL *Arctic outbreak* will spread across a large part of United States through Monday and Tuesday, Nov 11-12th \u00bb Severe Weather Europe","author":"\u00c5ke Hedman","date":"2019-11-11","format":false,"excerpt":"-spread the word- While Europe is having unusually warm autumn, as a dynamic pattern is established, the other side of the Atlantic will again get into an extreme Arctic cold blast tonight through Tuesday. The most intense outbreak of Arctic cold air mass of the season is expected to push\u2026","rel":"","context":"In &quot;Meterologi&quot;","block_context":{"text":"Meterologi","link":"https:\/\/www.akehedman.se\/wordpress\/?cat=60"},"img":{"alt_text":"","src":"","width":0,"height":0},"classes":[]}],"jetpack_shortlink":"https:\/\/wp.me\/p68PL2-Rw","_links":{"self":[{"href":"https:\/\/www.akehedman.se\/wordpress\/index.php?rest_route=\/wp\/v2\/posts\/3318","targetHints":{"allow":["GET"]}}],"collection":[{"href":"https:\/\/www.akehedman.se\/wordpress\/index.php?rest_route=\/wp\/v2\/posts"}],"about":[{"href":"https:\/\/www.akehedman.se\/wordpress\/index.php?rest_route=\/wp\/v2\/types\/post"}],"author":[{"embeddable":true,"href":"https:\/\/www.akehedman.se\/wordpress\/index.php?rest_route=\/wp\/v2\/users\/24"}],"replies":[{"embeddable":true,"href":"https:\/\/www.akehedman.se\/wordpress\/index.php?rest_route=%2Fwp%2Fv2%2Fcomments&post=3318"}],"version-history":[{"count":0,"href":"https:\/\/www.akehedman.se\/wordpress\/index.php?rest_route=\/wp\/v2\/posts\/3318\/revisions"}],"wp:attachment":[{"href":"https:\/\/www.akehedman.se\/wordpress\/index.php?rest_route=%2Fwp%2Fv2%2Fmedia&parent=3318"}],"wp:term":[{"taxonomy":"category","embeddable":true,"href":"https:\/\/www.akehedman.se\/wordpress\/index.php?rest_route=%2Fwp%2Fv2%2Fcategories&post=3318"},{"taxonomy":"post_tag","embeddable":true,"href":"https:\/\/www.akehedman.se\/wordpress\/index.php?rest_route=%2Fwp%2Fv2%2Ftags&post=3318"}],"curies":[{"name":"wp","href":"https:\/\/api.w.org\/{rel}","templated":true}]}}