{"id":32214,"date":"2019-05-16T17:06:46","date_gmt":"2019-05-16T16:06:46","guid":{"rendered":"https:\/\/www.akehedman.se\/wordpress\/?p=32214"},"modified":"2019-05-16T17:06:46","modified_gmt":"2019-05-16T16:06:46","slug":"har-pryder-greta-thunberg-omslaget-till-time-magazine","status":"publish","type":"post","link":"https:\/\/www.akehedman.se\/wordpress\/?p=32214","title":{"rendered":"H\u00e4r pryder Greta Thunberg omslaget till Time Magazine"},"content":{"rendered":"<blockquote><p>Nog \u00e4r det r\u00e4tt h\u00e4ftigt!<\/p>\n<p><a href=\"https:\/\/www.aftonbladet.se\/nyheter\/a\/xP5wER\/greta-thunberg-pa-omslaget-till-time-magazine\"><img decoding=\"async\" class=\"alignnone size-full\" src=\"https:\/\/imgs.aftonbladet-cdn.se\/v2\/images\/6a21598f-cd91-4097-920d-229d14534702?fit=crop&amp;h=498&amp;q=50&amp;w=952&amp;s=ad070d6d23f1776e83ff6741687bd74e910d0741\" alt=\"\" \/><\/a>Den prestigefyllda tidningen har tidigare utsett Greta Thunberg till en av v\u00e4rldens 100 mest inflytelserika personer. Nu pryder 16-\u00e5ringen omslaget till Time Magazine. \u2013 Jag brukade n\u00e4stan aldrig prata p\u00e5 lektionerna med mina klasskompisar. Nu talar jag till hela v\u00e4rlden, s\u00e4ger Greta Thunberg till tidningen.<\/p><\/blockquote>\n<p>Source: <em><a href=\"https:\/\/www.aftonbladet.se\/nyheter\/a\/xP5wER\/greta-thunberg-pa-omslaget-till-time-magazine\">H\u00e4r pryder Greta Thunberg omslaget till Time Magazine<\/a><\/em><\/p>\n","protected":false},"excerpt":{"rendered":"<p>Nog \u00e4r det r\u00e4tt h\u00e4ftigt! Den prestigefyllda tidningen har tidigare utsett Greta Thunberg till en av v\u00e4rldens 100 mest inflytelserika personer. Nu pryder 16-\u00e5ringen omslaget till Time Magazine. \u2013 Jag brukade n\u00e4stan aldrig prata p\u00e5 lektionerna med mina klasskompisar. Nu talar jag till hela v\u00e4rlden, s\u00e4ger Greta Thunberg till tidningen. Source: H\u00e4r pryder Greta Thunberg [&hellip;]<\/p>\n","protected":false},"author":24,"featured_media":0,"comment_status":"open","ping_status":"open","sticky":false,"template":"","format":"standard","meta":{"_crdt_document":"","jetpack_post_was_ever_published":false,"_jetpack_newsletter_access":"","_jetpack_dont_email_post_to_subs":false,"_jetpack_newsletter_tier_id":0,"_jetpack_memberships_contains_paywalled_content":false,"_jetpack_memberships_contains_paid_content":false,"footnotes":"","jetpack_publicize_message":"","jetpack_publicize_feature_enabled":true,"jetpack_social_post_already_shared":true,"jetpack_social_options":{"image_generator_settings":{"template":"highway","default_image_id":0,"font":"","enabled":false},"version":2}},"categories":[2],"tags":[],"class_list":["post-32214","post","type-post","status-publish","format-standard","hentry","category-swedish"],"jetpack_publicize_connections":[],"jetpack_featured_media_url":"","jetpack_sharing_enabled":true,"jetpack_likes_enabled":true,"jetpack-related-posts":[{"id":32649,"url":"https:\/\/www.akehedman.se\/wordpress\/?p=32649","url_meta":{"origin":32214,"position":0},"title":"Ulf Lundell hyllade Greta Thunberg p\u00e5 Skansen | Aftonbladet","author":"\u00c5ke Hedman","date":"2019-08-02","format":false,"excerpt":"N\u00e5ja, lite f\u00f6rl\u00e5ten blir han allt. Source: Ulf Lundell hyllade Greta Thunberg p\u00e5 Skansen | Aftonbladet","rel":"","context":"In &quot;Swedish&quot;","block_context":{"text":"Swedish","link":"https:\/\/www.akehedman.se\/wordpress\/?cat=2"},"img":{"alt_text":"","src":"","width":0,"height":0},"classes":[]},{"id":10372,"url":"https:\/\/www.akehedman.se\/wordpress\/?p=10372","url_meta":{"origin":32214,"position":1},"title":"Pressen","author":"\u00c5ke Hedman","date":"2013-10-07","format":false,"excerpt":"Pressen har varit h\u00e4r. Lasse med ok\u00e4nd fotografkollega. Lasse och jag k\u00e4nner varandra sedan m\u00e5nga \u00e5r nu. Han har v\u00e4l alltid varit anst\u00e4lld som reporter p\u00e5 lokaltidningen, \u00e4nda sen Hedenh\u00f6s, och eftersom man inte beh\u00f6ver g\u00f6ra speciellt mycket f\u00f6r att hamna i tidningen h\u00e4r ute p\u00e5 skogen s\u00e5 har v\u00e5ra\u2026","rel":"","context":"In &quot;Betraktelser &amp; Ber\u00e4ttelse&quot;","block_context":{"text":"Betraktelser &amp; Ber\u00e4ttelse","link":"https:\/\/www.akehedman.se\/wordpress\/?cat=24"},"img":{"alt_text":"3815615591","src":"https:\/\/i0.wp.com\/www.eurosource.se\/akhe\/wordpress\/wp-content\/uploads\/2013\/10\/3815615591.jpg?resize=350%2C200","width":350,"height":200},"classes":[]},{"id":6625,"url":"https:\/\/www.akehedman.se\/wordpress\/?p=6625","url_meta":{"origin":32214,"position":2},"title":"Hemkommen","author":"\u00c5ke Hedman","date":"2013-04-11","format":false,"excerpt":"P\u00e5 v\u00e4gen hem fr\u00e5n Ljusdal s\u00e4tter jag in min egen platta i stereon. Den f\u00f6rsta. Det var ett tag sedan jag lyssnade p\u00e5 den. Inser efter n\u00e5gra l\u00e5tar hur underbart j\u00e4vla n\u00f6jd jag \u00e4r med att jag \u00e4nd\u00e5 g\u00f6r detta. \u00c4r man 56 \u00e5r och en tjock o-cool gubbe i\u2026","rel":"","context":"In &quot;Betraktelser &amp; Ber\u00e4ttelse&quot;","block_context":{"text":"Betraktelser &amp; Ber\u00e4ttelse","link":"https:\/\/www.akehedman.se\/wordpress\/?cat=24"},"img":{"alt_text":"finger","src":"https:\/\/i0.wp.com\/www.eurosource.se\/akhe\/wordpress\/wp-content\/uploads\/2013\/04\/finger.png?resize=350%2C200","width":350,"height":200},"classes":[]},{"id":32896,"url":"https:\/\/www.akehedman.se\/wordpress\/?p=32896","url_meta":{"origin":32214,"position":3},"title":"Japp","author":"\u00c5ke Hedman","date":"2019-09-02","format":false,"excerpt":"\"When haters go after your looks and differences, it means they have nowhere left to go. And then you know you\u2019re winning!\" - Greta Thunberg","rel":"","context":"In &quot;Swedish&quot;","block_context":{"text":"Swedish","link":"https:\/\/www.akehedman.se\/wordpress\/?cat=2"},"img":{"alt_text":"","src":"","width":0,"height":0},"classes":[]},{"id":23331,"url":"https:\/\/www.akehedman.se\/wordpress\/?p=23331","url_meta":{"origin":32214,"position":4},"title":"Kojan","author":"\u00c5ke Hedman","date":"2017-02-13","format":false,"excerpt":"Ungarnas koja. Det \u00e4r n\u00e4stan tv\u00e5 decennier sedan nu de h\u00f6ll p\u00e5. \u00d6verblivet virke, ett f\u00f6nster fr\u00e5n \u00e5tervinningen, spik, hammare och s\u00e5g. Det blev tv\u00e5 v\u00e5ningar. Sen gav de upp. Den har h\u00e4ngt d\u00e4r i de tre bj\u00f6rkarna sedan dess. Har klarat en avverkning. Har klarat regn, sn\u00f6, stormar och\u2026","rel":"","context":"In &quot;Betraktelser &amp; Ber\u00e4ttelse&quot;","block_context":{"text":"Betraktelser &amp; Ber\u00e4ttelse","link":"https:\/\/www.akehedman.se\/wordpress\/?cat=24"},"img":{"alt_text":"","src":"https:\/\/i0.wp.com\/www.akehedman.se\/wordpress\/wp-content\/uploads\/2017\/02\/kojan-1024x961.png?resize=350%2C200","width":350,"height":200,"srcset":"https:\/\/i0.wp.com\/www.akehedman.se\/wordpress\/wp-content\/uploads\/2017\/02\/kojan-1024x961.png?resize=350%2C200 1x, https:\/\/i0.wp.com\/www.akehedman.se\/wordpress\/wp-content\/uploads\/2017\/02\/kojan-1024x961.png?resize=525%2C300 1.5x"},"classes":[]},{"id":33706,"url":"https:\/\/www.akehedman.se\/wordpress\/?p=33706","url_meta":{"origin":32214,"position":5},"title":"Skriver","author":"\u00c5ke Hedman","date":"2019-11-30","format":false,"excerpt":"F\u00f6r f\u00f6rsta g\u00e5ngen p\u00e5 mycket l\u00e4ngre s\u00e4tter jag mig och skriver igen. Ja och k\u00e4nner den d\u00e4r gl\u00e4djen med att skriva. T\u00e4nker faktiskt en stund att kanske skall jag skriva klart det d\u00e4r \u00e4nd\u00e5. G\u00f6ra n\u00e5got av det. L\u00e5ta det bli till en bok. Kanske inte i fysisk form. Men\u2026","rel":"","context":"In &quot;Betraktelser &amp; Ber\u00e4ttelse&quot;","block_context":{"text":"Betraktelser &amp; Ber\u00e4ttelse","link":"https:\/\/www.akehedman.se\/wordpress\/?cat=24"},"img":{"alt_text":"","src":"https:\/\/i0.wp.com\/www.akehedman.se\/wordpress\/wp-content\/uploads\/2019\/11\/Screenshot-from-2019-11-30-18-09-38.png?resize=350%2C200&ssl=1","width":350,"height":200,"srcset":"https:\/\/i0.wp.com\/www.akehedman.se\/wordpress\/wp-content\/uploads\/2019\/11\/Screenshot-from-2019-11-30-18-09-38.png?resize=350%2C200&ssl=1 1x, https:\/\/i0.wp.com\/www.akehedman.se\/wordpress\/wp-content\/uploads\/2019\/11\/Screenshot-from-2019-11-30-18-09-38.png?resize=525%2C300&ssl=1 1.5x, https:\/\/i0.wp.com\/www.akehedman.se\/wordpress\/wp-content\/uploads\/2019\/11\/Screenshot-from-2019-11-30-18-09-38.png?resize=700%2C400&ssl=1 2x, https:\/\/i0.wp.com\/www.akehedman.se\/wordpress\/wp-content\/uploads\/2019\/11\/Screenshot-from-2019-11-30-18-09-38.png?resize=1050%2C600&ssl=1 3x"},"classes":[]}],"jetpack_shortlink":"https:\/\/wp.me\/p68PL2-8nA","_links":{"self":[{"href":"https:\/\/www.akehedman.se\/wordpress\/index.php?rest_route=\/wp\/v2\/posts\/32214","targetHints":{"allow":["GET"]}}],"collection":[{"href":"https:\/\/www.akehedman.se\/wordpress\/index.php?rest_route=\/wp\/v2\/posts"}],"about":[{"href":"https:\/\/www.akehedman.se\/wordpress\/index.php?rest_route=\/wp\/v2\/types\/post"}],"author":[{"embeddable":true,"href":"https:\/\/www.akehedman.se\/wordpress\/index.php?rest_route=\/wp\/v2\/users\/24"}],"replies":[{"embeddable":true,"href":"https:\/\/www.akehedman.se\/wordpress\/index.php?rest_route=%2Fwp%2Fv2%2Fcomments&post=32214"}],"version-history":[{"count":1,"href":"https:\/\/www.akehedman.se\/wordpress\/index.php?rest_route=\/wp\/v2\/posts\/32214\/revisions"}],"predecessor-version":[{"id":32215,"href":"https:\/\/www.akehedman.se\/wordpress\/index.php?rest_route=\/wp\/v2\/posts\/32214\/revisions\/32215"}],"wp:attachment":[{"href":"https:\/\/www.akehedman.se\/wordpress\/index.php?rest_route=%2Fwp%2Fv2%2Fmedia&parent=32214"}],"wp:term":[{"taxonomy":"category","embeddable":true,"href":"https:\/\/www.akehedman.se\/wordpress\/index.php?rest_route=%2Fwp%2Fv2%2Fcategories&post=32214"},{"taxonomy":"post_tag","embeddable":true,"href":"https:\/\/www.akehedman.se\/wordpress\/index.php?rest_route=%2Fwp%2Fv2%2Ftags&post=32214"}],"curies":[{"name":"wp","href":"https:\/\/api.w.org\/{rel}","templated":true}]}}