{"id":3192,"date":"2013-02-18T20:43:46","date_gmt":"2013-02-18T19:43:46","guid":{"rendered":"http:\/\/www.eurosource.se\/akhe\/wordpress\/?p=3192"},"modified":"2013-02-18T20:43:46","modified_gmt":"2013-02-18T19:43:46","slug":"lakartidningen-dod-i-unga-ar-vanligare-bland-soloartister-an-bland-rockgrupper","status":"publish","type":"post","link":"https:\/\/www.akehedman.se\/wordpress\/?p=3192","title":{"rendered":"L\u00e4kartidningen &#8211; D\u00f6d i unga \u00e5r vanligare bland soloartister \u00e4n bland rockgrupper"},"content":{"rendered":"<p style=\"text-align: center;\"><a href=\"http:\/\/www.lakartidningen.se\/07engine.php?articleId=19284&#038;utm_source=buffer&#038;buffer_share=02ac9#.USKDrCj9Keo.twitter\"><img data-recalc-dims=\"1\" src=\"https:\/\/i0.wp.com\/www.eurosource.se\/akhe\/wordpress\/wp-content\/uploads\/2013\/02\/sjukhuslakaren_182.png?w=580\" alt='' \/><\/a><\/p>\n<p><a href='http:\/\/www.lakartidningen.se\/07engine.php?articleId=19284&#038;utm_source=buffer&#038;buffer_share=02ac9#.USKDrCj9Keo.twitter'>L\u00e4kartidningen &#8211; D\u00f6d i unga \u00e5r vanligare bland soloartister \u00e4n bland rockgrupper<\/a>.<\/p>\n","protected":false},"excerpt":{"rendered":"<p>L\u00e4kartidningen &#8211; D\u00f6d i unga \u00e5r vanligare bland soloartister \u00e4n bland rockgrupper.<\/p>\n","protected":false},"author":24,"featured_media":0,"comment_status":"open","ping_status":"open","sticky":false,"template":"","format":"standard","meta":{"_crdt_document":"","jetpack_post_was_ever_published":false,"_jetpack_newsletter_access":"","_jetpack_dont_email_post_to_subs":false,"_jetpack_newsletter_tier_id":0,"_jetpack_memberships_contains_paywalled_content":false,"_jetpack_memberships_contains_paid_content":false,"footnotes":"","jetpack_publicize_message":"","jetpack_publicize_feature_enabled":true,"jetpack_social_post_already_shared":true,"jetpack_social_options":{"image_generator_settings":{"template":"highway","default_image_id":0,"font":"","enabled":false},"version":2}},"categories":[2],"tags":[],"class_list":["post-3192","post","type-post","status-publish","format-standard","hentry","category-swedish"],"jetpack_publicize_connections":[],"jetpack_featured_media_url":"","jetpack_sharing_enabled":true,"jetpack_likes_enabled":true,"jetpack-related-posts":[{"id":46941,"url":"https:\/\/www.akehedman.se\/wordpress\/?p=46941","url_meta":{"origin":3192,"position":0},"title":"\u00c5derf\u00f6rkalkning vanligare bland kv\u00e4llspigga\u00a0\u00a0 &#8211; | forskning.se","author":"\u00c5ke Hedman","date":"2024-01-12","format":false,"excerpt":"\u00c5derf\u00f6rkalkning \u00e4r n\u00e4stan dubbelt s\u00e5 vanligt hos personer som gillar att vara uppe sent p\u00e5 kv\u00e4llen, j\u00e4mf\u00f6rt med morgonpigga. Source: \u00c5derf\u00f6rkalkning vanligare bland kv\u00e4llspigga\u00a0\u00a0 - | forskning.se","rel":"","context":"In &quot;Swedish&quot;","block_context":{"text":"Swedish","link":"https:\/\/www.akehedman.se\/wordpress\/?cat=2"},"img":{"alt_text":"","src":"","width":0,"height":0},"classes":[]},{"id":38160,"url":"https:\/\/www.akehedman.se\/wordpress\/?p=38160","url_meta":{"origin":3192,"position":1},"title":"Pandemieffekten \u2013 programmeringshajp bland unga kvinnor: \u201dVill ha en del av den h\u00e4r kakan\u201d","author":"\u00c5ke Hedman","date":"2021-03-17","format":false,"excerpt":"35 procent av kvinnor mellan 18\u201325 \u00e5r vill l\u00e4ra sig koda, j\u00e4mf\u00f6rt med 31 procent bland m\u00e4nnen. Det \u00e4r dock mer viktigt f\u00f6r kvinnorna, n\u00e4stan tre g\u00e5nger s\u00e5 mycket bland 18- till 25-\u00e5ringar, att ha en kompis eller partner som kodar f\u00f6r att b\u00f6rja sj\u00e4lv. Source: Pandemieffekten \u2013 programmeringshajp bland\u2026","rel":"","context":"In &quot;Swedish&quot;","block_context":{"text":"Swedish","link":"https:\/\/www.akehedman.se\/wordpress\/?cat=2"},"img":{"alt_text":"","src":"","width":0,"height":0},"classes":[]},{"id":28424,"url":"https:\/\/www.akehedman.se\/wordpress\/?p=28424","url_meta":{"origin":3192,"position":2},"title":"\u201dMusikbranschen m\u00e5ste v\u00e5rda den talang som finns\u201d","author":"\u00c5ke Hedman","date":"2018-05-15","format":false,"excerpt":"Psykisk oh\u00e4lsa \u00e4r tre g\u00e5nger vanligare bland musiker \u00e4n i samh\u00e4llet i stort. Det visar en unders\u00f6kning av musikbranschen i Storbritannien. En bild som Ragnar Berthling, vid Musikcentrum \u00d6st, k\u00e4nner igen \u00e4ven i Sverige. \u2013 Jag skulle inte s\u00e4ga n\u00e5gon kreativ bransch d\u00e4r man tar s\u00e5 d\u00e5ligt hand om de\u2026","rel":"","context":"In &quot;Musik&quot;","block_context":{"text":"Musik","link":"https:\/\/www.akehedman.se\/wordpress\/?cat=9"},"img":{"alt_text":"","src":"","width":0,"height":0},"classes":[]},{"id":36147,"url":"https:\/\/www.akehedman.se\/wordpress\/?p=36147","url_meta":{"origin":3192,"position":3},"title":"Svenska l\u00e4svanor \u2013 b\u00e5de starka och tynande &#8211; Aftonbladet live: Supernytt","author":"\u00c5ke Hedman","date":"2020-09-15","format":false,"excerpt":"N\u00f6jesl\u00e4sningen minskar bland barn och unga samtidigt som svenska elever uppvisar en bristande l\u00e4sf\u00f6rm\u00e5ga. Det visar en ny rapport fr\u00e5n Svenska F\u00f6rl\u00e4ggaref\u00f6reningen. Source: Svenska l\u00e4svanor \u2013 b\u00e5de starka och tynande - Aftonbladet live: Supernytt","rel":"","context":"In &quot;B\u00f6cker&quot;","block_context":{"text":"B\u00f6cker","link":"https:\/\/www.akehedman.se\/wordpress\/?cat=13"},"img":{"alt_text":"","src":"","width":0,"height":0},"classes":[]},{"id":32023,"url":"https:\/\/www.akehedman.se\/wordpress\/?p=32023","url_meta":{"origin":3192,"position":4},"title":"Hur blev det s\u00e5h\u00e4r?","author":"\u00c5ke Hedman","date":"2019-04-17","format":false,"excerpt":"Vi g\u00f6r det f\u00f6r killen som ber\u00e4ttade hur han \u201dligger l\u00e4ngst ner under pyramiden\u201d men att han fortfarande inte f\u00f6rst\u00e5r hur han hamnade d\u00e4r. Eller hur han ska ta sig upp igen. Source: Hur m\u00e5r du? \u2013 en serie om psykisk oh\u00e4lsa bland unga killar | Aftonbladet","rel":"","context":"In &quot;Swedish&quot;","block_context":{"text":"Swedish","link":"https:\/\/www.akehedman.se\/wordpress\/?cat=2"},"img":{"alt_text":"","src":"","width":0,"height":0},"classes":[]},{"id":22450,"url":"https:\/\/www.akehedman.se\/wordpress\/?p=22450","url_meta":{"origin":3192,"position":5},"title":"H\u00e5kan Samuelsson: att dela bil blir vanligare \u00e4n att \u00e4ga \u2013 Elektroniktidningen","author":"\u00c5ke Hedman","date":"2016-12-07","format":false,"excerpt":"Sp\u00e4nnande utveckling! Nyheter f\u00f6r dig som \u00e4r verksam i den svenska elektronikbranschen som exempelvis tillverkare, konsult, distribut\u00f6r, finansi\u00e4r, investerare, konstrukt\u00f6r eller tekniker. Source: H\u00e5kan Samuelsson: att dela bil blir vanligare \u00e4n att \u00e4ga \u2013 Elektroniktidningen","rel":"","context":"In &quot;Swedish&quot;","block_context":{"text":"Swedish","link":"https:\/\/www.akehedman.se\/wordpress\/?cat=2"},"img":{"alt_text":"","src":"","width":0,"height":0},"classes":[]}],"jetpack_shortlink":"https:\/\/wp.me\/p68PL2-Pu","_links":{"self":[{"href":"https:\/\/www.akehedman.se\/wordpress\/index.php?rest_route=\/wp\/v2\/posts\/3192","targetHints":{"allow":["GET"]}}],"collection":[{"href":"https:\/\/www.akehedman.se\/wordpress\/index.php?rest_route=\/wp\/v2\/posts"}],"about":[{"href":"https:\/\/www.akehedman.se\/wordpress\/index.php?rest_route=\/wp\/v2\/types\/post"}],"author":[{"embeddable":true,"href":"https:\/\/www.akehedman.se\/wordpress\/index.php?rest_route=\/wp\/v2\/users\/24"}],"replies":[{"embeddable":true,"href":"https:\/\/www.akehedman.se\/wordpress\/index.php?rest_route=%2Fwp%2Fv2%2Fcomments&post=3192"}],"version-history":[{"count":0,"href":"https:\/\/www.akehedman.se\/wordpress\/index.php?rest_route=\/wp\/v2\/posts\/3192\/revisions"}],"wp:attachment":[{"href":"https:\/\/www.akehedman.se\/wordpress\/index.php?rest_route=%2Fwp%2Fv2%2Fmedia&parent=3192"}],"wp:term":[{"taxonomy":"category","embeddable":true,"href":"https:\/\/www.akehedman.se\/wordpress\/index.php?rest_route=%2Fwp%2Fv2%2Fcategories&post=3192"},{"taxonomy":"post_tag","embeddable":true,"href":"https:\/\/www.akehedman.se\/wordpress\/index.php?rest_route=%2Fwp%2Fv2%2Ftags&post=3192"}],"curies":[{"name":"wp","href":"https:\/\/api.w.org\/{rel}","templated":true}]}}