{"id":3186,"date":"2013-02-18T18:44:27","date_gmt":"2013-02-18T17:44:27","guid":{"rendered":"http:\/\/www.eurosource.se\/akhe\/wordpress\/?p=3186"},"modified":"2013-02-18T18:44:27","modified_gmt":"2013-02-18T17:44:27","slug":"med-nasan-i-en-bok-mordplats","status":"publish","type":"post","link":"https:\/\/www.akehedman.se\/wordpress\/?p=3186","title":{"rendered":"&#8230;med n\u00e4san i en bok&#8230;: Mordplats"},"content":{"rendered":"<p style=\"text-align: center;\"><a href=\"http:\/\/mednasanienbok.blogspot.se\/2011\/07\/mordplats.html#.USJoKqXCaSo\"><img data-recalc-dims=\"1\" src=\"https:\/\/i0.wp.com\/www.eurosource.se\/akhe\/wordpress\/wp-content\/uploads\/2013\/02\/mordplats.png?w=580\" alt='' \/><\/a><\/p>\n<p><a href='http:\/\/mednasanienbok.blogspot.se\/2011\/07\/mordplats.html#.USJoKqXCaSo'>&#8230;med n\u00e4san i en bok&#8230;: Mordplats<\/a>.<\/p>\n","protected":false},"excerpt":{"rendered":"<p>&#8230;med n\u00e4san i en bok&#8230;: Mordplats.<\/p>\n","protected":false},"author":24,"featured_media":0,"comment_status":"open","ping_status":"open","sticky":false,"template":"","format":"standard","meta":{"_crdt_document":"","jetpack_post_was_ever_published":false,"_jetpack_newsletter_access":"","_jetpack_dont_email_post_to_subs":false,"_jetpack_newsletter_tier_id":0,"_jetpack_memberships_contains_paywalled_content":false,"_jetpack_memberships_contains_paid_content":false,"footnotes":"","jetpack_publicize_message":"","jetpack_publicize_feature_enabled":true,"jetpack_social_post_already_shared":true,"jetpack_social_options":{"image_generator_settings":{"template":"highway","default_image_id":0,"font":"","enabled":false},"version":2}},"categories":[2],"tags":[],"class_list":["post-3186","post","type-post","status-publish","format-standard","hentry","category-swedish"],"jetpack_publicize_connections":[],"jetpack_featured_media_url":"","jetpack_sharing_enabled":true,"jetpack_likes_enabled":true,"jetpack-related-posts":[{"id":51003,"url":"https:\/\/www.akehedman.se\/wordpress\/?p=51003","url_meta":{"origin":3186,"position":0},"title":"Senast l\u00e4sta bok","author":"\u00c5ke Hedman","date":"2026-01-25","format":false,"excerpt":"En rustning av ljus, Ken Follett Ken Folletts katedralserie \u00e4r enkel l\u00e4sning och jag gissar att finkulturen rynkar p\u00e5 n\u00e4san \u00e5t det h\u00e4r. Men f\u00f6r mig fungerar det \u00e4nd\u00e5. Antagligen f\u00f6r att jag nu \u00e4r en enkel m\u00e4nniska. Historiebeskrivningen blir \u00e4nd\u00e5 beh\u00e5llningen. H\u00e4r Napoleonkrig med sin kulmen i Waterloo. Ocks\u00e5\u2026","rel":"","context":"In &quot;B\u00f6cker&quot;","block_context":{"text":"B\u00f6cker","link":"https:\/\/www.akehedman.se\/wordpress\/?cat=13"},"img":{"alt_text":"","src":"https:\/\/i0.wp.com\/www.akehedman.se\/wordpress\/wp-content\/uploads\/2026\/01\/en-rustning-av-ljus.jpg?resize=350%2C200&ssl=1","width":350,"height":200},"classes":[]},{"id":1709,"url":"https:\/\/www.akehedman.se\/wordpress\/?p=1709","url_meta":{"origin":3186,"position":1},"title":"K\u00e4mpa p\u00e5","author":"\u00c5ke Hedman","date":"2012-10-10","format":false,"excerpt":"Det \u00e4r n\u00e4r man inser att v\u00e4rlden aldrig kommer att uppskatta det man g\u00f6r som man m\u00e5ste ta fram dom d\u00e4r superkrafterna. N\u00e4r ens fru eller man tycker att man leker. N\u00e4r barnen sk\u00e4ms f\u00f6r det man g\u00f6r. N\u00e4r v\u00e4nnerna undrar vad man h\u00e5ller p\u00e5 med. N\u00e4r det 58'e f\u00f6rlaget\u2026","rel":"","context":"In &quot;Betraktelser &amp; Ber\u00e4ttelse&quot;","block_context":{"text":"Betraktelser &amp; Ber\u00e4ttelse","link":"https:\/\/www.akehedman.se\/wordpress\/?cat=24"},"img":{"alt_text":"","src":"","width":0,"height":0},"classes":[]},{"id":35860,"url":"https:\/\/www.akehedman.se\/wordpress\/?p=35860","url_meta":{"origin":3186,"position":2},"title":"Orbaden blev mordplats i ny Anna Jansson-deckare: &#8220;Trakten var en upplevelse&#8221;","author":"\u00c5ke Hedman","date":"2020-08-19","format":false,"excerpt":"\u2013 Jag h\u00f6ll en skrivarkurs p\u00e5 Orbaden konferens, och urs\u00e4kta mig, men det var s\u00e5 in i helvete vackert! Source: Orbaden blev mordplats i ny Anna Jansson-deckare: \"Trakten var en upplevelse\"","rel":"","context":"In &quot;Swedish&quot;","block_context":{"text":"Swedish","link":"https:\/\/www.akehedman.se\/wordpress\/?cat=2"},"img":{"alt_text":"","src":"","width":0,"height":0},"classes":[]},{"id":30901,"url":"https:\/\/www.akehedman.se\/wordpress\/?p=30901","url_meta":{"origin":3186,"position":3},"title":"Den gr\u00f6na pricken","author":"\u00c5ke Hedman","date":"2018-12-02","format":false,"excerpt":"Jag brukar ha mobilen med mig n\u00e4r jag vandrar. Alltid finns det n\u00e5got att f\u00f6rundras \u00f6ver i naturen h\u00e4r. Men p\u00e5 just den h\u00e4r bilden fr\u00e5n f\u00f6rra veckan s\u00e5 blir jag mest f\u00f6rv\u00e5nad \u00f6ver den gr\u00f6na pricken mitt i bild. Underligt. En utomjording. Tror jag. I f\u00f6dande. Ja, jag \u00e4r\u2026","rel":"","context":"In &quot;Betraktelser &amp; Ber\u00e4ttelse&quot;","block_context":{"text":"Betraktelser &amp; Ber\u00e4ttelse","link":"https:\/\/www.akehedman.se\/wordpress\/?cat=24"},"img":{"alt_text":"","src":"https:\/\/i0.wp.com\/www.akehedman.se\/wordpress\/wp-content\/uploads\/2018\/12\/IMG_20181120_102347641_HDR-1024x767.png?resize=350%2C200","width":350,"height":200,"srcset":"https:\/\/i0.wp.com\/www.akehedman.se\/wordpress\/wp-content\/uploads\/2018\/12\/IMG_20181120_102347641_HDR-1024x767.png?resize=350%2C200 1x, https:\/\/i0.wp.com\/www.akehedman.se\/wordpress\/wp-content\/uploads\/2018\/12\/IMG_20181120_102347641_HDR-1024x767.png?resize=525%2C300 1.5x"},"classes":[]},{"id":44621,"url":"https:\/\/www.akehedman.se\/wordpress\/?p=44621","url_meta":{"origin":3186,"position":4},"title":"Senast l\u00e4sta bok","author":"\u00c5ke Hedman","date":"2023-03-15","format":false,"excerpt":"Monster av Ane Riel Den h\u00e4r boken imponerar oerh\u00f6rt p\u00e5 mig. T\u00e4nk dig en hel bok som utspelar sig n\u00e5gonstans som man inte vet var det \u00e4r men som man k\u00e4nner igen sig i som om det vore hemma. En historia som utspelar sig i en tid som kanske \u00e4r\u2026","rel":"","context":"In &quot;Swedish&quot;","block_context":{"text":"Swedish","link":"https:\/\/www.akehedman.se\/wordpress\/?cat=2"},"img":{"alt_text":"","src":"https:\/\/i0.wp.com\/www.akehedman.se\/wordpress\/wp-content\/uploads\/2023\/03\/9789178933358_200x_monstret.jpeg?resize=350%2C200&ssl=1","width":350,"height":200},"classes":[]},{"id":977,"url":"https:\/\/www.akehedman.se\/wordpress\/?p=977","url_meta":{"origin":3186,"position":5},"title":"Senast l\u00c3\u00a4sta bok","author":"\u00c5ke Hedman","date":"2009-07-05","format":false,"excerpt":"Flickan som v\u00c3\u00a4vde sidenmattor av Anita Amirrezvani En riktigt bra bok om en flicka som tar f\u00c3\u00b6r sig i 1600 talets persien. Kan l\u00c3\u00a4sas med god beh\u00c3\u00a5llning och dom sista tv\u00c3\u00a5 n\u00c3\u00a4tterna (med ryggskott) har det varit l\u00c3\u00a5nga l\u00c3\u00a4spass.","rel":"","context":"In &quot;Swedish&quot;","block_context":{"text":"Swedish","link":"https:\/\/www.akehedman.se\/wordpress\/?cat=2"},"img":{"alt_text":"","src":"","width":0,"height":0},"classes":[]}],"jetpack_shortlink":"https:\/\/wp.me\/p68PL2-Po","_links":{"self":[{"href":"https:\/\/www.akehedman.se\/wordpress\/index.php?rest_route=\/wp\/v2\/posts\/3186","targetHints":{"allow":["GET"]}}],"collection":[{"href":"https:\/\/www.akehedman.se\/wordpress\/index.php?rest_route=\/wp\/v2\/posts"}],"about":[{"href":"https:\/\/www.akehedman.se\/wordpress\/index.php?rest_route=\/wp\/v2\/types\/post"}],"author":[{"embeddable":true,"href":"https:\/\/www.akehedman.se\/wordpress\/index.php?rest_route=\/wp\/v2\/users\/24"}],"replies":[{"embeddable":true,"href":"https:\/\/www.akehedman.se\/wordpress\/index.php?rest_route=%2Fwp%2Fv2%2Fcomments&post=3186"}],"version-history":[{"count":0,"href":"https:\/\/www.akehedman.se\/wordpress\/index.php?rest_route=\/wp\/v2\/posts\/3186\/revisions"}],"wp:attachment":[{"href":"https:\/\/www.akehedman.se\/wordpress\/index.php?rest_route=%2Fwp%2Fv2%2Fmedia&parent=3186"}],"wp:term":[{"taxonomy":"category","embeddable":true,"href":"https:\/\/www.akehedman.se\/wordpress\/index.php?rest_route=%2Fwp%2Fv2%2Fcategories&post=3186"},{"taxonomy":"post_tag","embeddable":true,"href":"https:\/\/www.akehedman.se\/wordpress\/index.php?rest_route=%2Fwp%2Fv2%2Ftags&post=3186"}],"curies":[{"name":"wp","href":"https:\/\/api.w.org\/{rel}","templated":true}]}}