{"id":31297,"date":"2019-01-10T12:19:48","date_gmt":"2019-01-10T11:19:48","guid":{"rendered":"http:\/\/www.akehedman.se\/wordpress\/?p=31297"},"modified":"2019-01-10T12:19:48","modified_gmt":"2019-01-10T11:19:48","slug":"alftaforetaget-vaxer-sa-det-knakar-p4-gavleborg-sveriges-radio","status":"publish","type":"post","link":"https:\/\/www.akehedman.se\/wordpress\/?p=31297","title":{"rendered":"Alftaf\u00f6retaget v\u00e4xer s\u00e5 det knakar &#8211; P4 G\u00e4vleborg | Sveriges Radio"},"content":{"rendered":"<p>Source: <em><a href=\"https:\/\/sverigesradio.se\/sida\/artikel.aspx?programid=99&amp;artikel=7129267\">Alftaf\u00f6retaget v\u00e4xer s\u00e5 det knakar &#8211; P4 G\u00e4vleborg | Sveriges Radio<\/a><\/em><\/p>\n","protected":false},"excerpt":{"rendered":"<p>Source: Alftaf\u00f6retaget v\u00e4xer s\u00e5 det knakar &#8211; P4 G\u00e4vleborg | Sveriges Radio<\/p>\n","protected":false},"author":24,"featured_media":0,"comment_status":"open","ping_status":"open","sticky":false,"template":"","format":"standard","meta":{"_crdt_document":"","jetpack_post_was_ever_published":false,"_jetpack_newsletter_access":"","_jetpack_dont_email_post_to_subs":false,"_jetpack_newsletter_tier_id":0,"_jetpack_memberships_contains_paywalled_content":false,"_jetpack_memberships_contains_paid_content":false,"footnotes":"","jetpack_publicize_message":"","jetpack_publicize_feature_enabled":true,"jetpack_social_post_already_shared":true,"jetpack_social_options":{"image_generator_settings":{"template":"highway","default_image_id":0,"font":"","enabled":false},"version":2}},"categories":[2],"tags":[],"class_list":["post-31297","post","type-post","status-publish","format-standard","hentry","category-swedish"],"jetpack_publicize_connections":[],"jetpack_featured_media_url":"","jetpack_sharing_enabled":true,"jetpack_likes_enabled":true,"jetpack-related-posts":[{"id":28553,"url":"https:\/\/www.akehedman.se\/wordpress\/?p=28553","url_meta":{"origin":31297,"position":0},"title":"Bj\u00f6rn skjuten i Los &#8211; P4 G\u00e4vleborg | Sveriges Radio","author":"\u00c5ke Hedman","date":"2018-05-22","format":false,"excerpt":"Trist n\u00e4r det \u00e4r s\u00e5 kort tid \"dom \u00e4r till besv\u00e4r\". Det \u00e4r n\u00e5gra veckor p\u00e5 v\u00e5ren och n\u00e5gra veckor p\u00e5 h\u00f6sten som dom lufsar n\u00e4ra annars lever de sitt liv och vi v\u00e5rt. Source: Bj\u00f6rn skjuten i Los - P4 G\u00e4vleborg | Sveriges Radio","rel":"","context":"In &quot;Swedish&quot;","block_context":{"text":"Swedish","link":"https:\/\/www.akehedman.se\/wordpress\/?cat=2"},"img":{"alt_text":"","src":"","width":0,"height":0},"classes":[]},{"id":21872,"url":"https:\/\/www.akehedman.se\/wordpress\/?p=21872","url_meta":{"origin":31297,"position":1},"title":"Milit\u00e4rens ilska \u00f6ver svampplockare p\u00e5 skjutf\u00e4ltet: &#8220;Livsfarligt&#8221; &#8211; P4 G\u00e4vleborg | Sveriges Radio","author":"\u00c5ke Hedman","date":"2016-10-18","format":false,"excerpt":"Helt sj\u00e4lvklart. Folk m\u00e5ste f\u00e5 ha lite sp\u00e4nning i sina liv. Det m\u00e5ste milit\u00e4ren f\u00f6rst\u00e5. Folk har ju s\u00e5 j\u00e4vla tr\u00e5kigt med Facebook och d\u00e5lig TV och rubrikjournalistik... Source: Milit\u00e4rens ilska \u00f6ver svampplockare p\u00e5 skjutf\u00e4ltet: \"Livsfarligt\" - P4 G\u00e4vleborg | Sveriges Radio","rel":"","context":"In &quot;Swedish&quot;","block_context":{"text":"Swedish","link":"https:\/\/www.akehedman.se\/wordpress\/?cat=2"},"img":{"alt_text":"","src":"","width":0,"height":0},"classes":[]},{"id":41285,"url":"https:\/\/www.akehedman.se\/wordpress\/?p=41285","url_meta":{"origin":31297,"position":2},"title":"&#8220;Pandemin gjorde att m\u00e5nga omv\u00e4rderade sin livssituation&#8221; &#8211; P4 G\u00e4vleborg | Sveriges Radio","author":"\u00c5ke Hedman","date":"2022-02-11","format":false,"excerpt":"Source: \"Pandemin gjorde att m\u00e5nga omv\u00e4rderade sin livssituation\" - P4 G\u00e4vleborg | Sveriges Radio Sj\u00e4lv orkar jag inte lyssna. Men lyssna ni. D\u00e4remot tror jag att ocks\u00e5 jag skall fixa en halsduk att ha h\u00e4r INNE p\u00e5 kontoret om dagarna. Man blir s\u00e5 cool d\u00e5. Och vem kan beh\u00f6va det\u2026","rel":"","context":"In &quot;Swedish&quot;","block_context":{"text":"Swedish","link":"https:\/\/www.akehedman.se\/wordpress\/?cat=2"},"img":{"alt_text":"","src":"","width":0,"height":0},"classes":[]},{"id":27382,"url":"https:\/\/www.akehedman.se\/wordpress\/?p=27382","url_meta":{"origin":31297,"position":3},"title":"Patient jublar: Region G\u00e4vleborg tar bort dolda nummer &#8211; P4 G\u00e4vleborg | Sveriges Radio","author":"\u00c5ke Hedman","date":"2018-03-04","format":false,"excerpt":"Japp, bra tycker jag ocks\u00e5. Region G\u00e4vleborgs dolda telefonnummer ger upphov till irritation b\u00e5de hos patienter och sjukv\u00e5rdpersonal. Men nu ska det bli \u00e4ndring, lovar regionen. Source: Patient jublar: Region G\u00e4vleborg tar bort dolda nummer - P4 G\u00e4vleborg | Sveriges Radio","rel":"","context":"In &quot;Swedish&quot;","block_context":{"text":"Swedish","link":"https:\/\/www.akehedman.se\/wordpress\/?cat=2"},"img":{"alt_text":"","src":"","width":0,"height":0},"classes":[]},{"id":30384,"url":"https:\/\/www.akehedman.se\/wordpress\/?p=30384","url_meta":{"origin":31297,"position":4},"title":"Brist p\u00e5 gr\u00e4vresurser kan f\u00f6rsena fiberl\u00e4ggning: &#8220;Det p\u00e5g\u00e5r en liten fajt&#8221; &#8211; P4 G\u00e4vleborg | Sveriges Radio","author":"\u00c5ke Hedman","date":"2018-10-23","format":false,"excerpt":"N\u00e4sta \u00e5rs urs\u00e4kt. \u00a0 Source: Brist p\u00e5 gr\u00e4vresurser kan f\u00f6rsena fiberl\u00e4ggning: \"Det p\u00e5g\u00e5r en liten fajt\" - P4 G\u00e4vleborg | Sveriges Radio","rel":"","context":"In &quot;Swedish&quot;","block_context":{"text":"Swedish","link":"https:\/\/www.akehedman.se\/wordpress\/?cat=2"},"img":{"alt_text":"","src":"","width":0,"height":0},"classes":[]},{"id":17416,"url":"https:\/\/www.akehedman.se\/wordpress\/?p=17416","url_meta":{"origin":31297,"position":5},"title":"Sveriges Radios m\u00e5ng\u00e5riga medarbetare Charlotta Cederl\u00f6f har avlidit &#8211; P4 G\u00e4vleborg | Sveriges Radio","author":"\u00c5ke Hedman","date":"2015-04-09","format":false,"excerpt":"Sveriges Radios m\u00e5ng\u00e5riga medarbetare Charlotta Cederl\u00f6f har avlidit - P4 G\u00e4vleborg | Sveriges Radio. S\u00e5 sorgligt!","rel":"","context":"In &quot;Betraktelser &amp; Ber\u00e4ttelse&quot;","block_context":{"text":"Betraktelser &amp; Ber\u00e4ttelse","link":"https:\/\/www.akehedman.se\/wordpress\/?cat=24"},"img":{"alt_text":"","src":"https:\/\/i0.wp.com\/www.akehedman.se\/wordpress\/wp-content\/uploads\/2015\/04\/3493886_1200_675.jpg?resize=350%2C200","width":350,"height":200,"srcset":"https:\/\/i0.wp.com\/www.akehedman.se\/wordpress\/wp-content\/uploads\/2015\/04\/3493886_1200_675.jpg?resize=350%2C200 1x, https:\/\/i0.wp.com\/www.akehedman.se\/wordpress\/wp-content\/uploads\/2015\/04\/3493886_1200_675.jpg?resize=525%2C300 1.5x, https:\/\/i0.wp.com\/www.akehedman.se\/wordpress\/wp-content\/uploads\/2015\/04\/3493886_1200_675.jpg?resize=700%2C400 2x"},"classes":[]}],"jetpack_shortlink":"https:\/\/wp.me\/p68PL2-88N","_links":{"self":[{"href":"https:\/\/www.akehedman.se\/wordpress\/index.php?rest_route=\/wp\/v2\/posts\/31297","targetHints":{"allow":["GET"]}}],"collection":[{"href":"https:\/\/www.akehedman.se\/wordpress\/index.php?rest_route=\/wp\/v2\/posts"}],"about":[{"href":"https:\/\/www.akehedman.se\/wordpress\/index.php?rest_route=\/wp\/v2\/types\/post"}],"author":[{"embeddable":true,"href":"https:\/\/www.akehedman.se\/wordpress\/index.php?rest_route=\/wp\/v2\/users\/24"}],"replies":[{"embeddable":true,"href":"https:\/\/www.akehedman.se\/wordpress\/index.php?rest_route=%2Fwp%2Fv2%2Fcomments&post=31297"}],"version-history":[{"count":1,"href":"https:\/\/www.akehedman.se\/wordpress\/index.php?rest_route=\/wp\/v2\/posts\/31297\/revisions"}],"predecessor-version":[{"id":31298,"href":"https:\/\/www.akehedman.se\/wordpress\/index.php?rest_route=\/wp\/v2\/posts\/31297\/revisions\/31298"}],"wp:attachment":[{"href":"https:\/\/www.akehedman.se\/wordpress\/index.php?rest_route=%2Fwp%2Fv2%2Fmedia&parent=31297"}],"wp:term":[{"taxonomy":"category","embeddable":true,"href":"https:\/\/www.akehedman.se\/wordpress\/index.php?rest_route=%2Fwp%2Fv2%2Fcategories&post=31297"},{"taxonomy":"post_tag","embeddable":true,"href":"https:\/\/www.akehedman.se\/wordpress\/index.php?rest_route=%2Fwp%2Fv2%2Ftags&post=31297"}],"curies":[{"name":"wp","href":"https:\/\/api.w.org\/{rel}","templated":true}]}}