{"id":31255,"date":"2019-01-04T09:52:25","date_gmt":"2019-01-04T08:52:25","guid":{"rendered":"http:\/\/www.akehedman.se\/wordpress\/?p=31255"},"modified":"2019-01-04T09:52:33","modified_gmt":"2019-01-04T08:52:33","slug":"tro-ratt-din-javel-eller-do","status":"publish","type":"post","link":"https:\/\/www.akehedman.se\/wordpress\/?p=31255","title":{"rendered":"Tro r\u00e4tt din j\u00e4vel eller d\u00f6"},"content":{"rendered":"\n<figure class=\"wp-block-image\"><img loading=\"lazy\" decoding=\"async\" width=\"1280\" height=\"202\" src=\"https:\/\/i0.wp.com\/www.akehedman.se\/wordpress\/wp-content\/uploads\/2019\/01\/PANO_20120423_093342.jpg?fit=584%2C92\" alt=\"\" class=\"wp-image-31256\" srcset=\"https:\/\/i0.wp.com\/www.akehedman.se\/wordpress\/wp-content\/uploads\/2019\/01\/PANO_20120423_093342.jpg?w=1280&amp;ssl=1 1280w, https:\/\/i0.wp.com\/www.akehedman.se\/wordpress\/wp-content\/uploads\/2019\/01\/PANO_20120423_093342.jpg?resize=300%2C47&amp;ssl=1 300w, https:\/\/i0.wp.com\/www.akehedman.se\/wordpress\/wp-content\/uploads\/2019\/01\/PANO_20120423_093342.jpg?resize=768%2C121&amp;ssl=1 768w, https:\/\/i0.wp.com\/www.akehedman.se\/wordpress\/wp-content\/uploads\/2019\/01\/PANO_20120423_093342.jpg?resize=1024%2C162&amp;ssl=1 1024w, https:\/\/i0.wp.com\/www.akehedman.se\/wordpress\/wp-content\/uploads\/2019\/01\/PANO_20120423_093342.jpg?resize=500%2C79&amp;ssl=1 500w, https:\/\/i0.wp.com\/www.akehedman.se\/wordpress\/wp-content\/uploads\/2019\/01\/PANO_20120423_093342.jpg?w=1160&amp;ssl=1 1160w\" sizes=\"auto, (max-width: 580px) 100vw, 580px\" \/><\/figure>\n\n\n\n<p class=\"wp-block-paragraph\">Jag antar att det skulle vara mer \u00e4n en person som skulle skratta gott om de h\u00f6rde mig \u00e4ntra eller l\u00e4mna l\u00e5tsaskontoret. Det \u00e4r n\u00e4mligen mycket &#8220;Godmorgon l\u00e5tsaskontoret&#8221; och &#8220;Hejd\u00e5 &#8216;macken'&#8221; n\u00e4mligen. Men jag trivs h\u00e4r. Ungef\u00e4r som en f\u00e5nge g\u00f6r det i sin cell p\u00e5 hall. <\/p>\n\n\n\n<p class=\"wp-block-paragraph\">T\u00e4nder ljuset. R\u00f6d stump idag.<\/p>\n\n\n\n<p class=\"wp-block-paragraph\">F\u00f6rsover mig idag. T\u00e4nka sig. I min \u00e5lder. Men tar det med ro. Jag har inga t\u00e5g att missa idag heller. Har den friheten. K \u00e4r ledig s\u00e5 hon snarkar d\u00e4r bredvid mig hon med.<\/p>\n\n\n\n<p class=\"wp-block-paragraph\">Adlibris meddelar att &#8220;nu har man s\u00e4nt paketet&#8221;, det som skulle bli julklappar. Det \u00e4r n\u00e5got som \u00e4r riktigt fel med det d\u00e4r f\u00f6retaget. Aldrig mer! s\u00e4ger jag. Det finns b\u00e4ttre alternativ.<\/p>\n\n\n\n<p class=\"wp-block-paragraph\">Plusgrader och takras. D\u00e4r ute allts\u00e5. Man f\u00e5r passa sig. Men r\u00e4tt vanligt den h\u00e4r tiden. De starka vindarna och en period med mildv\u00e4der kommer n\u00e4stan varje \u00e5r den h\u00e4r tiden. Naturligtvis h\u00f6r det d\u00e4r ihop. Men jag antar att mer \u00e4n en kommer att prata om klimatf\u00f6r\u00e4ndringar idag n\u00e4r de halkar omkring. Normalt v\u00e4der \u00e4r inget v\u00e4der alls nu f\u00f6r tiden. Ja och protesterar man \u00e4r man klimatf\u00f6rnekare. J\u00e4vla soppa. Jag har inte mycket till \u00f6vers f\u00f6r idioter allts\u00e5.<\/p>\n\n\n\n<p class=\"wp-block-paragraph\">G\u00f6r n\u00e5got ist\u00e4llet och h\u00e5ll k\u00e4ft!<\/p>\n\n\n\n<p class=\"wp-block-paragraph\">Skulle man kunna skrika. Men g\u00f6r s\u00e5klart inte det. De som vet de vet. Det \u00e4r ungef\u00e4r som medeltid och inkvisitionspatruller. <em>Tro r\u00e4tt din j\u00e4vel eller d\u00f6<\/em>. <\/p>\n\n\n\n<p class=\"wp-block-paragraph\">Fast att tro hj\u00e4lper inte en j\u00e4vel vettu!<\/p>\n\n\n\n<p class=\"wp-block-paragraph\">Tar en slurk kaffe. Laddar. Sv\u00e4lj. Det smakar OK. Fredag. Man b\u00f6rjar veta vilken dag det \u00e4r igen. Bra nu inf\u00f6r oxdragarveckor. Det g\u00e4ller att r\u00e4kna dagar fram till p\u00e5sk och d\u00e4refter sommar och semester. Sj\u00e4lv skulle jag kunna flyga iv\u00e4g till Portugal eller Grekland och sen stanna d\u00e4r tills veckan f\u00f6re f\u00f6rsta maj. Ja Kalifornien skulle v\u00e4l fungera det ocks\u00e5. <\/p>\n\n\n\n<p class=\"wp-block-paragraph\">Jag kan bara som slutpunkt konstatera att det \u00e4r 2019 och att jag fortfarande tycker det \u00e4r gott att vara en av de levandes. T\u00e4nka sig. Den har h\u00e5llit i sig n\u00e5gra \u00e5r vid det h\u00e4r laget den d\u00e4r k\u00e4nslan. Ja det finns forskare som kommit fram till att just det \u00e4r en sjukdom att k\u00e4nna s\u00e5. Inte s\u00e5 pj\u00e5kiga symptom is\u00e5fall svarar jag. Men forskare \u00e4r ocks\u00e5 bara vanliga m\u00e4nniskor. En del \u00e4r riktigt dumma i huvudet faktiskt.<\/p>\n\n\n\n<p class=\"wp-block-paragraph\">Ha nu en trevlig helg kamrater!<\/p>\n","protected":false},"excerpt":{"rendered":"<p>Jag antar att det skulle vara mer \u00e4n en person som skulle skratta gott om de h\u00f6rde mig \u00e4ntra eller l\u00e4mna l\u00e5tsaskontoret. Det \u00e4r n\u00e4mligen mycket &#8220;Godmorgon l\u00e5tsaskontoret&#8221; och &#8220;Hejd\u00e5 &#8216;macken&#8217;&#8221; n\u00e4mligen. Men jag trivs h\u00e4r. Ungef\u00e4r som en f\u00e5nge g\u00f6r det i sin cell p\u00e5 hall. T\u00e4nder ljuset. R\u00f6d stump idag. F\u00f6rsover mig idag. [&hellip;]<\/p>\n","protected":false},"author":24,"featured_media":0,"comment_status":"open","ping_status":"open","sticky":false,"template":"","format":"standard","meta":{"_crdt_document":"","jetpack_post_was_ever_published":false,"_jetpack_newsletter_access":"","_jetpack_dont_email_post_to_subs":false,"_jetpack_newsletter_tier_id":0,"_jetpack_memberships_contains_paywalled_content":false,"_jetpack_memberships_contains_paid_content":false,"footnotes":"","jetpack_publicize_message":"","jetpack_publicize_feature_enabled":true,"jetpack_social_post_already_shared":true,"jetpack_social_options":{"image_generator_settings":{"template":"highway","default_image_id":0,"font":"","enabled":false},"version":2}},"categories":[2],"tags":[],"class_list":["post-31255","post","type-post","status-publish","format-standard","hentry","category-swedish"],"jetpack_publicize_connections":[],"jetpack_featured_media_url":"","jetpack_sharing_enabled":true,"jetpack_likes_enabled":true,"jetpack-related-posts":[{"id":36306,"url":"https:\/\/www.akehedman.se\/wordpress\/?p=36306","url_meta":{"origin":31255,"position":0},"title":"Oinspirerat","author":"\u00c5ke Hedman","date":"2020-10-01","format":false,"excerpt":"Det m\u00e5 vara fullm\u00e5ne ute. Men tjocka moln ocks\u00e5. Dimma. Man kan kanske ana en ljusare fl\u00e4ck p\u00e5 himlen. Om man anstr\u00e4nger sig. Men knappt det. H\u00f6stm\u00f6rker \u00e4ter allt ljus som en \u00e5terf\u00f6dd zombifierad Darth Vader p\u00e5 d\u00e5ligt hum\u00f6r. Men h\u00e4r inne p\u00e5 l\u00e5tsaskontoret \u00e4r det s\u00e5klart b\u00e5de varmt och\u2026","rel":"","context":"In &quot;Swedish&quot;","block_context":{"text":"Swedish","link":"https:\/\/www.akehedman.se\/wordpress\/?cat=2"},"img":{"alt_text":"","src":"https:\/\/i0.wp.com\/www.akehedman.se\/wordpress\/wp-content\/uploads\/2020\/10\/Screenshot-from-2020-09-17-23-44-44.png?resize=350%2C200&ssl=1","width":350,"height":200,"srcset":"https:\/\/i0.wp.com\/www.akehedman.se\/wordpress\/wp-content\/uploads\/2020\/10\/Screenshot-from-2020-09-17-23-44-44.png?resize=350%2C200&ssl=1 1x, https:\/\/i0.wp.com\/www.akehedman.se\/wordpress\/wp-content\/uploads\/2020\/10\/Screenshot-from-2020-09-17-23-44-44.png?resize=525%2C300&ssl=1 1.5x, https:\/\/i0.wp.com\/www.akehedman.se\/wordpress\/wp-content\/uploads\/2020\/10\/Screenshot-from-2020-09-17-23-44-44.png?resize=700%2C400&ssl=1 2x"},"classes":[]},{"id":33878,"url":"https:\/\/www.akehedman.se\/wordpress\/?p=33878","url_meta":{"origin":31255,"position":1},"title":"L\u00e5\u00e5\u00e5\u00e5ngsamt","author":"\u00c5ke Hedman","date":"2019-12-19","format":false,"excerpt":"Vissa dagar g\u00e5r det extra l\u00e5ngsamt. Eftersom jag nu \u00e4r en gammal gubbe s\u00e5 g\u00e5r det ju inte snabbt dagar n\u00e4r det g\u00e5r fort heller. Men idag allts\u00e5... segt. Jod\u00e5 jag har st\u00e4dat. Inte p\u00e5 l\u00e5tsaskontoret. Det skulle iof verkligen beh\u00f6vas. Nej uppe i l\u00e4genheten. Julst\u00e4dat. Enligt kontrakt. Det \u00e4r\u2026","rel":"","context":"In &quot;Swedish&quot;","block_context":{"text":"Swedish","link":"https:\/\/www.akehedman.se\/wordpress\/?cat=2"},"img":{"alt_text":"","src":"https:\/\/i0.wp.com\/www.akehedman.se\/wordpress\/wp-content\/uploads\/2019\/12\/IMG_20191219_083537701-scaled.jpg?resize=350%2C200&ssl=1","width":350,"height":200,"srcset":"https:\/\/i0.wp.com\/www.akehedman.se\/wordpress\/wp-content\/uploads\/2019\/12\/IMG_20191219_083537701-scaled.jpg?resize=350%2C200&ssl=1 1x, https:\/\/i0.wp.com\/www.akehedman.se\/wordpress\/wp-content\/uploads\/2019\/12\/IMG_20191219_083537701-scaled.jpg?resize=525%2C300&ssl=1 1.5x, https:\/\/i0.wp.com\/www.akehedman.se\/wordpress\/wp-content\/uploads\/2019\/12\/IMG_20191219_083537701-scaled.jpg?resize=700%2C400&ssl=1 2x, https:\/\/i0.wp.com\/www.akehedman.se\/wordpress\/wp-content\/uploads\/2019\/12\/IMG_20191219_083537701-scaled.jpg?resize=1050%2C600&ssl=1 3x, https:\/\/i0.wp.com\/www.akehedman.se\/wordpress\/wp-content\/uploads\/2019\/12\/IMG_20191219_083537701-scaled.jpg?resize=1400%2C800&ssl=1 4x"},"classes":[]},{"id":15846,"url":"https:\/\/www.akehedman.se\/wordpress\/?p=15846","url_meta":{"origin":31255,"position":2},"title":"Ales stenar och ljuset","author":"\u00c5ke Hedman","date":"2014-12-22","format":false,"excerpt":"Jag har en gammal v\u00e4n som bor n\u00e4ra Ales stenar. Han brukar \u00e5ka dit n\u00e4r det \u00e4r sommarsolst\u00e5nd och n\u00e4r det \u00e4r vintersolst\u00e5nd. Som idag allts\u00e5. Det \u00e4r lugnare d\u00e4r p\u00e5 vintern \u00e4n p\u00e5 sommaren. Mindre folk och mer tid f\u00f6r egna tankar. Jag \u00e4r s\u00e5klart avundsjuk som fan p\u00e5\u2026","rel":"","context":"In &quot;Betraktelser &amp; Ber\u00e4ttelse&quot;","block_context":{"text":"Betraktelser &amp; Ber\u00e4ttelse","link":"https:\/\/www.akehedman.se\/wordpress\/?cat=24"},"img":{"alt_text":"Ales_stenar_bred","src":"https:\/\/i0.wp.com\/www.eurosource.se\/akhe\/wordpress\/wp-content\/uploads\/2014\/12\/Ales_stenar_bred-1024x400.jpg?resize=350%2C200","width":350,"height":200,"srcset":"https:\/\/i0.wp.com\/www.eurosource.se\/akhe\/wordpress\/wp-content\/uploads\/2014\/12\/Ales_stenar_bred-1024x400.jpg?resize=350%2C200 1x, https:\/\/i0.wp.com\/www.eurosource.se\/akhe\/wordpress\/wp-content\/uploads\/2014\/12\/Ales_stenar_bred-1024x400.jpg?resize=525%2C300 1.5x"},"classes":[]},{"id":14349,"url":"https:\/\/www.akehedman.se\/wordpress\/?p=14349","url_meta":{"origin":31255,"position":3},"title":"Tekoppstext","author":"\u00c5ke Hedman","date":"2014-08-11","format":false,"excerpt":"H\u00e4r kommer en tekoppstext igen. Vit rymlig kopp idag s\u00e5 det borde bli mer \u00e4n 2500 tecken. Men ibland vet man inte. Orden tar i alla fall s\u00e4llan slut, det \u00e4r snarare viljan att skriva f\u00f6r er ungef\u00e4r hundra personer som antagligen l\u00e4ser det h\u00e4r idag som under andra dagar.\u2026","rel":"","context":"In &quot;Betraktelser &amp; Ber\u00e4ttelse&quot;","block_context":{"text":"Betraktelser &amp; Ber\u00e4ttelse","link":"https:\/\/www.akehedman.se\/wordpress\/?cat=24"},"img":{"alt_text":"19986_StigLindberg_8","src":"https:\/\/i0.wp.com\/www.eurosource.se\/akhe\/wordpress\/wp-content\/uploads\/2014\/08\/19986_StigLindberg_8.jpg?resize=350%2C200","width":350,"height":200,"srcset":"https:\/\/i0.wp.com\/www.eurosource.se\/akhe\/wordpress\/wp-content\/uploads\/2014\/08\/19986_StigLindberg_8.jpg?resize=350%2C200 1x, https:\/\/i0.wp.com\/www.eurosource.se\/akhe\/wordpress\/wp-content\/uploads\/2014\/08\/19986_StigLindberg_8.jpg?resize=525%2C300 1.5x, https:\/\/i0.wp.com\/www.eurosource.se\/akhe\/wordpress\/wp-content\/uploads\/2014\/08\/19986_StigLindberg_8.jpg?resize=700%2C400 2x"},"classes":[]},{"id":17957,"url":"https:\/\/www.akehedman.se\/wordpress\/?p=17957","url_meta":{"origin":31255,"position":4},"title":"L\u00f6dr\u00f6k","author":"\u00c5ke Hedman","date":"2015-05-25","format":false,"excerpt":"Jag skall l\u00e5ta l\u00f6d\u00e5ngorna omsluta mig idag. Jod\u00e5 det finns att g\u00f6ra d\u00e4r ocks\u00e5. Pillg\u00f6ra. Tr\u00f6ttar ut kropp p\u00e5 ett annat s\u00e4tt \u00e4n vad programmering g\u00f6r. Lite sp\u00e4nnande ocks\u00e5 eftersom jag (oftast) just nu bygger f\u00f6rsta batcherna av saker. Antingen fungerar det eller ocks\u00e5 har man kastat pengarna i sj\u00f6n.\u2026","rel":"","context":"In &quot;Betraktelser &amp; Ber\u00e4ttelse&quot;","block_context":{"text":"Betraktelser &amp; Ber\u00e4ttelse","link":"https:\/\/www.akehedman.se\/wordpress\/?cat=24"},"img":{"alt_text":"004","src":"https:\/\/i0.wp.com\/www.akehedman.se\/wordpress\/wp-content\/uploads\/2015\/05\/0042-1024x768.jpg?resize=350%2C200","width":350,"height":200,"srcset":"https:\/\/i0.wp.com\/www.akehedman.se\/wordpress\/wp-content\/uploads\/2015\/05\/0042-1024x768.jpg?resize=350%2C200 1x, https:\/\/i0.wp.com\/www.akehedman.se\/wordpress\/wp-content\/uploads\/2015\/05\/0042-1024x768.jpg?resize=525%2C300 1.5x"},"classes":[]},{"id":38828,"url":"https:\/\/www.akehedman.se\/wordpress\/?p=38828","url_meta":{"origin":31255,"position":5},"title":"En riktig spya","author":"\u00c5ke Hedman","date":"2021-05-18","format":false,"excerpt":"Jag stoppar tv\u00e5 fingrar i halsen. Men det h\u00e4nder inget. Antagligen t\u00e4nker jag p\u00e5 fel person(er). Anledningen, ja det var l\u00e4nge sedan man fick k\u00e4nna den d\u00e4r sura \u00e4ckliga k\u00e4nslan av en riktig spya. Allt \u00e4r b\u00e4ttre liksom. Ja och efter att man spytt s\u00e5 kan saker och ting bara\u2026","rel":"","context":"In &quot;Betraktelser &amp; Ber\u00e4ttelse&quot;","block_context":{"text":"Betraktelser &amp; Ber\u00e4ttelse","link":"https:\/\/www.akehedman.se\/wordpress\/?cat=24"},"img":{"alt_text":"","src":"https:\/\/i0.wp.com\/www.akehedman.se\/wordpress\/wp-content\/uploads\/2021\/05\/IMG_20210518_0808582-scaled.jpg?resize=350%2C200&ssl=1","width":350,"height":200,"srcset":"https:\/\/i0.wp.com\/www.akehedman.se\/wordpress\/wp-content\/uploads\/2021\/05\/IMG_20210518_0808582-scaled.jpg?resize=350%2C200&ssl=1 1x, https:\/\/i0.wp.com\/www.akehedman.se\/wordpress\/wp-content\/uploads\/2021\/05\/IMG_20210518_0808582-scaled.jpg?resize=525%2C300&ssl=1 1.5x, https:\/\/i0.wp.com\/www.akehedman.se\/wordpress\/wp-content\/uploads\/2021\/05\/IMG_20210518_0808582-scaled.jpg?resize=700%2C400&ssl=1 2x, https:\/\/i0.wp.com\/www.akehedman.se\/wordpress\/wp-content\/uploads\/2021\/05\/IMG_20210518_0808582-scaled.jpg?resize=1050%2C600&ssl=1 3x, https:\/\/i0.wp.com\/www.akehedman.se\/wordpress\/wp-content\/uploads\/2021\/05\/IMG_20210518_0808582-scaled.jpg?resize=1400%2C800&ssl=1 4x"},"classes":[]}],"jetpack_shortlink":"https:\/\/wp.me\/p68PL2-887","_links":{"self":[{"href":"https:\/\/www.akehedman.se\/wordpress\/index.php?rest_route=\/wp\/v2\/posts\/31255","targetHints":{"allow":["GET"]}}],"collection":[{"href":"https:\/\/www.akehedman.se\/wordpress\/index.php?rest_route=\/wp\/v2\/posts"}],"about":[{"href":"https:\/\/www.akehedman.se\/wordpress\/index.php?rest_route=\/wp\/v2\/types\/post"}],"author":[{"embeddable":true,"href":"https:\/\/www.akehedman.se\/wordpress\/index.php?rest_route=\/wp\/v2\/users\/24"}],"replies":[{"embeddable":true,"href":"https:\/\/www.akehedman.se\/wordpress\/index.php?rest_route=%2Fwp%2Fv2%2Fcomments&post=31255"}],"version-history":[{"count":1,"href":"https:\/\/www.akehedman.se\/wordpress\/index.php?rest_route=\/wp\/v2\/posts\/31255\/revisions"}],"predecessor-version":[{"id":31258,"href":"https:\/\/www.akehedman.se\/wordpress\/index.php?rest_route=\/wp\/v2\/posts\/31255\/revisions\/31258"}],"wp:attachment":[{"href":"https:\/\/www.akehedman.se\/wordpress\/index.php?rest_route=%2Fwp%2Fv2%2Fmedia&parent=31255"}],"wp:term":[{"taxonomy":"category","embeddable":true,"href":"https:\/\/www.akehedman.se\/wordpress\/index.php?rest_route=%2Fwp%2Fv2%2Fcategories&post=31255"},{"taxonomy":"post_tag","embeddable":true,"href":"https:\/\/www.akehedman.se\/wordpress\/index.php?rest_route=%2Fwp%2Fv2%2Ftags&post=31255"}],"curies":[{"name":"wp","href":"https:\/\/api.w.org\/{rel}","templated":true}]}}