{"id":3045,"date":"2013-02-10T14:06:55","date_gmt":"2013-02-10T13:06:55","guid":{"rendered":"http:\/\/www.eurosource.se\/akhe\/wordpress\/?p=3045"},"modified":"2013-03-14T22:51:32","modified_gmt":"2013-03-14T21:51:32","slug":"spadommen","status":"publish","type":"post","link":"https:\/\/www.akehedman.se\/wordpress\/?p=3045","title":{"rendered":"Sp\u00e5dommen"},"content":{"rendered":"<p><a href=\"https:\/\/i0.wp.com\/www.eurosource.se\/akhe\/wordpress\/wp-content\/uploads\/2013\/02\/images-3.jpg\"><img data-recalc-dims=\"1\" loading=\"lazy\" decoding=\"async\" src=\"https:\/\/i0.wp.com\/www.eurosource.se\/akhe\/wordpress\/wp-content\/uploads\/2013\/02\/images-3.jpg?resize=267%2C188\" alt=\"images (3)\" width=\"267\" height=\"188\" class=\"alignnone size-full wp-image-3046\" \/><\/a><\/p>\n<p>Sp\u00e5mannen h\u00e4ller upp kaffet i v\u00e5ra koppar vid k\u00f6ksbordet i den lilla stugan. Vi har best\u00e4mt oss f\u00f6r att \u00e5ka hit. Vi har tr\u00e5kigt.  Vi, rockarna och tjejerna. Eller kanske \u00e4r det danspjattarna, tjejerna och s\u00e5 jag rockarn. Jag minns inte vilka vi var. Bara att vi gjorde det h\u00e4r. Jag minns inte heller om jag var sjutton eller arton. Det var allts\u00e5 l\u00e4nge sedan.<\/p>\n<p>Sp\u00e5mannen \u00e4r en t\u00e4mligen vanlig man i sjuttio\u00e5rs\u00e5ldern. Pigg. F\u00e5r en k\u00e4nsla av att han \u00e4r mycket ensam annars. Att detta \u00e4r s\u00e4ttet f\u00f6r honom att f\u00e5 bes\u00f6k. Kaffet \u00e4r starkt men gott. Gevalia kok, kokat p\u00e5 vedspis. Vi pratar och dricker. V\u00e4nder kopparna upp och ner n\u00e4r vi druckit upp som brukligt \u00e4r. St\u00e4mningen \u00e4r l\u00e4ttsam efter att fr\u00e5n b\u00f6rjan ha varit lite sp\u00e4nd.<\/p>\n<p>Sp\u00e5mannen tar den f\u00f6rsta koppen. Ber\u00e4ttar om saker som han ser d\u00e4r i sumpen. Mycket k\u00e4rlek och resor. Jag k\u00e4nner mig s\u00e5klart os\u00e4ker p\u00e5 det h\u00e4r. Det h\u00f6r till. Vad skall man tro? Han \u00e4r utf\u00f6rlig. Speciellt med tjejerna. Jag k\u00e4nner att han gillar dom. Helst hade han sluppit oss grabbar. Men han ber\u00e4ttar ocks\u00e5 \u00f6det f\u00f6r danspjattarna. Det \u00e4r mest flickor, resor och pengar d\u00e4r ocks\u00e5. Och s\u00e5 \u00e4r det d\u00e5 min tur.<\/p>\n<p>Han lyfter koppen och s\u00e5 f\u00f6rsvinner han iv\u00e4g n\u00e4r han studerar kaffesumpen d\u00e4r i botten. Det \u00e4r tyst. Efter en stund ser han lite obekv\u00e4m ut men s\u00e4ger inget. Det tar en bra stund till innan han s\u00e4ger n\u00e5got igen. Jag b\u00f6rjar ocks\u00e5 k\u00e4nna mig obekv\u00e4m nu. Skruvar p\u00e5 mig.<\/p>\n<p>&#8220;Dig m\u00e5ste jag varna&#8221; s\u00e4ger han. &#8220;Jag ser en \u00e4lg som kanske \u00e4ndar ditt liv&#8221; och han ser in i mina \u00f6gon. Hans blick \u00e4r sorgsen. Han verkar lite besv\u00e4rad \u00f6ver att s\u00e4ga det. Sen ber\u00e4ttar han om henne i f\u00f6nstret med det ljusa h\u00e5ret. Liksom f\u00f6r att l\u00e4tta upp st\u00e4mningen. Hon som ser efter mig. Hon som jag hoppas skall vara brukspatrons dotter d\u00e4r i Voxna men som senare visar sig vara n\u00e5gon annan som jag d\u00e5 inte ens anar finns. N\u00e4r vi s\u00e5 till slut tackar f\u00f6r oss och g\u00e5r ser han p\u00e5 mig och s\u00e4ger &#8220;ta det f\u00f6rsiktigt&#8221;. Och jag gl\u00f6mmer alltihop med tiden. Som man g\u00f6r.<\/p>\n<p>Trettio \u00e5r senare s\u00e4ger det pang d\u00e4r i sp\u00f6regnet. Sp\u00e5domen har sedan l\u00e4nge f\u00f6rbleknat. Jag \u00e4r p\u00e5 v\u00e4g till min \u00f6vernattningl\u00e4genhet i G\u00e4vle. \u00c5ker en nyluktande bil som bara g\u00e5tt femtio mil. Kul att k\u00f6ra. Skjutsade Karin till Hudiksvall f\u00f6r en unders\u00f6kning i Datortomatografen  tidigare under dan. P\u00e5 v\u00e4gen hem brann generatorn. B\u00e4rgaren kom med den h\u00e4r hyrbilen. En st\u00f6rre robustare bilmodell \u00e4n v\u00e5r egen lilla r\u00f6da Renult.<\/p>\n<p>Det tar en stund att fatta att n\u00e5got h\u00e4nder. Jag trycker ner bromspedalen och f\u00e5r stopp p\u00e5 bilen. Ser inget. Lysen fungerar inte l\u00e4ngre. Jag m\u00e5ste ha k\u00f6rt p\u00e5 n\u00e5got. Jag r\u00f6r p\u00e5 en arm. Den fungera. Den andra med. Jag famlar med b\u00e4ltet f\u00e5r upp det. Glassplitter  \u00f6verallt. Rutan \u00e4r trasig. Det regnar in. Taket snuddar mitt huvud. Intryckt. Jag k\u00e4nner med handen i huvudet. K\u00e4nner att jag \u00e4r bl\u00f6t d\u00e4r bland glassplittret. Blod eller vatten? Jag vet inte. Det g\u00f6r i alla fall inte ont. \u00d6ppnar bild\u00f6rren. Benen g\u00e5r att r\u00f6ra. G\u00e5r att f\u00e5 loss. Jag kan st\u00e5 upp. Ser inget. Det \u00e4r m\u00f6rkt. Det iskalla h\u00f6stregnet vr\u00e4ker ner. Jag h\u00f6r n\u00e5got vid sidan av v\u00e4gen. Det m\u00e5ste vara en \u00e4lg. Det \u00e4r en \u00e4lg jag k\u00f6rt p\u00e5. Den trampar d\u00e4r i diket. Spasmiskt. Men jag ser inget. Vad g\u00f6r man? Jag ringer 112. Ber\u00e4ttar att jag precis k\u00f6rt p\u00e5 en \u00e4lg. &#8220;\u00c4r det n\u00e5gra personskador fr\u00e5gar damen&#8221;. Jag vet inte. Det var en halv minut sedan. Men det g\u00f6r inte ont n\u00e5gonstans. Fr\u00e5gan \u00e4r vad det d\u00e4r bl\u00f6ta i h\u00e5ret \u00e4r? S\u00e5 jag s\u00e4ger att jag inte vet men att jag tror det \u00e4r OK. &#8220;Jag kopplar dig till polisen&#8221; s\u00e4ger damen och \u00e4r borta innan jag ens hinner reflektera klart \u00f6ver skadesituationen. Och polisen svarar. Jag f\u00e5r ange l\u00e4ge. Dom s\u00e4ger att en jaktledare kommer ut. L\u00e4gger p\u00e5. Jag \u00e4r sj\u00e4lv igen. Empati f\u00e5r man s\u00f6ka n\u00e5gon annanstans.<\/p>\n<p>S\u00e5 jag ringer hyrbolaget. Dom s\u00e4ger att dom skall ringa en b\u00e4rgare. Jag st\u00e5r d\u00e4r i regnet. Det \u00e4r h\u00f6st och det \u00e4r ett kallt och ett ih\u00e5llande h\u00f6stregn. P\u00e5 gr\u00e4nsen till sn\u00f6. Det var frost i morse. \u00c4lgen h\u00f6rs inte l\u00e4ngre. Den har nog d\u00f6tt d\u00e4r bak\u00e5t n\u00e5gonstans.Dit d\u00e4r jag inte ser. Eller kanske har den gett sig iv\u00e4g. Jag hoppas p\u00e5 det. Att den klarade sig. Det \u00e4r brorsan som d\u00f6dar \u00e4lgar inte jag.  Det kommer en bil. Jag str\u00e4cker mig  in i vraket och sl\u00e5r p\u00e5 varningsljusen. St\u00e4ller mig p\u00e5 v\u00e4gkanten. Den \u00e5ker sakta f\u00f6rbi. \u00d6gon ser mig. K\u00f6r \u00f6ver min kof\u00e5ngare. Det skramlar till lite i kv\u00e4llen och den \u00e4r borta. Jag sparkar bort den fr\u00e5n v\u00e4gen n\u00e4r bara bakljusen syns d\u00e4r l\u00e5ngt bort.  Det tar nog en timme. Jaktledaren kommer. Han har en stark ficklampa. Vi letar upp \u00e4lgen. Den ligger d\u00f6d i diket femtio meter bakom min bil. Den har nog brutit nacken s\u00e4ger han. Vi g\u00e5r tillbaks och han lyser p\u00e5 bilen som \u00e4r totalf\u00f6rst\u00f6rd. Han s\u00e4ger att jag har haft tur. Hans kollegor anl\u00e4nder med en traktor. Den som skall forsla bort \u00e4lgen.  Jag f\u00e5r s\u00e4tta mig i jaktledarens varma bil f\u00f6r att v\u00e4nta p\u00e5 b\u00e4rgningsbilen. Jag \u00e4r genombl\u00f6t men h\u00e4r inne \u00e4r det varmt och gott.<\/p>\n<p>B\u00e4rgaren kommer efter ytterligare en timme. Han s\u00e4ger ocks\u00e5 att jag haft tur. S\u00e5 jag har v\u00e4l haft det. Jag kan inte bed\u00f6ma det. Jag litar p\u00e5 dom som \u00e4r vana. Jag f\u00e5r \u00e5ka med till \u00f6vernattningsl\u00e4genheten. Ser mig sj\u00e4lv i spegeln. Inget blod. Inga synliga skador. Ja, n\u00e5gra sm\u00e5 risps\u00e5r.  Ringer hem och talar om. Duschar av mig glas. Jag st\u00e5r d\u00e4r l\u00e4nge. F\u00f6rs\u00f6ker sk\u00f6lja av mig olusten p\u00e5 samma g\u00e5ng ocks\u00e5. Jag kommer att hitta glas i \u00f6ron och h\u00e5r veckor efter. Men jag har haft tur. Jag lever.<\/p>\n<p>Dagen efter \u00e4r det arbetsdag. Min upplevelse \u00e4r inte v\u00e4rre \u00e4n bussf\u00f6rseningar, sjuka barn  och annat d\u00e4r i fikarummet. Alla har ju sitt. Det blir inte ens en notis i n\u00e5gon tidning. Det \u00e4r f\u00f6rst senare jag t\u00e4nker p\u00e5 mannen med sp\u00e5domen och och undrar om det bara var en slump det d\u00e4r p\u00e5tvingade bytet av bil tidigare under dagen?<\/p>\n","protected":false},"excerpt":{"rendered":"<p>Sp\u00e5mannen h\u00e4ller upp kaffet i v\u00e5ra koppar vid k\u00f6ksbordet i den lilla stugan. Vi har best\u00e4mt oss f\u00f6r att \u00e5ka hit. Vi har tr\u00e5kigt. Vi, rockarna och tjejerna. Eller kanske \u00e4r det danspjattarna, tjejerna och s\u00e5 jag rockarn. Jag minns inte vilka vi var. Bara att vi gjorde det h\u00e4r. Jag minns inte heller om [&hellip;]<\/p>\n","protected":false},"author":24,"featured_media":0,"comment_status":"open","ping_status":"open","sticky":false,"template":"","format":"standard","meta":{"_crdt_document":"","jetpack_post_was_ever_published":false,"_jetpack_newsletter_access":"","_jetpack_dont_email_post_to_subs":false,"_jetpack_newsletter_tier_id":0,"_jetpack_memberships_contains_paywalled_content":false,"_jetpack_memberships_contains_paid_content":false,"footnotes":"","jetpack_publicize_message":"","jetpack_publicize_feature_enabled":true,"jetpack_social_post_already_shared":false,"jetpack_social_options":{"image_generator_settings":{"template":"highway","default_image_id":0,"font":"","enabled":false},"version":2}},"categories":[24,2],"tags":[],"class_list":["post-3045","post","type-post","status-publish","format-standard","hentry","category-betraktelser","category-swedish"],"jetpack_publicize_connections":[],"jetpack_featured_media_url":"","jetpack_sharing_enabled":true,"jetpack_likes_enabled":true,"jetpack-related-posts":[{"id":13951,"url":"https:\/\/www.akehedman.se\/wordpress\/?p=13951","url_meta":{"origin":3045,"position":0},"title":"Rocka fett","author":"\u00c5ke Hedman","date":"2014-07-12","format":false,"excerpt":"En till v\u00e4n \u00e4r borta. Jag n\u00e5s av budskapet att Lars Jons\u00e4ll dog inatt i en \u00e4lgkrock. Jag var sj\u00e4lv med om en f\u00f6r bara n\u00e5gra \u00e5r sedan. Millisekunderna p\u00e5 min sida som r\u00e4ddade mitt liv, men totalf\u00f6rst\u00f6rde bilen jag \u00e5kte i, de som inte d\u00e5 tydligen r\u00e4ckte till f\u00f6r\u2026","rel":"","context":"In &quot;Betraktelser &amp; Ber\u00e4ttelse&quot;","block_context":{"text":"Betraktelser &amp; Ber\u00e4ttelse","link":"https:\/\/www.akehedman.se\/wordpress\/?cat=24"},"img":{"alt_text":"2014-07-12_18-28-44","src":"https:\/\/i0.wp.com\/www.eurosource.se\/akhe\/wordpress\/wp-content\/uploads\/2014\/07\/2014-07-12_18-28-44.png?resize=350%2C200","width":350,"height":200,"srcset":"https:\/\/i0.wp.com\/www.eurosource.se\/akhe\/wordpress\/wp-content\/uploads\/2014\/07\/2014-07-12_18-28-44.png?resize=350%2C200 1x, https:\/\/i0.wp.com\/www.eurosource.se\/akhe\/wordpress\/wp-content\/uploads\/2014\/07\/2014-07-12_18-28-44.png?resize=525%2C300 1.5x"},"classes":[]},{"id":14663,"url":"https:\/\/www.akehedman.se\/wordpress\/?p=14663","url_meta":{"origin":3045,"position":1},"title":"T fr\u00e5n Edsbyn och f\u00f6rr","author":"\u00c5ke Hedman","date":"2014-09-05","format":false,"excerpt":"Jag pratar med T ikv\u00e4ll. Gamla kamrater fr\u00e5n f\u00f6rr och l\u00e4ngesen \u00e4r vi. Det \u00e4r en mans\u00e5lder sen vi jagade de vackra flickorna och inmundigade de \u00e4dlaste av drycker med enda syfte att bli s\u00e5 packade som det bara gick att bli. Somrar med Wimbledonfinaler p\u00e5 TV d\u00e4r Bj\u00f6rn Borg\u2026","rel":"","context":"In &quot;Betraktelser &amp; Ber\u00e4ttelse&quot;","block_context":{"text":"Betraktelser &amp; Ber\u00e4ttelse","link":"https:\/\/www.akehedman.se\/wordpress\/?cat=24"},"img":{"alt_text":"255","src":"https:\/\/i0.wp.com\/www.eurosource.se\/akhe\/wordpress\/wp-content\/uploads\/2014\/09\/255.jpg?resize=350%2C200","width":350,"height":200},"classes":[]},{"id":24037,"url":"https:\/\/www.akehedman.se\/wordpress\/?p=24037","url_meta":{"origin":3045,"position":2},"title":"Bj\u00f6rn","author":"\u00c5ke Hedman","date":"2017-04-07","format":false,"excerpt":"Jag lyder Marcus r\u00e5d (eller var det en order?) ig\u00e5r. Efter att ha h\u00e4mtat K som jobbar sent. Det blir soffan. Med K. Ja, och en film. Skr\u00e4ckfilm, jo man kan nog kalla den det, det var l\u00e4nge sedan. Men film... Inga vanligheter en torsdag mitt i veckan. Men n\u00e4r\u2026","rel":"","context":"In &quot;Betraktelser &amp; Ber\u00e4ttelse&quot;","block_context":{"text":"Betraktelser &amp; Ber\u00e4ttelse","link":"https:\/\/www.akehedman.se\/wordpress\/?cat=24"},"img":{"alt_text":"","src":"https:\/\/i0.wp.com\/www.akehedman.se\/wordpress\/wp-content\/uploads\/2017\/04\/hangmattan.jpg?resize=350%2C200","width":350,"height":200,"srcset":"https:\/\/i0.wp.com\/www.akehedman.se\/wordpress\/wp-content\/uploads\/2017\/04\/hangmattan.jpg?resize=350%2C200 1x, https:\/\/i0.wp.com\/www.akehedman.se\/wordpress\/wp-content\/uploads\/2017\/04\/hangmattan.jpg?resize=525%2C300 1.5x"},"classes":[]},{"id":17408,"url":"https:\/\/www.akehedman.se\/wordpress\/?p=17408","url_meta":{"origin":3045,"position":3},"title":"\u00c4ntligen ett brev efter en f\u00f6rbaskad massa \u00e5r","author":"\u00c5ke Hedman","date":"2015-04-08","format":false,"excerpt":"Hej Louise, Ja jag fattar ju att du blir f\u00f6rv\u00e5nad n\u00e4r du f\u00e5r det h\u00e4r brevet efter s\u00e5 m\u00e5nga \u00e5r. Jag orkar inte ens r\u00e4kna efter hur m\u00e5nga \u00e5r sedan det var det d\u00e4r \u00e5ret vi var tillsammans i Paris. 1979. M\u00e5ste nog r\u00e4kna efter \u00e4nd\u00e5,\u00a0 2015-1979, ja helvete, 38\u2026","rel":"","context":"In &quot;Betraktelser &amp; Ber\u00e4ttelse&quot;","block_context":{"text":"Betraktelser &amp; Ber\u00e4ttelse","link":"https:\/\/www.akehedman.se\/wordpress\/?cat=24"},"img":{"alt_text":"","src":"","width":0,"height":0},"classes":[]},{"id":15573,"url":"https:\/\/www.akehedman.se\/wordpress\/?p=15573","url_meta":{"origin":3045,"position":4},"title":"&#8220;Jompa&#8221;","author":"\u00c5ke Hedman","date":"2014-12-07","format":false,"excerpt":"Av en ren slump springer jag p\u00e5 en artikel i HelaH\u00e4lsingland och d\u00e4r st\u00e5r han - \"Jompa\". Jag \u00e4r inte s\u00e4ker f\u00f6rst, men hans bror bekr\u00e4ftar att John-Erik Olsson p\u00e5 bilden, tv\u00e5 fr\u00e5n v\u00e4nster, verkligen \u00e4r \"Jompa\". Ja Jon-Erik kallade han sig p\u00e5 den tiden. Kanske har artikelf\u00f6rfattaren f\u00e5tt till\u2026","rel":"","context":"In &quot;Betraktelser &amp; Ber\u00e4ttelse&quot;","block_context":{"text":"Betraktelser &amp; Ber\u00e4ttelse","link":"https:\/\/www.akehedman.se\/wordpress\/?cat=24"},"img":{"alt_text":"","src":"","width":0,"height":0},"classes":[]},{"id":15156,"url":"https:\/\/www.akehedman.se\/wordpress\/?p=15156","url_meta":{"origin":3045,"position":5},"title":"Diwali","author":"\u00c5ke Hedman","date":"2014-10-23","format":false,"excerpt":"Diwali inleds i Indien idag. Det n\u00e4rmaste man kommer jul eller midsommar d\u00e4r. Ja n\u00e4r det g\u00e4ller dignitet p\u00e5 firandet d\u00e5 allts\u00e5. \u00a0Min v\u00e4n och hans underbara fru \u00e5ker upp och hem till bergen. V\u00e4rldens tak. Man firar helst hemma bland de sina d\u00e4r precis som h\u00e4r. \"Julst\u00e4mmningen\" n\u00e5r kanske\u2026","rel":"","context":"In &quot;Betraktelser &amp; Ber\u00e4ttelse&quot;","block_context":{"text":"Betraktelser &amp; Ber\u00e4ttelse","link":"https:\/\/www.akehedman.se\/wordpress\/?cat=24"},"img":{"alt_text":"01-golden-temple-diwali","src":"https:\/\/i0.wp.com\/www.eurosource.se\/akhe\/wordpress\/wp-content\/uploads\/2014\/10\/01-golden-temple-diwali.jpg?resize=350%2C200","width":350,"height":200,"srcset":"https:\/\/i0.wp.com\/www.eurosource.se\/akhe\/wordpress\/wp-content\/uploads\/2014\/10\/01-golden-temple-diwali.jpg?resize=350%2C200 1x, https:\/\/i0.wp.com\/www.eurosource.se\/akhe\/wordpress\/wp-content\/uploads\/2014\/10\/01-golden-temple-diwali.jpg?resize=525%2C300 1.5x, https:\/\/i0.wp.com\/www.eurosource.se\/akhe\/wordpress\/wp-content\/uploads\/2014\/10\/01-golden-temple-diwali.jpg?resize=700%2C400 2x"},"classes":[]}],"jetpack_shortlink":"https:\/\/wp.me\/p68PL2-N7","_links":{"self":[{"href":"https:\/\/www.akehedman.se\/wordpress\/index.php?rest_route=\/wp\/v2\/posts\/3045","targetHints":{"allow":["GET"]}}],"collection":[{"href":"https:\/\/www.akehedman.se\/wordpress\/index.php?rest_route=\/wp\/v2\/posts"}],"about":[{"href":"https:\/\/www.akehedman.se\/wordpress\/index.php?rest_route=\/wp\/v2\/types\/post"}],"author":[{"embeddable":true,"href":"https:\/\/www.akehedman.se\/wordpress\/index.php?rest_route=\/wp\/v2\/users\/24"}],"replies":[{"embeddable":true,"href":"https:\/\/www.akehedman.se\/wordpress\/index.php?rest_route=%2Fwp%2Fv2%2Fcomments&post=3045"}],"version-history":[{"count":2,"href":"https:\/\/www.akehedman.se\/wordpress\/index.php?rest_route=\/wp\/v2\/posts\/3045\/revisions"}],"predecessor-version":[{"id":4312,"href":"https:\/\/www.akehedman.se\/wordpress\/index.php?rest_route=\/wp\/v2\/posts\/3045\/revisions\/4312"}],"wp:attachment":[{"href":"https:\/\/www.akehedman.se\/wordpress\/index.php?rest_route=%2Fwp%2Fv2%2Fmedia&parent=3045"}],"wp:term":[{"taxonomy":"category","embeddable":true,"href":"https:\/\/www.akehedman.se\/wordpress\/index.php?rest_route=%2Fwp%2Fv2%2Fcategories&post=3045"},{"taxonomy":"post_tag","embeddable":true,"href":"https:\/\/www.akehedman.se\/wordpress\/index.php?rest_route=%2Fwp%2Fv2%2Ftags&post=3045"}],"curies":[{"name":"wp","href":"https:\/\/api.w.org\/{rel}","templated":true}]}}