{"id":3039,"date":"2013-02-08T19:04:26","date_gmt":"2013-02-08T18:04:26","guid":{"rendered":"http:\/\/www.eurosource.se\/akhe\/wordpress\/?p=3039"},"modified":"2019-03-24T18:07:23","modified_gmt":"2019-03-24T17:07:23","slug":"vagen-hem","status":"publish","type":"post","link":"https:\/\/www.akehedman.se\/wordpress\/?p=3039","title":{"rendered":"V\u00e4gen hem"},"content":{"rendered":"<p>Den gamla bilen skramlar. Dom har alltid gjort det mina bilar. Sv\u00e4nger av vid d\u00f6dskurvan. Ja, den hette s\u00e5 f\u00f6rr. En grop och en tv\u00e4r kurva. Nu \u00e4r det mesta av b\u00e5de gropen och kurvan borta. Det \u00e4r trekanten mot Voxna f\u00f6rst sen vidare v\u00e4sterut. H\u00e4r b\u00f6rjade vintern de \u00e5r jag pendlade till Stockholm och G\u00e4vle. Varf\u00f6r sn\u00f6djupet \u00f6kar just h\u00e4r har jag aldrig fattat.<\/p>\n<p>Hur m\u00e5nga g\u00e5nger har jag \u00e5kt den h\u00e4r v\u00e4gen? Tusentals g\u00e5nger s\u00e5klart. Under ganska m\u00e5nga \u00e5r varje dag. Fram och tillbaks i ur och skur, sn\u00f6storm och blixthalka. I dag k\u00e4nns det ganska bra. N\u00e4r man kommer l\u00e4ngre bort ifr\u00e5n s\u00e5 brukar dom h\u00e4r milen vara sv\u00e5rast. Oftast \u00e4r det mitt i natten och man \u00e4r f\u00f6rbi av tr\u00f6tthet n\u00e4r man v\u00e4l tagit sig hit. &#8220;Powernap&#8221; \u00e4r sammanknippat med korta pauser, sen natt och den h\u00e4r v\u00e4gen.<\/p>\n<p>\u00c5ker f\u00f6rbi macken i Voxna, f\u00f6rbi poeten. Det \u00e4r f\u00f6r kallt f\u00f6r poeter i skogen nu. Dom beh\u00f6ver sommar och v\u00e4rme f\u00f6r sin konst. Vi andra har inget val s\u00e5 jag forts\u00e4tter. Minns framsidan p\u00e5 Ljusnan. Krigsbokst\u00e4ver &#8220;Voxna herrg\u00e5rd sv\u00e4vade i luften&#8221;. Vaknade till den en l\u00f6rdagsmorgon. En lokal l\u00f6rdagstidning kunde toppa med andra nyheter f\u00f6rr i tiden. Man skulle leta upp den framsidan och rama in. Borde \u00e5ka till herrg\u00e5rden p\u00e5 afternoon the n\u00e5gon s\u00f6ndag f\u00f6rresten. Farsan och Morsan \u00e5kte h\u00e4r ocks\u00e5 sen dom hittade huset i Samuelsfall d\u00e4r farsan levde upp och hittade hem till slut och sen dog f\u00f6r tidigt men p\u00e5 r\u00e4tt st\u00e4lle. Brorsan far ocks\u00e5 h\u00e4r fr\u00e5n och till sitt st\u00e4lle d\u00e4r p\u00e5 berget. Men jag skall l\u00e4ngre. S\u00e5klart. Hela v\u00e4gen.<\/p>\n<p>Jag har sett dom alla efter den h\u00e4r v\u00e4gen. Varg, bj\u00f6rn. lo, r\u00e4v, \u00e4lg, \u00f6rn, hare, m\u00e5rdhund och allt annat man kan f\u00f6rv\u00e4nta sig att se h\u00e4r. \u00c4nd\u00e5 var det p\u00e5 v\u00e4garna i G\u00e4vle jag var tvungen att \u00e5ka p\u00e5 f\u00f6r att sp\u00e5domen om \u00e4lgen skulle uppfyllas. D\u00e4r i den splitternya bilen sa det pang. Bilen blev skrot. Jag plockade glas ur \u00f6ronen och h\u00e5ret veckor efter. Men \u00f6verlevde. Det gjorde inte \u00e4lgen. H\u00e4r p\u00e5 den h\u00e4r v\u00e4gen har det kanske varit n\u00e4ra men aldrig kritiskt. Inte \u00e4n s\u00e5 l\u00e4nge.<\/p>\n<p>Idag har jag n\u00e4stan full tank. Tacksam n\u00e4r jag ser m\u00e4taren. Hur m\u00e5nga g\u00e5nger har jag \u00e5kt h\u00e4r med tankm\u00e4taren n\u00e4stan i botten os\u00e4ker p\u00e5 om jag skulle komma hem. Or\u00e4kneliga g\u00e5nger under dom sv\u00e5ra \u00e5ren n\u00e4r man gjort ett jobb n\u00e5gonstans och ville hem och skriva ut fakturan. Men jag klarade mig alltid. Man l\u00e4r sig utnyttja saker fullt ut om man m\u00e5ste och saknar fallsk\u00e4rmar. Men fel p\u00e5 bilen har jag s\u00e5klart f\u00e5tt n\u00e5gra g\u00e5nger men alltid kommit hem om \u00e4n inte alltid bort.<\/p>\n<p>&#8220;L\u00f6vriset&#8221; smakar gott n\u00e4r man t\u00e4nker eller s\u00e4ger det. Men v\u00e4gen d\u00e4remellan till Lobon\u00e4s \u00e4r tung. Den g\u00e5r bra \u00e5t andra h\u00e5llet. Men v\u00e4l i Lobon\u00e4s \u00e4r man n\u00e4stan hemma. Det tar en kvart. Tio minuter \u00e5t andra h\u00e5llet n\u00e4r farsan dog. Har aldrig k\u00f6rt s\u00e5 fort. N\u00e5gonsin. Hoppas jag inte beh\u00f6ver det igen heller. Men inte ens d\u00e5 fanns det n\u00e5got att g\u00f6ra n\u00e4r man kom fram. Han l\u00e5g d\u00e4r p\u00e5 soffan. Men n\u00e4r jag \u00e5ker f\u00f6rbi Samuelsfall lever han f\u00f6r mig \u00e4nd\u00e5. Han \u00e4lskade det d\u00e4r j\u00e4kla st\u00e4llet s\u00e5 f\u00f6rbannat mycket s\u00e5 han stannade s\u00e4kert heller d\u00e4r \u00e4n p\u00e5 en kall j\u00e4vla kyrkog\u00e5rd i Ovan\u00e5ker. Det tror jag. Det \u00e4r hans st\u00e4lle!<\/p>\n<p>&#8220;Lomsj\u00f6hed&#8221;. Ett till namn som ocks\u00e5 smakar gott. Dom g\u00f6r det namnen h\u00e4r. Morsan brukade cykla hit och k\u00f6pa gr\u00e4dde n\u00e4r aff\u00e4ren fanns kvar. I desperation. Man kunde inte dricka kaffe utan gr\u00e4dde. Vi handlade \u00f6l h\u00e4r p\u00e5 fredagskv\u00e4llarna n\u00e4r vi var unga i egen desperation. Sv\u00e4nger inte av till H\u00e4ssjaberg (smaka) idag. Farfar och farfars far och farfarfars fars berg. Kan inte h\u00e5lla mig ibland. Men det finns ju inget kvar d\u00e4r s\u00e5klart. Bara utsikten. Den har jag \u00e4rvt och den \u00e4r lite min \u00e4nd\u00e5.<\/p>\n<p>Sen \u00e4r det bara Aborrtj\u00e4rn man noterar och sist kyrkan i Los. \u00c4r man inte religi\u00f6s s\u00e5 \u00e4r det bara ett landm\u00e4rke bland m\u00e5nga andra. Men \u00e4r man tr\u00f6tt och har \u00e5kt l\u00e5ngt s\u00e5 betyder tornet &#8220;framme&#8221;. Det \u00e4r sk\u00f6nt. Men h\u00e4r har ungarna sjungit in sommarloven och avslutat skolg\u00e5ngen. Grannar begravts. S\u00e5 man har minnen d\u00e4r ocks\u00e5. Bor man h\u00e4r s\u00e5 blir det med tiden mer \u00e4n bara ett landm\u00e4rke \u00e4nd\u00e5. Hinner man inte h\u00e4rifr\u00e5n hamnar man v\u00e4l d\u00e4r utanf\u00f6r i jorden sj\u00e4lv till slut.<\/p>\n<p>Men &#8220;hemma&#8221; nu allts\u00e5. Lite hemma \u00e4r ju det h\u00e4r f\u00f6r mig ocks\u00e5 men bara lite. Det var ett misstag att flytta hit en g\u00e5ng. Men jag har min bubbla och lever i den. Trivs bra i den det skall jag inte f\u00f6rneka. Man kan inte fly fr\u00e5n sig sj\u00e4lv det har jag l\u00e4rt mig. Och jag \u00e4lskar ju den h\u00e4r trakten s\u00e5klart. I alla fall lika mycket som jag hatar den. Men nu \u00e4r det fredag. Skiter i det nu. Sv\u00e4nger upp mot v\u00e5rt berg. H\u00e4ller upp en virre, t\u00e4nder en brasa och har det lite g\u00f6tt i inledningen av helgen p\u00e5 gamla o-coola gubbars vis.<\/p>\n","protected":false},"excerpt":{"rendered":"<p>Den gamla bilen skramlar. Dom har alltid gjort det mina bilar. Sv\u00e4nger av vid d\u00f6dskurvan. Ja, den hette s\u00e5 f\u00f6rr. En grop och en tv\u00e4r kurva. Nu \u00e4r det mesta av b\u00e5de gropen och kurvan borta. Det \u00e4r trekanten mot Voxna f\u00f6rst sen vidare v\u00e4sterut. H\u00e4r b\u00f6rjade vintern de \u00e5r jag pendlade till Stockholm och [&hellip;]<\/p>\n","protected":false},"author":24,"featured_media":0,"comment_status":"open","ping_status":"open","sticky":false,"template":"","format":"standard","meta":{"_crdt_document":"","jetpack_post_was_ever_published":false,"_jetpack_newsletter_access":"","_jetpack_dont_email_post_to_subs":false,"_jetpack_newsletter_tier_id":0,"_jetpack_memberships_contains_paywalled_content":false,"_jetpack_memberships_contains_paid_content":false,"footnotes":"","jetpack_publicize_message":"","jetpack_publicize_feature_enabled":true,"jetpack_social_post_already_shared":false,"jetpack_social_options":{"image_generator_settings":{"template":"highway","default_image_id":0,"font":"","enabled":false},"version":2}},"categories":[24,2],"tags":[],"class_list":["post-3039","post","type-post","status-publish","format-standard","hentry","category-betraktelser","category-swedish"],"jetpack_publicize_connections":[],"jetpack_featured_media_url":"","jetpack_sharing_enabled":true,"jetpack_likes_enabled":true,"jetpack-related-posts":[{"id":13976,"url":"https:\/\/www.akehedman.se\/wordpress\/?p=13976","url_meta":{"origin":3039,"position":0},"title":"Jag litar p\u00e5 mig sj\u00e4lv. Det \u00e4r \u00e4nd\u00e5 mer \u00e4n vad de flesta g\u00f6r.","author":"\u00c5ke Hedman","date":"2014-07-14","format":false,"excerpt":"Regnet \u00f6ser ner n\u00e4r vi tidigt p\u00e5 morgonen \u00e5ker i v\u00e5r r\u00f6da, lite slitna bil ned mot civilisationen. Voxna, Edsbyn, Bolln\u00e4s. Tanka, h\u00e4mta ett bord, fika, k\u00f6pa blommor, handla, hem\u00e5t igen. Vi borde ha k\u00f6pt kol till grillen men det gl\u00f6mmer vi. Vi t\u00e4nkte \u00e5ka in och k\u00f6pa en ost\u2026","rel":"","context":"In &quot;Swedish&quot;","block_context":{"text":"Swedish","link":"https:\/\/www.akehedman.se\/wordpress\/?cat=2"},"img":{"alt_text":"St\u00e5ngtj\u00e4rn&sl\u00e4tta 2011 017","src":"https:\/\/i0.wp.com\/www.eurosource.se\/akhe\/wordpress\/wp-content\/uploads\/2014\/07\/St%C3%A5ngtj%C3%A4rnsl%C3%A4tta-2011-017-1024x682.jpg?resize=350%2C200","width":350,"height":200,"srcset":"https:\/\/i0.wp.com\/www.eurosource.se\/akhe\/wordpress\/wp-content\/uploads\/2014\/07\/St%C3%A5ngtj%C3%A4rnsl%C3%A4tta-2011-017-1024x682.jpg?resize=350%2C200 1x, https:\/\/i0.wp.com\/www.eurosource.se\/akhe\/wordpress\/wp-content\/uploads\/2014\/07\/St%C3%A5ngtj%C3%A4rnsl%C3%A4tta-2011-017-1024x682.jpg?resize=525%2C300 1.5x"},"classes":[]},{"id":23322,"url":"https:\/\/www.akehedman.se\/wordpress\/?p=23322","url_meta":{"origin":3039,"position":1},"title":"M\u00e5let","author":"\u00c5ke Hedman","date":"2017-02-12","format":false,"excerpt":"Promenaden g\u00e5r ner i dalg\u00e5ngen och sen upp igen. Det \u00e4r upp som \u00e4r jobbet. S\u00e5 mycket har jag i alla fall l\u00e4rt mig av fyra \u00e5rs fysikstudier p\u00e5 universitetsniv\u00e5. Men det \u00e4r b\u00e4cken d\u00e4r nere som \u00e4r bel\u00f6ningen. Det talade inga studier om. Att det fanns ett v\u00e4rde i\u2026","rel":"","context":"In &quot;Betraktelser &amp; Ber\u00e4ttelse&quot;","block_context":{"text":"Betraktelser &amp; Ber\u00e4ttelse","link":"https:\/\/www.akehedman.se\/wordpress\/?cat=24"},"img":{"alt_text":"","src":"https:\/\/i0.wp.com\/www.akehedman.se\/wordpress\/wp-content\/uploads\/2017\/02\/forest-648512_960_720.jpg?resize=350%2C200","width":350,"height":200,"srcset":"https:\/\/i0.wp.com\/www.akehedman.se\/wordpress\/wp-content\/uploads\/2017\/02\/forest-648512_960_720.jpg?resize=350%2C200 1x, https:\/\/i0.wp.com\/www.akehedman.se\/wordpress\/wp-content\/uploads\/2017\/02\/forest-648512_960_720.jpg?resize=525%2C300 1.5x, https:\/\/i0.wp.com\/www.akehedman.se\/wordpress\/wp-content\/uploads\/2017\/02\/forest-648512_960_720.jpg?resize=700%2C400 2x"},"classes":[]},{"id":40986,"url":"https:\/\/www.akehedman.se\/wordpress\/?p=40986","url_meta":{"origin":3039,"position":2},"title":"Jag p\u00e5 tur","author":"\u00c5ke Hedman","date":"2022-01-19","format":false,"excerpt":"Photo by Pixabay on Pexels.com V\u00e4gen Los-Voxna pre sju p\u00e5 morgonen. M\u00f6rker. Vaksam. \u00c4lgredo. T\u00e4nk att jag har pendlat h\u00e4r i flera \u00e5r fram och tillbaks till Alfa \u00f6ver dan efter de h\u00e4r v\u00e4garna. M\u00e5nga mil. De flesta sitter fortfarande kvar p\u00e5 bilens m\u00e4tare som nu n\u00e4rmare sig 40000 mil.\u2026","rel":"","context":"In &quot;Betraktelser &amp; Ber\u00e4ttelse&quot;","block_context":{"text":"Betraktelser &amp; Ber\u00e4ttelse","link":"https:\/\/www.akehedman.se\/wordpress\/?cat=24"},"img":{"alt_text":"grey white clouds","src":"https:\/\/i0.wp.com\/www.akehedman.se\/wordpress\/wp-content\/uploads\/2022\/01\/clouds-cloudporn-weather-lookup-158163.jpeg?resize=350%2C200&ssl=1","width":350,"height":200,"srcset":"https:\/\/i0.wp.com\/www.akehedman.se\/wordpress\/wp-content\/uploads\/2022\/01\/clouds-cloudporn-weather-lookup-158163.jpeg?resize=350%2C200&ssl=1 1x, https:\/\/i0.wp.com\/www.akehedman.se\/wordpress\/wp-content\/uploads\/2022\/01\/clouds-cloudporn-weather-lookup-158163.jpeg?resize=525%2C300&ssl=1 1.5x, https:\/\/i0.wp.com\/www.akehedman.se\/wordpress\/wp-content\/uploads\/2022\/01\/clouds-cloudporn-weather-lookup-158163.jpeg?resize=700%2C400&ssl=1 2x, https:\/\/i0.wp.com\/www.akehedman.se\/wordpress\/wp-content\/uploads\/2022\/01\/clouds-cloudporn-weather-lookup-158163.jpeg?resize=1050%2C600&ssl=1 3x, https:\/\/i0.wp.com\/www.akehedman.se\/wordpress\/wp-content\/uploads\/2022\/01\/clouds-cloudporn-weather-lookup-158163.jpeg?resize=1400%2C800&ssl=1 4x"},"classes":[]},{"id":2425,"url":"https:\/\/www.akehedman.se\/wordpress\/?p=2425","url_meta":{"origin":3039,"position":3},"title":"Text till &#8220;Tar E4&#8217;an Hem&#8221;","author":"\u00c5ke Hedman","date":"2012-12-17","format":false,"excerpt":"Tar E4'an Hem ============= Jag tog E4'an fr\u00e5n Stockholm det sn\u00f6ade lite l\u00e4tt\/grann. Det var m\u00e5nga p\u00e5 v\u00e4g \u00e5t samma h\u00e5ll som ocks\u00e5 skulle hem. Men f\u00f6r de flesta av oss \u00e4r det v\u00e4l inte hem vi skall, utan vi \u00e5ker bort till n\u00e5tt annat som vi kallar hem. Jag\u2026","rel":"","context":"In &quot;Text&quot;","block_context":{"text":"Text","link":"https:\/\/www.akehedman.se\/wordpress\/?cat=19"},"img":{"alt_text":"stearinljus","src":"https:\/\/i0.wp.com\/www.akehedman.se\/wordpress\/wp-content\/uploads\/2012\/11\/stearinljus1.jpg?resize=350%2C200","width":350,"height":200},"classes":[]},{"id":37288,"url":"https:\/\/www.akehedman.se\/wordpress\/?p=37288","url_meta":{"origin":3039,"position":4},"title":"En omv\u00e4nd cowboy","author":"\u00c5ke Hedman","date":"2020-12-23","format":false,"excerpt":"Photo by Francesco Ungaro on Pexels.com Jag \u00e5ker \u00f6sterut, mot soluppg\u00e5ngen, idag tidigt p\u00e5 morgonen. Som en omv\u00e4nd cowboy, en som v\u00e4grar att rida v\u00e4sterut mot solnedg\u00e5ngen. Jag s\u00e4jer tjena \u00e5t brorsan n\u00e4r jag \u00e5ker f\u00f6rbi honom. Han lever ju s\u00e5 han skulle egentligen kunnat h\u00f6ra det d\u00e4r hejandet. Men\u2026","rel":"","context":"In &quot;Swedish&quot;","block_context":{"text":"Swedish","link":"https:\/\/www.akehedman.se\/wordpress\/?cat=2"},"img":{"alt_text":"man digital illustration","src":"https:\/\/i0.wp.com\/www.akehedman.se\/wordpress\/wp-content\/uploads\/2020\/12\/pexels-photo-206064.jpeg?resize=350%2C200&ssl=1","width":350,"height":200,"srcset":"https:\/\/i0.wp.com\/www.akehedman.se\/wordpress\/wp-content\/uploads\/2020\/12\/pexels-photo-206064.jpeg?resize=350%2C200&ssl=1 1x, https:\/\/i0.wp.com\/www.akehedman.se\/wordpress\/wp-content\/uploads\/2020\/12\/pexels-photo-206064.jpeg?resize=525%2C300&ssl=1 1.5x, https:\/\/i0.wp.com\/www.akehedman.se\/wordpress\/wp-content\/uploads\/2020\/12\/pexels-photo-206064.jpeg?resize=700%2C400&ssl=1 2x"},"classes":[]},{"id":10168,"url":"https:\/\/www.akehedman.se\/wordpress\/?p=10168","url_meta":{"origin":3039,"position":5},"title":"I Edsbyn blev det en f*tta.","author":"\u00c5ke Hedman","date":"2013-09-27","format":false,"excerpt":"Sitter h\u00e4r och sippar p\u00e5 en fredagswhisky. Den jag f\u00f6rtj\u00e4nar. Eller kanske inte f\u00f6rresten. Det beror p\u00e5 vem som bed\u00f6mer. S\u00e5dana som jag f\u00f6rtj\u00e4nar saker postumt, eller kanske inte ens d\u00e5. Sippar p\u00e5 den lik f\u00f6rbannat. s\u00e5 det s\u00e5. Blir du avundsjuk s\u00e5 beh\u00f6ver du inte bli det f\u00f6r jag\u2026","rel":"","context":"In &quot;Betraktelser &amp; Ber\u00e4ttelse&quot;","block_context":{"text":"Betraktelser &amp; Ber\u00e4ttelse","link":"https:\/\/www.akehedman.se\/wordpress\/?cat=24"},"img":{"alt_text":"34477868192_68735882","src":"https:\/\/i0.wp.com\/www.akehedman.se\/wordpress\/wp-content\/uploads\/2013\/09\/34477868192_68735882.jpg?resize=350%2C200","width":350,"height":200},"classes":[]}],"jetpack_shortlink":"https:\/\/wp.me\/p68PL2-N1","_links":{"self":[{"href":"https:\/\/www.akehedman.se\/wordpress\/index.php?rest_route=\/wp\/v2\/posts\/3039","targetHints":{"allow":["GET"]}}],"collection":[{"href":"https:\/\/www.akehedman.se\/wordpress\/index.php?rest_route=\/wp\/v2\/posts"}],"about":[{"href":"https:\/\/www.akehedman.se\/wordpress\/index.php?rest_route=\/wp\/v2\/types\/post"}],"author":[{"embeddable":true,"href":"https:\/\/www.akehedman.se\/wordpress\/index.php?rest_route=\/wp\/v2\/users\/24"}],"replies":[{"embeddable":true,"href":"https:\/\/www.akehedman.se\/wordpress\/index.php?rest_route=%2Fwp%2Fv2%2Fcomments&post=3039"}],"version-history":[{"count":7,"href":"https:\/\/www.akehedman.se\/wordpress\/index.php?rest_route=\/wp\/v2\/posts\/3039\/revisions"}],"predecessor-version":[{"id":31780,"href":"https:\/\/www.akehedman.se\/wordpress\/index.php?rest_route=\/wp\/v2\/posts\/3039\/revisions\/31780"}],"wp:attachment":[{"href":"https:\/\/www.akehedman.se\/wordpress\/index.php?rest_route=%2Fwp%2Fv2%2Fmedia&parent=3039"}],"wp:term":[{"taxonomy":"category","embeddable":true,"href":"https:\/\/www.akehedman.se\/wordpress\/index.php?rest_route=%2Fwp%2Fv2%2Fcategories&post=3039"},{"taxonomy":"post_tag","embeddable":true,"href":"https:\/\/www.akehedman.se\/wordpress\/index.php?rest_route=%2Fwp%2Fv2%2Ftags&post=3039"}],"curies":[{"name":"wp","href":"https:\/\/api.w.org\/{rel}","templated":true}]}}