{"id":30053,"date":"2018-10-02T08:33:05","date_gmt":"2018-10-02T07:33:05","guid":{"rendered":"http:\/\/www.akehedman.se\/wordpress\/?p=30053"},"modified":"2018-10-02T08:33:05","modified_gmt":"2018-10-02T07:33:05","slug":"lokalt-foretagsklimat-ranking-2018","status":"publish","type":"post","link":"https:\/\/www.akehedman.se\/wordpress\/?p=30053","title":{"rendered":"Lokalt f\u00f6retagsklimat Ranking 2018"},"content":{"rendered":"<p>Din lokala tidning kommer antagligen l\u00e4gga det h\u00e4r bakom en betalv\u00e4gg. L\u00e4s det h\u00e4r i st\u00e4llet.<\/p>\n<p><a href=\"https:\/\/www.svensktnaringsliv.se\/fragor\/foretagsklimat\/lokalt-foretagsklimat-ranking-2018_720521.html?utm_source=newsletter&amp;utm_medium=email&amp;utm_content=2018-10-02&amp;utm_campaign=nyhetsbrev_lfk\"> <img data-recalc-dims=\"1\" decoding=\"async\" class=\"alignnone size-full\" src=\"https:\/\/i0.wp.com\/www.akehedman.se\/wordpress\/wp-content\/uploads\/2018\/10\/Lokalt_foretagsklimat_2018_1.pdf.png?w=580\" alt=\"\" \/><\/a>Source: <em><a href=\"https:\/\/www.svensktnaringsliv.se\/fragor\/foretagsklimat\/lokalt-foretagsklimat-ranking-2018_720521.html\">Lokalt f\u00f6retagsklimat Ranking 2018<\/a><\/em><\/p>\n","protected":false},"excerpt":{"rendered":"<p>Din lokala tidning kommer antagligen l\u00e4gga det h\u00e4r bakom en betalv\u00e4gg. L\u00e4s det h\u00e4r i st\u00e4llet. Source: Lokalt f\u00f6retagsklimat Ranking 2018<\/p>\n","protected":false},"author":24,"featured_media":0,"comment_status":"open","ping_status":"open","sticky":false,"template":"","format":"standard","meta":{"_crdt_document":"","jetpack_post_was_ever_published":false,"_jetpack_newsletter_access":"","_jetpack_dont_email_post_to_subs":false,"_jetpack_newsletter_tier_id":0,"_jetpack_memberships_contains_paywalled_content":false,"_jetpack_memberships_contains_paid_content":false,"footnotes":"","jetpack_publicize_message":"","jetpack_publicize_feature_enabled":true,"jetpack_social_post_already_shared":true,"jetpack_social_options":{"image_generator_settings":{"template":"highway","default_image_id":0,"font":"","enabled":false},"version":2}},"categories":[2],"tags":[],"class_list":["post-30053","post","type-post","status-publish","format-standard","hentry","category-swedish"],"jetpack_publicize_connections":[],"jetpack_featured_media_url":"","jetpack_sharing_enabled":true,"jetpack_likes_enabled":true,"jetpack-related-posts":[{"id":21613,"url":"https:\/\/www.akehedman.se\/wordpress\/?p=21613","url_meta":{"origin":30053,"position":0},"title":"H\u00e4lsingland har en kultur av d\u00e5ligt f\u00f6retagsklimat","author":"\u00c5ke Hedman","date":"2016-09-22","format":false,"excerpt":"Ljusdal har aldrig haft en s\u00e5 l\u00e5g placering tidigare, tydligt i botten av Sveriges 290 kommuner. Source: H\u00e4lsingland har en kultur av d\u00e5ligt f\u00f6retagsklimat","rel":"","context":"In &quot;F\u00f6retagande&quot;","block_context":{"text":"F\u00f6retagande","link":"https:\/\/www.akehedman.se\/wordpress\/?cat=28"},"img":{"alt_text":"","src":"","width":0,"height":0},"classes":[]},{"id":6957,"url":"https:\/\/www.akehedman.se\/wordpress\/?p=6957","url_meta":{"origin":30053,"position":1},"title":"Fortsatt bottenresultat f\u00f6r f\u00f6retagsklimat i G\u00e4vleborg &#8211; Nyheter P4 G\u00e4vleborg","author":"\u00c5ke Hedman","date":"2013-04-23","format":false,"excerpt":"Fortsatt bottenresultat f\u00f6r f\u00f6retagsklimat i G\u00e4vleborg - Nyheter P4 G\u00e4vleborg.","rel":"","context":"In &quot;F\u00f6retagande&quot;","block_context":{"text":"F\u00f6retagande","link":"https:\/\/www.akehedman.se\/wordpress\/?cat=28"},"img":{"alt_text":"","src":"","width":0,"height":0},"classes":[]},{"id":27076,"url":"https:\/\/www.akehedman.se\/wordpress\/?p=27076","url_meta":{"origin":30053,"position":2},"title":"M\u00e5ngmiljonsatsning ska st\u00e4rka gles- och landsbygdskommuners f\u00f6retagsklimat &#8211; Regeringen.se","author":"\u00c5ke Hedman","date":"2018-02-09","format":false,"excerpt":"Source: M\u00e5ngmiljonsatsning ska st\u00e4rka gles- och landsbygdskommuners f\u00f6retagsklimat - Regeringen.se","rel":"","context":"In &quot;Swedish&quot;","block_context":{"text":"Swedish","link":"https:\/\/www.akehedman.se\/wordpress\/?cat=2"},"img":{"alt_text":"","src":"","width":0,"height":0},"classes":[]},{"id":9548,"url":"https:\/\/www.akehedman.se\/wordpress\/?p=9548","url_meta":{"origin":30053,"position":3},"title":"F\u00f6retagsklimat 2013","author":"\u00c5ke Hedman","date":"2013-09-10","format":false,"excerpt":"http:\/\/www.landskrona.se\/documents\/landskrona\/documents\/media\/bilaga%20till%20pressmeddelande\/insikt2013.pdf Ljusdal ligger ocks\u00e5 bra till h\u00e4r (faktiskt) vilket \u00e4r skoj. Varf\u00f6r skrev jag faktiskt?","rel":"","context":"In &quot;F\u00f6retagande&quot;","block_context":{"text":"F\u00f6retagande","link":"https:\/\/www.akehedman.se\/wordpress\/?cat=28"},"img":{"alt_text":"","src":"https:\/\/i0.wp.com\/www.eurosource.se\/akhe\/wordpress\/wp-content\/uploads\/2013\/08\/3300153602.jpg?resize=350%2C200","width":350,"height":200},"classes":[]},{"id":21606,"url":"https:\/\/www.akehedman.se\/wordpress\/?p=21606","url_meta":{"origin":30053,"position":4},"title":"Lokalt","author":"\u00c5ke Hedman","date":"2016-09-22","format":false,"excerpt":"Det \u00e4r n\u00e5got speciellt med lokal journalistik. Ja den \u00e4r lokal, stort i sm\u00e5tt. Gillar! Ja och det \u00e4r s\u00e5 den lokala pressen \u00f6verlever. Fast det har man gl\u00f6mt s\u00e5klart. F\u00f6r det mesta.","rel":"","context":"In &quot;Betraktelser &amp; Ber\u00e4ttelse&quot;","block_context":{"text":"Betraktelser &amp; Ber\u00e4ttelse","link":"https:\/\/www.akehedman.se\/wordpress\/?cat=24"},"img":{"alt_text":"screenshot-from-2016-09-22-081310","src":"https:\/\/i0.wp.com\/www.akehedman.se\/wordpress\/wp-content\/uploads\/2016\/09\/Screenshot-from-2016-09-22-081310.png?resize=350%2C200","width":350,"height":200,"srcset":"https:\/\/i0.wp.com\/www.akehedman.se\/wordpress\/wp-content\/uploads\/2016\/09\/Screenshot-from-2016-09-22-081310.png?resize=350%2C200 1x, https:\/\/i0.wp.com\/www.akehedman.se\/wordpress\/wp-content\/uploads\/2016\/09\/Screenshot-from-2016-09-22-081310.png?resize=525%2C300 1.5x, https:\/\/i0.wp.com\/www.akehedman.se\/wordpress\/wp-content\/uploads\/2016\/09\/Screenshot-from-2016-09-22-081310.png?resize=700%2C400 2x"},"classes":[]},{"id":27069,"url":"https:\/\/www.akehedman.se\/wordpress\/?p=27069","url_meta":{"origin":30053,"position":5},"title":"Jag visste det!","author":"\u00c5ke Hedman","date":"2018-02-09","format":false,"excerpt":"Dalmasar \u00e4r som b\u00f6nder, det finns alltid n\u00e5got att klaga p\u00e5. https:\/\/www.svt.se\/nyheter\/lokalt\/dalarna\/for-mycket-sno-i-vasaloppssparet ps Mitt \"Dalska\" p\u00e5br\u00e5 m\u00e4rks v\u00e4l inte h\u00e4r p\u00e5 bloggen? ds","rel":"","context":"In &quot;Betraktelser &amp; Ber\u00e4ttelse&quot;","block_context":{"text":"Betraktelser &amp; Ber\u00e4ttelse","link":"https:\/\/www.akehedman.se\/wordpress\/?cat=24"},"img":{"alt_text":"","src":"https:\/\/i0.wp.com\/www.akehedman.se\/wordpress\/wp-content\/uploads\/2018\/02\/plogavasalopp-0-jpg.jpeg?resize=350%2C200","width":350,"height":200,"srcset":"https:\/\/i0.wp.com\/www.akehedman.se\/wordpress\/wp-content\/uploads\/2018\/02\/plogavasalopp-0-jpg.jpeg?resize=350%2C200 1x, https:\/\/i0.wp.com\/www.akehedman.se\/wordpress\/wp-content\/uploads\/2018\/02\/plogavasalopp-0-jpg.jpeg?resize=525%2C300 1.5x, https:\/\/i0.wp.com\/www.akehedman.se\/wordpress\/wp-content\/uploads\/2018\/02\/plogavasalopp-0-jpg.jpeg?resize=700%2C400 2x"},"classes":[]}],"jetpack_shortlink":"https:\/\/wp.me\/p68PL2-7OJ","_links":{"self":[{"href":"https:\/\/www.akehedman.se\/wordpress\/index.php?rest_route=\/wp\/v2\/posts\/30053","targetHints":{"allow":["GET"]}}],"collection":[{"href":"https:\/\/www.akehedman.se\/wordpress\/index.php?rest_route=\/wp\/v2\/posts"}],"about":[{"href":"https:\/\/www.akehedman.se\/wordpress\/index.php?rest_route=\/wp\/v2\/types\/post"}],"author":[{"embeddable":true,"href":"https:\/\/www.akehedman.se\/wordpress\/index.php?rest_route=\/wp\/v2\/users\/24"}],"replies":[{"embeddable":true,"href":"https:\/\/www.akehedman.se\/wordpress\/index.php?rest_route=%2Fwp%2Fv2%2Fcomments&post=30053"}],"version-history":[{"count":1,"href":"https:\/\/www.akehedman.se\/wordpress\/index.php?rest_route=\/wp\/v2\/posts\/30053\/revisions"}],"predecessor-version":[{"id":30055,"href":"https:\/\/www.akehedman.se\/wordpress\/index.php?rest_route=\/wp\/v2\/posts\/30053\/revisions\/30055"}],"wp:attachment":[{"href":"https:\/\/www.akehedman.se\/wordpress\/index.php?rest_route=%2Fwp%2Fv2%2Fmedia&parent=30053"}],"wp:term":[{"taxonomy":"category","embeddable":true,"href":"https:\/\/www.akehedman.se\/wordpress\/index.php?rest_route=%2Fwp%2Fv2%2Fcategories&post=30053"},{"taxonomy":"post_tag","embeddable":true,"href":"https:\/\/www.akehedman.se\/wordpress\/index.php?rest_route=%2Fwp%2Fv2%2Ftags&post=30053"}],"curies":[{"name":"wp","href":"https:\/\/api.w.org\/{rel}","templated":true}]}}