{"id":30009,"date":"2018-09-26T08:10:27","date_gmt":"2018-09-26T07:10:27","guid":{"rendered":"http:\/\/www.akehedman.se\/wordpress\/?p=30009"},"modified":"2018-09-26T08:10:27","modified_gmt":"2018-09-26T07:10:27","slug":"noll-2","status":"publish","type":"post","link":"https:\/\/www.akehedman.se\/wordpress\/?p=30009","title":{"rendered":"Noll"},"content":{"rendered":"<p><img data-recalc-dims=\"1\" loading=\"lazy\" decoding=\"async\" class=\"alignnone size-large wp-image-29377\" src=\"https:\/\/i0.wp.com\/www.akehedman.se\/wordpress\/wp-content\/uploads\/2018\/07\/IMG_20180716_201509932_HDR-576x1024.jpg?resize=576%2C1024\" alt=\"\" width=\"576\" height=\"1024\" srcset=\"https:\/\/i0.wp.com\/www.akehedman.se\/wordpress\/wp-content\/uploads\/2018\/07\/IMG_20180716_201509932_HDR.jpg?resize=576%2C1024&amp;ssl=1 576w, https:\/\/i0.wp.com\/www.akehedman.se\/wordpress\/wp-content\/uploads\/2018\/07\/IMG_20180716_201509932_HDR.jpg?resize=169%2C300&amp;ssl=1 169w, https:\/\/i0.wp.com\/www.akehedman.se\/wordpress\/wp-content\/uploads\/2018\/07\/IMG_20180716_201509932_HDR.jpg?resize=768%2C1365&amp;ssl=1 768w, https:\/\/i0.wp.com\/www.akehedman.se\/wordpress\/wp-content\/uploads\/2018\/07\/IMG_20180716_201509932_HDR.jpg?w=1160&amp;ssl=1 1160w, https:\/\/i0.wp.com\/www.akehedman.se\/wordpress\/wp-content\/uploads\/2018\/07\/IMG_20180716_201509932_HDR.jpg?w=1740&amp;ssl=1 1740w\" sizes=\"auto, (max-width: 576px) 100vw, 576px\" \/><\/p>\n<p>Morgon. Onsdag. Tyv\u00e4rr g\u00e5r veckan mot sitt slut. Men \u00e4nnu en hel dag kvar att utr\u00e4tta storverk p\u00e5. Ja och tv\u00e5 dagar till med samma premisser. Ja jag ser det s\u00e5. Fast ingen annan g\u00f6r det s\u00e5klart. G\u00f6r n\u00e5gon annan n\u00e5gonsin det f\u00f6rresten. Sv\u00e5rt att tro det. Man \u00f6verskattar n\u00e4stan alltid sin egen betydelse. S\u00e5klart.<\/p>\n<p>Jag har en tv\u00e5 kilowatts v\u00e4rmefl\u00e4kt h\u00e4r bredvid mig att ta till n\u00e4r det blir f\u00f6r j\u00e4vligt. Man riktar den rakt upp mot gubben och sen \u00e4r det ungef\u00e4r som att sitta i ett badkar. Det kan aldrig bli f\u00f6r varmt \u00e4r min devis. Fast det d\u00e4r tror jag egentligen inte p\u00e5 sj\u00e4lv s\u00e5klart. Men bor man i Los s\u00e5 bor man i Los.<\/p>\n<p>Det sista jag g\u00f6r innan jag l\u00e4gger mig ig\u00e5r \u00e4r att kolla om det blir regn. Men 0 och noll och zero st\u00e5r det \u00f6verallt. Jag sl\u00e4nger allts\u00e5 inte p\u00e5 n\u00e5gon pressning p\u00e5 den torra veden. Det f\u00f6rsta jag ser p\u00e5 morgonen \u00e4r att det regnat. Meteorologer pratar stups\u00e4kert om l\u00e4get trettio \u00e5r fram i tiden, morgondagen har de tydligen sv\u00e5rare med. Liksom.<\/p>\n<p>Fast de med tv\u00e4rs\u00e4kra prognoser och \u00e5sikter skall v\u00e4l plockas bort varje g\u00e5ng. Tyv\u00e4rr \u00e4r det alltid de som skapar rubrikerna i media. Men alla vet f\u00f6rst\u00e5s att det \u00e4r bland de tv\u00e4rs\u00e4kra dumskallarna finns och bland de os\u00e4kra de med kunskap och visdom finns. Har du n\u00e5gonsin h\u00f6rt en rasist fundera och ev. tveka \u00f6ver en enda av sina\u00a0 slutsatser?<\/p>\n<p>Aprop\u00e5 v\u00e4rme f\u00f6rresten. N\u00e5gon kamininstallation har jag \u00e4nnu inte f\u00e5tt till h\u00e4r p\u00e5 kontoret. Bygglov \u00e4r s\u00f6kt och f\u00e5tt och betalt d\u00e4remot. Men H\u00e5l i skorsten och ett r\u00f6kr\u00f6r skall till. Besiktning sen. Pengar fattas som vanligt.\u00a0 Men gr\u00e5ta \u00f6ver det, nope. Det ger sig. Till slut. Under tiden elfl\u00e4kt allts\u00e5.<\/p>\n<p>Fast man lever. Gillar ju det. Har gillat det n\u00e4stan alla dagar i livet. Finns forskare som s\u00e4ger att en positiv livssyn \u00e4r en sjukdom. Det d\u00e4r \u00f6verdrivet positiva. Att tro p\u00e5 en framtid. Att tro att jorden inte h\u00e5ller p\u00e5 att g\u00e5 under. Men det finns forskare som s\u00e4ger och kommer fram till mycket skit. Akademisk examen \u00e4r ingen garanti f\u00f6r att kunna dra korrekta slutsatser. Ibland \u00e4r det precis tv\u00e4rtom. Ryggs\u00e4cken som skymmer sikten. Man skall komma ut fr\u00e5n en utbildning mer os\u00e4ker p\u00e5 vad man kan \u00e4n n\u00e4r man kom in., D\u00e5 har man erh\u00e5llit kunskap och visdom. Det \u00e4r tecknet. Borde v\u00e4l egentligen inte f\u00e5 ett examensbevis innan man kan p\u00e5visa att det \u00e4r s\u00e5.<\/p>\n<p>Men min v\u00e4rld v\u00e4ntar. \u00c5kes v\u00e4rld. Bladen gulnar utanf\u00f6r f\u00f6nstret. H\u00f6sten kommer. En del k\u00e4nner doften av sn\u00f6. Mina datorer \u00e4r uppv\u00e4rmda (de blev aldrig kalla s\u00e5klart). Tv\u00e5-kilo-watts-fl\u00e4kten \u00e4r p\u00e5. Den bl\u00e5ser s\u00f6derhavsvindar mot mig. Det bl\u00e5ser h\u00e5rt ute ocks\u00e5 emellan\u00e5t. Det finns hur mycket som helst att g\u00f6ra. Det \u00e4r <a href=\"http:\/\/eurosource.se\/timeleft.php\">1161 dagar kvar<\/a>. Livet g\u00e5r vidare.<\/p>\n","protected":false},"excerpt":{"rendered":"<p>Morgon. Onsdag. Tyv\u00e4rr g\u00e5r veckan mot sitt slut. Men \u00e4nnu en hel dag kvar att utr\u00e4tta storverk p\u00e5. Ja och tv\u00e5 dagar till med samma premisser. Ja jag ser det s\u00e5. Fast ingen annan g\u00f6r det s\u00e5klart. G\u00f6r n\u00e5gon annan n\u00e5gonsin det f\u00f6rresten. Sv\u00e5rt att tro det. Man \u00f6verskattar n\u00e4stan alltid sin egen betydelse. S\u00e5klart. [&hellip;]<\/p>\n","protected":false},"author":24,"featured_media":0,"comment_status":"open","ping_status":"open","sticky":false,"template":"","format":"standard","meta":{"_crdt_document":"","jetpack_post_was_ever_published":false,"_jetpack_newsletter_access":"","_jetpack_dont_email_post_to_subs":false,"_jetpack_newsletter_tier_id":0,"_jetpack_memberships_contains_paywalled_content":false,"_jetpack_memberships_contains_paid_content":false,"footnotes":"","jetpack_publicize_message":"","jetpack_publicize_feature_enabled":true,"jetpack_social_post_already_shared":true,"jetpack_social_options":{"image_generator_settings":{"template":"highway","default_image_id":0,"font":"","enabled":false},"version":2}},"categories":[24],"tags":[],"class_list":["post-30009","post","type-post","status-publish","format-standard","hentry","category-betraktelser"],"jetpack_publicize_connections":[],"jetpack_featured_media_url":"","jetpack_sharing_enabled":true,"jetpack_likes_enabled":true,"jetpack-related-posts":[{"id":39292,"url":"https:\/\/www.akehedman.se\/wordpress\/?p=39292","url_meta":{"origin":30009,"position":0},"title":"Stirrigt","author":"\u00c5ke Hedman","date":"2021-06-30","format":false,"excerpt":"Lite stirrigt h\u00e4r allts\u00e5. Releasestirrigt. Det \u00e4r mycket att t\u00e4nka p\u00e5. M\u00e5nga saker att h\u00e5lla i huvudet p\u00e5 samma g\u00e5ng. \"Koncentration Hedman\" ropar jag desperat till mig sj\u00e4lv mer \u00e4n en g\u00e5ng under dagen. Bara tv\u00e5 dagar kvar. Till semester. Tre till releaser som visar sig vara fem nu p\u00e5\u2026","rel":"","context":"In &quot;Betraktelser &amp; Ber\u00e4ttelse&quot;","block_context":{"text":"Betraktelser &amp; Ber\u00e4ttelse","link":"https:\/\/www.akehedman.se\/wordpress\/?cat=24"},"img":{"alt_text":"","src":"https:\/\/i0.wp.com\/www.akehedman.se\/wordpress\/wp-content\/uploads\/2021\/06\/kelvin14-500x500-1.png?resize=350%2C200&ssl=1","width":350,"height":200},"classes":[]},{"id":17695,"url":"https:\/\/www.akehedman.se\/wordpress\/?p=17695","url_meta":{"origin":30009,"position":1},"title":"Bakelser ist\u00e4llet f\u00f6r kramar","author":"\u00c5ke Hedman","date":"2015-04-27","format":false,"excerpt":"Sonen hinner in i duschen f\u00f6re mig h\u00e4r p\u00e5 morgonen. Han beh\u00f6ver det efter en helg. sj\u00e4lv f\u00e5r g\u00e5 ner till kontoret oduschad. Stinker antagligen. Gubbar g\u00f6r det. Det tilltar med \u00e5ldern. Det luktar gubbe. Man m\u00e5ste duscha. Men jag skall det senare. Bara sonen tagit bussen mot sitt. Om\u2026","rel":"","context":"In &quot;Betraktelser &amp; Ber\u00e4ttelse&quot;","block_context":{"text":"Betraktelser &amp; Ber\u00e4ttelse","link":"https:\/\/www.akehedman.se\/wordpress\/?cat=24"},"img":{"alt_text":"fluga","src":"https:\/\/i0.wp.com\/www.eurosource.se\/akhe\/wordpress\/wp-content\/uploads\/2014\/09\/fluga.jpg?resize=350%2C200","width":350,"height":200,"srcset":"https:\/\/i0.wp.com\/www.eurosource.se\/akhe\/wordpress\/wp-content\/uploads\/2014\/09\/fluga.jpg?resize=350%2C200 1x, https:\/\/i0.wp.com\/www.eurosource.se\/akhe\/wordpress\/wp-content\/uploads\/2014\/09\/fluga.jpg?resize=525%2C300 1.5x"},"classes":[]},{"id":25202,"url":"https:\/\/www.akehedman.se\/wordpress\/?p=25202","url_meta":{"origin":30009,"position":2},"title":"Klimatd\u00e5re","author":"\u00c5ke Hedman","date":"2017-08-31","format":false,"excerpt":"Hmmmmm.... har tydligen blivit en \"klimatd\u00e5re\" eftersom jag l\u00e4nkat tv\u00e5 inl\u00e4gg p\u00e5 Stockhomsiniativets site. Man kan l\u00e4sa om dem h\u00e4r och de har tydligen f\u00e5tt VoF's pris \u00c5res f\u00f6rvillare. Ja jag har bara l\u00e4st de tv\u00e5 sidor jag l\u00e4nkat till och kan inte s\u00e4ga varken bu eller b\u00e4 i fr\u00e5gan\u2026","rel":"","context":"In &quot;Betraktelser &amp; Ber\u00e4ttelse&quot;","block_context":{"text":"Betraktelser &amp; Ber\u00e4ttelse","link":"https:\/\/www.akehedman.se\/wordpress\/?cat=24"},"img":{"alt_text":"","src":"https:\/\/i0.wp.com\/www.akehedman.se\/wordpress\/wp-content\/uploads\/2017\/08\/uahgrafikdezember1978bismc3a4rz2017-e1491230261181-1024x587.jpg?resize=350%2C200","width":350,"height":200,"srcset":"https:\/\/i0.wp.com\/www.akehedman.se\/wordpress\/wp-content\/uploads\/2017\/08\/uahgrafikdezember1978bismc3a4rz2017-e1491230261181-1024x587.jpg?resize=350%2C200 1x, https:\/\/i0.wp.com\/www.akehedman.se\/wordpress\/wp-content\/uploads\/2017\/08\/uahgrafikdezember1978bismc3a4rz2017-e1491230261181-1024x587.jpg?resize=525%2C300 1.5x"},"classes":[]},{"id":21429,"url":"https:\/\/www.akehedman.se\/wordpress\/?p=21429","url_meta":{"origin":30009,"position":3},"title":"St\u00f6dv\u00e4rme","author":"\u00c5ke Hedman","date":"2016-09-04","format":false,"excerpt":"F\u00f6rs\u00f6ker med studiosittande idag. Men den riktiga k\u00e4nslan finns inte d\u00e4r. Tv\u00e5 l\u00e5tar till som kanske blir n\u00e5got i framtiden blir det d\u00e4remot. Som vanligt liksom. Ja det finns inte s\u00e5 mycket framtid kvar s\u00e5 att man skall kunna f\u00e4rdigst\u00e4lla alla s\u00e5dana som ligger d\u00e4r och skr\u00e4par. S\u00e5klart. Livet \u00e4r\u2026","rel":"","context":"In &quot;Betraktelser &amp; Ber\u00e4ttelse&quot;","block_context":{"text":"Betraktelser &amp; Ber\u00e4ttelse","link":"https:\/\/www.akehedman.se\/wordpress\/?cat=24"},"img":{"alt_text":"hugg","src":"https:\/\/i0.wp.com\/www.akehedman.se\/wordpress\/wp-content\/uploads\/2016\/07\/hugg.jpg?resize=350%2C200","width":350,"height":200,"srcset":"https:\/\/i0.wp.com\/www.akehedman.se\/wordpress\/wp-content\/uploads\/2016\/07\/hugg.jpg?resize=350%2C200 1x, https:\/\/i0.wp.com\/www.akehedman.se\/wordpress\/wp-content\/uploads\/2016\/07\/hugg.jpg?resize=525%2C300 1.5x, https:\/\/i0.wp.com\/www.akehedman.se\/wordpress\/wp-content\/uploads\/2016\/07\/hugg.jpg?resize=700%2C400 2x"},"classes":[]},{"id":24331,"url":"https:\/\/www.akehedman.se\/wordpress\/?p=24331","url_meta":{"origin":30009,"position":4},"title":"EKG","author":"\u00c5ke Hedman","date":"2017-05-10","format":false,"excerpt":"Preopunders\u00f6kas. Blodtryck EKG och s\u00e5dan d\u00e4r. Tror alltid att jag skall bli skickad till intensiven direkt n\u00e4r jag g\u00f6r de d\u00e4r provtagningarna. Faran med att upplevt annan skit i livet. Hittills har det iof inte skett. F\u00f6r oftast g\u00e5r det ju bra. Men man h\u00e5ller i smyg en tumme. Solen\u2026","rel":"","context":"In &quot;Betraktelser &amp; Ber\u00e4ttelse&quot;","block_context":{"text":"Betraktelser &amp; Ber\u00e4ttelse","link":"https:\/\/www.akehedman.se\/wordpress\/?cat=24"},"img":{"alt_text":"","src":"https:\/\/i0.wp.com\/www.akehedman.se\/wordpress\/wp-content\/uploads\/2017\/05\/SinusRhythmLabels.svg_.png?resize=350%2C200","width":350,"height":200},"classes":[]},{"id":19406,"url":"https:\/\/www.akehedman.se\/wordpress\/?p=19406","url_meta":{"origin":30009,"position":5},"title":"Liv efter jul","author":"\u00c5ke Hedman","date":"2016-01-08","format":false,"excerpt":"Det \u00e4r kallt h\u00e4r i Los. S\u00e5klart. Som \u00f6verallt annars. Det \u00e4r vinter. Men tack och lov bor vi d\u00e4r finnar bosatte sig. Japp allts\u00e5 \u00e4r det fem eller tio grader varmare h\u00e4r \u00e4n d\u00e4r nere d\u00e4r floderna fl\u00f6dar. Japp alltid p\u00e5 toppen av ett berg och p\u00e5 r\u00e4tt sida\u2026","rel":"","context":"In &quot;Betraktelser &amp; Ber\u00e4ttelse&quot;","block_context":{"text":"Betraktelser &amp; Ber\u00e4ttelse","link":"https:\/\/www.akehedman.se\/wordpress\/?cat=24"},"img":{"alt_text":"bondkakor","src":"https:\/\/i0.wp.com\/www.akehedman.se\/wordpress\/wp-content\/uploads\/2015\/12\/bondkakor.jpg?resize=350%2C200","width":350,"height":200},"classes":[]}],"jetpack_shortlink":"https:\/\/wp.me\/p68PL2-7O1","_links":{"self":[{"href":"https:\/\/www.akehedman.se\/wordpress\/index.php?rest_route=\/wp\/v2\/posts\/30009","targetHints":{"allow":["GET"]}}],"collection":[{"href":"https:\/\/www.akehedman.se\/wordpress\/index.php?rest_route=\/wp\/v2\/posts"}],"about":[{"href":"https:\/\/www.akehedman.se\/wordpress\/index.php?rest_route=\/wp\/v2\/types\/post"}],"author":[{"embeddable":true,"href":"https:\/\/www.akehedman.se\/wordpress\/index.php?rest_route=\/wp\/v2\/users\/24"}],"replies":[{"embeddable":true,"href":"https:\/\/www.akehedman.se\/wordpress\/index.php?rest_route=%2Fwp%2Fv2%2Fcomments&post=30009"}],"version-history":[{"count":1,"href":"https:\/\/www.akehedman.se\/wordpress\/index.php?rest_route=\/wp\/v2\/posts\/30009\/revisions"}],"predecessor-version":[{"id":30010,"href":"https:\/\/www.akehedman.se\/wordpress\/index.php?rest_route=\/wp\/v2\/posts\/30009\/revisions\/30010"}],"wp:attachment":[{"href":"https:\/\/www.akehedman.se\/wordpress\/index.php?rest_route=%2Fwp%2Fv2%2Fmedia&parent=30009"}],"wp:term":[{"taxonomy":"category","embeddable":true,"href":"https:\/\/www.akehedman.se\/wordpress\/index.php?rest_route=%2Fwp%2Fv2%2Fcategories&post=30009"},{"taxonomy":"post_tag","embeddable":true,"href":"https:\/\/www.akehedman.se\/wordpress\/index.php?rest_route=%2Fwp%2Fv2%2Ftags&post=30009"}],"curies":[{"name":"wp","href":"https:\/\/api.w.org\/{rel}","templated":true}]}}