{"id":30006,"date":"2018-09-25T22:34:09","date_gmt":"2018-09-25T21:34:09","guid":{"rendered":"http:\/\/www.akehedman.se\/wordpress\/?p=30006"},"modified":"2018-09-25T22:34:09","modified_gmt":"2018-09-25T21:34:09","slug":"det-dar","status":"publish","type":"post","link":"https:\/\/www.akehedman.se\/wordpress\/?p=30006","title":{"rendered":"Det d\u00e4r"},"content":{"rendered":"<p><img data-recalc-dims=\"1\" loading=\"lazy\" decoding=\"async\" class=\"alignnone size-large wp-image-29336\" src=\"https:\/\/i0.wp.com\/www.akehedman.se\/wordpress\/wp-content\/uploads\/2018\/07\/IMG_20180715_210601154-1024x576.jpg?resize=580%2C327\" alt=\"\" width=\"580\" height=\"327\" srcset=\"https:\/\/i0.wp.com\/www.akehedman.se\/wordpress\/wp-content\/uploads\/2018\/07\/IMG_20180715_210601154.jpg?resize=1024%2C576&amp;ssl=1 1024w, https:\/\/i0.wp.com\/www.akehedman.se\/wordpress\/wp-content\/uploads\/2018\/07\/IMG_20180715_210601154.jpg?resize=300%2C169&amp;ssl=1 300w, https:\/\/i0.wp.com\/www.akehedman.se\/wordpress\/wp-content\/uploads\/2018\/07\/IMG_20180715_210601154.jpg?resize=768%2C432&amp;ssl=1 768w, https:\/\/i0.wp.com\/www.akehedman.se\/wordpress\/wp-content\/uploads\/2018\/07\/IMG_20180715_210601154.jpg?resize=500%2C281&amp;ssl=1 500w, https:\/\/i0.wp.com\/www.akehedman.se\/wordpress\/wp-content\/uploads\/2018\/07\/IMG_20180715_210601154.jpg?w=1160&amp;ssl=1 1160w, https:\/\/i0.wp.com\/www.akehedman.se\/wordpress\/wp-content\/uploads\/2018\/07\/IMG_20180715_210601154.jpg?w=1740&amp;ssl=1 1740w\" sizes=\"auto, (max-width: 580px) 100vw, 580px\" \/><\/p>\n<p>Det d\u00e4r med inspiration. Flow. Eller zonen. Det d\u00e4r \u00e4r viktigt f\u00f6r mig. \u00c4nd\u00e5 sitter jag inte och v\u00e4ntar p\u00e5 det d\u00e4r. Gnekar p\u00e5 ocks\u00e5 n\u00e4r det d\u00e4r inte finns. Som idag. En hel dag n\u00e4r det flyter. En kv\u00e4ll n\u00e4r det inte g\u00f6r det och man f\u00e5r se till att f\u00e5 n\u00e5got gjort i alla fall. Alltsammans \u00e4r egentligen ganska enkelt. Hittills har\u00a0 det d\u00e4r flytet alltid dykt upp igen till slut. Timmar eller dager, aldrig veckor.\u00a0 Jag hoppas att det alltid kommer att g\u00f6ra det. Det \u00e4r den finaste g\u00e5va jag f\u00e5tt i mitt liv att f\u00e5 finnas i det d\u00e4r. Det \u00e4r som att ha f\u00e5tt handtaget till en kran som tappar av universums hemligheter i en strid str\u00f6m.<\/p>\n<p>En man s\u00e4ger till mig: <em>Tycker du inte att du f\u00f6r cred. f\u00f6r det du g\u00f6r s\u00e5 jobba h\u00e5rdare.<\/em> Det \u00e4r sv\u00e5rt att f\u00f6rst\u00e5 vad han menar med det s\u00e5klart. Men jag l\u00e5tsasjobbar p\u00e5. Alltid n\u00e5got. F\u00e5r man cred. f\u00e5r man avundsjuka. Antar jag. F\u00f6r mig \u00e4r det s\u00e5 att syns jag, allts\u00e5 i tidningar eller s\u00e5, ringer det alltid minst en och fr\u00e5gar om jag vill laga hans radioapparat. En mager utdelning. Det blir mest skit av det d\u00e4r. Liksom.<\/p>\n<p>I morse trollar Firefox bort alla \u00f6ppna flikar efter att datorn fryst sig.\u00a0 Kyla. Plus kanske fyrtio (ja det kan vara femtio) bra sidor som man inte hunnit spara. Men man \u00f6verlever. N\u00e5gra hittar jag under historiefliken andra skiter jag i s\u00e5 l\u00e4nge. Men gr\u00e4mer mig g\u00f6r det. Borde det inte finnas en funktion d\u00e4r man kan \u00e5terskapa? Jo, f\u00f6r det mesta fr\u00e5gar ju Firefox sj\u00e4lv om det. Men ibland icke s\u00e5. Definitivt aldrig n\u00e4r man hittat de d\u00e4r riktigt bra siterna och datorn kraschar.<\/p>\n<p>N\u00e4r jag h\u00e4mtar posten idag s\u00e5 knackar det frenetiskt p\u00e5 f\u00f6nstret inifr\u00e5n garaget.\u00a0 S\u00e5 jag kollar n\u00e4r jag kommer tillbaks. Men hittar inge(n\/t). Men det l\u00e4t som hackspetten. L\u00e4mnar d\u00f6rren \u00f6ppen f\u00f6r s\u00e4kerhets skull.\u00a0 En timme senare knackar det h\u00e5rt p\u00e5 v\u00e4ggen bakom mig h\u00e4r p\u00e5 l\u00e5taskontoret. Jag tror fortfarande p\u00e5 hackspett allts\u00e5. Men att det \u00e4r n\u00e5got slags omen \u00e4r inte helt otroligt det heller. Mormors mor var trollgumma. Det sl\u00e4ktas.<\/p>\n<p>Fast jag tror ju p\u00e5 tomten ocks\u00e5 s\u00e5klart. Fast det g\u00f6r v\u00e4l alla.<\/p>\n<p>Handlar idag. Skall ha tv\u00e5 saker. Egentligen. Kommer hem utan den ena. Men med en del annat. Det \u00e4r virrigt. Och inte blir det b\u00e4ttre med \u00e5ren.<\/p>\n<p>Det \u00e4r tydilgen rykande \u00e5tg\u00e5ng p\u00e5 Lo(o)slimpa just nu. Sista chansen s\u00e5klart. Alla vill f\u00e5 en sista sirapslimpklump i magen. P\u00e5 fredag \u00e4r den epoken slut. Men jag kan lika g\u00e4rna k\u00e4ka Bull Olles limpa. Om nu limpa st\u00e5r f\u00f6r suget. S\u00c5 j\u00e4vla stor skilnad som en del p\u00e5st\u00e5r \u00e4r det inte. Som vanligt blir det mest religion. T\u00e4nka sig att tillbedja en limpa. Ja, och man fattar ju hur det kommer att bli om trettio \u00e5r d\u00e5. Vilka piedestaler kommer inte den d\u00e4r limpan ligga p\u00e5 d\u00e5.<\/p>\n<p>Avgudar.<\/p>\n<p><a href=\"https:\/\/www.hemnet.se\/till-salu\/hus\/ljusdals-kommun\/los\">Mycket hus till salu h\u00e4r nu<\/a>. Ja det \u00e4r fler \u00e4n p\u00e5 den d\u00e4r listan.\u00a0 Grannens kommer v\u00e4l ut ocks\u00e5 snart. Allts\u00e5 \u00e4r man v\u00e4l den siste mohikanen vd det lider liksom. Skall f\u00f6rsvara n\u00e5got man definitivt inte kan f\u00f6rsvara.<\/p>\n<p>Nope. Vill man ha f\u00f6rklaringar f\u00e5r man fr\u00e5ga n\u00e5gon annan. Jag tror inte p\u00e5 glesbygdsd\u00f6d. Men jag tror p\u00e5 att m\u00e4nniskor som inte l\u00e4ngre vill och orkar ett skit som har tagit \u00f6ver. Det d\u00e4r v\u00e4nder. Det ser f\u00f6r fan inte b\u00e4ttre ut i f\u00f6rorterna heller. \u00c5k ut till valfri och besk\u00e5da. En pizzeria och en fris\u00f6r. Resten \u00e4r ihopklumpat n\u00e5gon annanstans. Mammons tempel har blivit stora och magnetiska. S\u00e5 vi \u00e5ker ju dit hela g\u00e4nget. Det tar en timme h\u00e4r, det tar en timme f\u00f6r dem i storstan. R\u00e4ttvist och den nya tidens melodi.<\/p>\n<p>Imorgon byigt. Upp till 20 m\/s tydligen. Jag har s\u00e5klart inte f\u00e5tt upp v\u00e4derstationen. Det finns en hel del utejobb att f\u00e5 ordning p\u00e5 faktiskt innan vintern. Vettfan hur det skall g\u00e5 till dock. Det finns bara de d\u00e4r timmarna man har. Ja och jag har v\u00e4l fler \u00e4n de flesta. Eoner. \u00c4nd\u00e5 hinner jag inte med. Det tar s\u00e5dan tid. Det d\u00e4r som skal g\u00f6ras. Det som har h\u00f6gre prioritet. Ja och det finns alltid n\u00e5got som har det tydligen. Som tr\u00e4nger sig emellan. Jag kommer att l\u00e4mna den h\u00e4r v\u00e4rlden med en l\u00e5ng att g\u00f6ra lista. Var s\u00e5 s\u00f6ker. Hoppas jag kan f\u00f6rlika mig med det bara. Inte blir osalig och dan.<\/p>\n<p>Fast nu dags f\u00f6r den Tyska flickan. Hon ligger d\u00f6r uppe bredvid s\u00e4ngen. Redo att l\u00e4sas. Riktigt bra faktiskt. S\u00e5h\u00e4r l\u00e5ngt i alla fall. \u00c5rets b\u00f6cker har varit av riktigt bra kvalitet. Jo det hj\u00e4lper det d\u00e4r. Att resa iv\u00e4g. Som h\u00e4r till Berlin 1939 och New York 2014. Utan det d\u00e4r&#8230; ja d\u00e5 vet jag inte. Hur skulle man orka med sig sj\u00e4lv?<\/p>\n<p>Godnatt!<\/p>\n<p>&nbsp;<\/p>\n<p>&nbsp;<\/p>\n","protected":false},"excerpt":{"rendered":"<p>Det d\u00e4r med inspiration. Flow. Eller zonen. Det d\u00e4r \u00e4r viktigt f\u00f6r mig. \u00c4nd\u00e5 sitter jag inte och v\u00e4ntar p\u00e5 det d\u00e4r. Gnekar p\u00e5 ocks\u00e5 n\u00e4r det d\u00e4r inte finns. Som idag. En hel dag n\u00e4r det flyter. En kv\u00e4ll n\u00e4r det inte g\u00f6r det och man f\u00e5r se till att f\u00e5 n\u00e5got gjort i [&hellip;]<\/p>\n","protected":false},"author":24,"featured_media":0,"comment_status":"open","ping_status":"open","sticky":false,"template":"","format":"standard","meta":{"_crdt_document":"","jetpack_post_was_ever_published":false,"_jetpack_newsletter_access":"","_jetpack_dont_email_post_to_subs":false,"_jetpack_newsletter_tier_id":0,"_jetpack_memberships_contains_paywalled_content":false,"_jetpack_memberships_contains_paid_content":false,"footnotes":"","jetpack_publicize_message":"","jetpack_publicize_feature_enabled":true,"jetpack_social_post_already_shared":true,"jetpack_social_options":{"image_generator_settings":{"template":"highway","default_image_id":0,"font":"","enabled":false},"version":2}},"categories":[24],"tags":[],"class_list":["post-30006","post","type-post","status-publish","format-standard","hentry","category-betraktelser"],"jetpack_publicize_connections":[],"jetpack_featured_media_url":"","jetpack_sharing_enabled":true,"jetpack_likes_enabled":true,"jetpack-related-posts":[{"id":15338,"url":"https:\/\/www.akehedman.se\/wordpress\/?p=15338","url_meta":{"origin":30006,"position":0},"title":"S\u00e5 jag forts\u00e4tter","author":"\u00c5ke Hedman","date":"2014-11-17","format":false,"excerpt":"F\u00f6r bara n\u00e5gra \u00e5r sedan s\u00e5 skulle jag nog suttit h\u00e4r p\u00e5 kontoret och undrat \"\u00c4r det bara s\u00e5h\u00e4r...\" och sen misstr\u00f6stat mig ner i m\u00f6rker n\u00e4ra helvetets portar. Men jag vet inte om det \u00e4r f\u00f6r att man \u00e4r \u00e4ldre, kanske visare eller bara bitter, bitter, bitter. Jag bryr\u2026","rel":"","context":"In &quot;Betraktelser &amp; Ber\u00e4ttelse&quot;","block_context":{"text":"Betraktelser &amp; Ber\u00e4ttelse","link":"https:\/\/www.akehedman.se\/wordpress\/?cat=24"},"img":{"alt_text":"Lim-Johan-med-Bergakungen-utanf\u00f6r-stugan","src":"https:\/\/i0.wp.com\/www.eurosource.se\/akhe\/wordpress\/wp-content\/uploads\/2014\/08\/Lim-Johan-med-Bergakungen-utanf%C3%B6r-stugan.jpg?resize=350%2C200","width":350,"height":200,"srcset":"https:\/\/i0.wp.com\/www.eurosource.se\/akhe\/wordpress\/wp-content\/uploads\/2014\/08\/Lim-Johan-med-Bergakungen-utanf%C3%B6r-stugan.jpg?resize=350%2C200 1x, https:\/\/i0.wp.com\/www.eurosource.se\/akhe\/wordpress\/wp-content\/uploads\/2014\/08\/Lim-Johan-med-Bergakungen-utanf%C3%B6r-stugan.jpg?resize=525%2C300 1.5x"},"classes":[]},{"id":8010,"url":"https:\/\/www.akehedman.se\/wordpress\/?p=8010","url_meta":{"origin":30006,"position":1},"title":"Det drar.","author":"\u00c5ke Hedman","date":"2013-07-19","format":false,"excerpt":"Han som v\u00e4xte upp hos Pavarotti n\u00e4r det begav sig, Koltrasten, \u00e4r tyst p\u00e5 morgon n\u00e4r jag h\u00e4mtar tidningen. Inte syns n\u00e5got av min v\u00e4n dragspelaren heller. Det avv naturliga sk\u00e4l. Saknar honom. M\u00e5ste \u00e5ka och h\u00e4lsa p\u00e5 min postl\u00e5dekamrat d\u00e4r p\u00e5 sjukhemmet. Karin sover fortfarande och ute \u00e4r det\u2026","rel":"","context":"In &quot;Betraktelser &amp; Ber\u00e4ttelse&quot;","block_context":{"text":"Betraktelser &amp; Ber\u00e4ttelse","link":"https:\/\/www.akehedman.se\/wordpress\/?cat=24"},"img":{"alt_text":"hav6296","src":"https:\/\/i0.wp.com\/www.eurosource.se\/akhe\/wordpress\/wp-content\/uploads\/2013\/07\/hav6296.jpg?resize=350%2C200","width":350,"height":200},"classes":[]},{"id":16109,"url":"https:\/\/www.akehedman.se\/wordpress\/?p=16109","url_meta":{"origin":30006,"position":2},"title":"&#8220;Det \u00e4r inte vad du kan utan vem du k\u00e4nner&#8221;","author":"\u00c5ke Hedman","date":"2015-01-12","format":false,"excerpt":"\"Det \u00e4r inte vad du kan utan vem du k\u00e4nner\" finns det en s\u00e5ngrad som lyder. Kommer inte ih\u00e5g vem det \u00e4r som sjunger det, men jag kommer att t\u00e4nka p\u00e5 det n\u00e4r jag ser r\u00f6stningen som VSCP projektet \u00e4r med i (R\u00f6sta p\u00e5 VSCP f\u00f6rresten och be din mamma\u2026","rel":"","context":"In &quot;Betraktelser &amp; Ber\u00e4ttelse&quot;","block_context":{"text":"Betraktelser &amp; Ber\u00e4ttelse","link":"https:\/\/www.akehedman.se\/wordpress\/?cat=24"},"img":{"alt_text":"001","src":"https:\/\/i0.wp.com\/www.eurosource.se\/akhe\/wordpress\/wp-content\/uploads\/2015\/01\/0011-1024x768.jpg?resize=350%2C200","width":350,"height":200,"srcset":"https:\/\/i0.wp.com\/www.eurosource.se\/akhe\/wordpress\/wp-content\/uploads\/2015\/01\/0011-1024x768.jpg?resize=350%2C200 1x, https:\/\/i0.wp.com\/www.eurosource.se\/akhe\/wordpress\/wp-content\/uploads\/2015\/01\/0011-1024x768.jpg?resize=525%2C300 1.5x"},"classes":[]},{"id":12805,"url":"https:\/\/www.akehedman.se\/wordpress\/?p=12805","url_meta":{"origin":30006,"position":3},"title":"Ett kilo bok v\u00e4ger inte ens delar av ett gram i hj\u00e4rnan.","author":"\u00c5ke Hedman","date":"2014-04-12","format":false,"excerpt":"Vi letar desperat en film ikv\u00e4ll. G\u00e5r fr\u00e5n Engelsk till Amerikansk, \u00f6ver till Dansk, \u00f6ver till Amerikansk igen, men inget fungerar. Jag somnar ifr\u00e5n alltihop. Den sista kastar jag \u00f6ver till TV'n med Chromcast. Fr\u00e4nt! Men \u00e4nnu b\u00e4ttre om filmen varit det ist\u00e4llet. Men det \u00e4r s\u00e5d\u00e4r. S\u00e5 det f\u00e5r\u2026","rel":"","context":"In &quot;Betraktelser &amp; Ber\u00e4ttelse&quot;","block_context":{"text":"Betraktelser &amp; Ber\u00e4ttelse","link":"https:\/\/www.akehedman.se\/wordpress\/?cat=24"},"img":{"alt_text":"bok","src":"https:\/\/i0.wp.com\/www.eurosource.se\/akhe\/wordpress\/wp-content\/uploads\/2014\/04\/bok.jpg?resize=350%2C200","width":350,"height":200},"classes":[]},{"id":10000,"url":"https:\/\/www.akehedman.se\/wordpress\/?p=10000","url_meta":{"origin":30006,"position":4},"title":"Johanna i studion idag.","author":"\u00c5ke Hedman","date":"2013-09-22","format":false,"excerpt":"Det \u00e4r o-ljusnatt i natt ocks\u00e5. Starkt fast \u00e4n m\u00e5nen bara \u00e4r i 85%. Men p\u00e5 morgonen kommer regnet. Ja vi sitter d\u00e4r och segar till det, s\u00e5 morgonen blir v\u00e4l inte f\u00f6rr\u00e4n vid tolvtiden om man skall g\u00e5 efter den normalt p\u00e5j\u00e4ktande klockan. Vi fastnar d\u00e4r i soffan ganska\u2026","rel":"","context":"In &quot;Betraktelser &amp; Ber\u00e4ttelse&quot;","block_context":{"text":"Betraktelser &amp; Ber\u00e4ttelse","link":"https:\/\/www.akehedman.se\/wordpress\/?cat=24"},"img":{"alt_text":"004","src":"https:\/\/i0.wp.com\/www.eurosource.se\/akhe\/wordpress\/wp-content\/uploads\/2013\/09\/004-1024x768.jpg?resize=350%2C200","width":350,"height":200,"srcset":"https:\/\/i0.wp.com\/www.eurosource.se\/akhe\/wordpress\/wp-content\/uploads\/2013\/09\/004-1024x768.jpg?resize=350%2C200 1x, https:\/\/i0.wp.com\/www.eurosource.se\/akhe\/wordpress\/wp-content\/uploads\/2013\/09\/004-1024x768.jpg?resize=525%2C300 1.5x"},"classes":[]},{"id":22628,"url":"https:\/\/www.akehedman.se\/wordpress\/?p=22628","url_meta":{"origin":30006,"position":5},"title":"En god jul och ett gott nytt \u00e5r","author":"\u00c5ke Hedman","date":"2016-12-22","format":false,"excerpt":"Dags att ta tag i den stora st\u00e4dningen. Julst\u00e4dningen. Fast egentligen inte den stora. Vi gjord den f\u00f6r en dryg vecka sedan. Mer underh\u00e5llsjulst\u00e4dning blir det. Men sen. Ja d\u00e5 \u00e5terst\u00e5r bara en mathandling. Sen den stora vilan. Tre dagar borta fr\u00e5n datorer och l\u00f6dkolvar. Film, b\u00f6cker, godis, god mat,\u2026","rel":"","context":"In &quot;Betraktelser &amp; Ber\u00e4ttelse&quot;","block_context":{"text":"Betraktelser &amp; Ber\u00e4ttelse","link":"https:\/\/www.akehedman.se\/wordpress\/?cat=24"},"img":{"alt_text":"","src":"https:\/\/i0.wp.com\/www.akehedman.se\/wordpress\/wp-content\/uploads\/2016\/12\/152-1024x683.jpg?resize=350%2C200","width":350,"height":200,"srcset":"https:\/\/i0.wp.com\/www.akehedman.se\/wordpress\/wp-content\/uploads\/2016\/12\/152-1024x683.jpg?resize=350%2C200 1x, https:\/\/i0.wp.com\/www.akehedman.se\/wordpress\/wp-content\/uploads\/2016\/12\/152-1024x683.jpg?resize=525%2C300 1.5x"},"classes":[]}],"jetpack_shortlink":"https:\/\/wp.me\/p68PL2-7NY","_links":{"self":[{"href":"https:\/\/www.akehedman.se\/wordpress\/index.php?rest_route=\/wp\/v2\/posts\/30006","targetHints":{"allow":["GET"]}}],"collection":[{"href":"https:\/\/www.akehedman.se\/wordpress\/index.php?rest_route=\/wp\/v2\/posts"}],"about":[{"href":"https:\/\/www.akehedman.se\/wordpress\/index.php?rest_route=\/wp\/v2\/types\/post"}],"author":[{"embeddable":true,"href":"https:\/\/www.akehedman.se\/wordpress\/index.php?rest_route=\/wp\/v2\/users\/24"}],"replies":[{"embeddable":true,"href":"https:\/\/www.akehedman.se\/wordpress\/index.php?rest_route=%2Fwp%2Fv2%2Fcomments&post=30006"}],"version-history":[{"count":1,"href":"https:\/\/www.akehedman.se\/wordpress\/index.php?rest_route=\/wp\/v2\/posts\/30006\/revisions"}],"predecessor-version":[{"id":30007,"href":"https:\/\/www.akehedman.se\/wordpress\/index.php?rest_route=\/wp\/v2\/posts\/30006\/revisions\/30007"}],"wp:attachment":[{"href":"https:\/\/www.akehedman.se\/wordpress\/index.php?rest_route=%2Fwp%2Fv2%2Fmedia&parent=30006"}],"wp:term":[{"taxonomy":"category","embeddable":true,"href":"https:\/\/www.akehedman.se\/wordpress\/index.php?rest_route=%2Fwp%2Fv2%2Fcategories&post=30006"},{"taxonomy":"post_tag","embeddable":true,"href":"https:\/\/www.akehedman.se\/wordpress\/index.php?rest_route=%2Fwp%2Fv2%2Ftags&post=30006"}],"curies":[{"name":"wp","href":"https:\/\/api.w.org\/{rel}","templated":true}]}}