{"id":29987,"date":"2018-09-25T07:22:12","date_gmt":"2018-09-25T06:22:12","guid":{"rendered":"http:\/\/www.akehedman.se\/wordpress\/?p=29987"},"modified":"2018-09-25T07:22:12","modified_gmt":"2018-09-25T06:22:12","slug":"svensk-journalist-fangslad-i-17-ar-fredsavtal-vacker-hopp-om-forandring","status":"publish","type":"post","link":"https:\/\/www.akehedman.se\/wordpress\/?p=29987","title":{"rendered":"Svensk journalist f\u00e4ngslad i 17 \u00e5r &#8211; fredsavtal v\u00e4cker hopp om f\u00f6r\u00e4ndring"},"content":{"rendered":"<blockquote><p><a href=\"http:\/\/www.anpdm.com\/newsletterweb\/45465A457241425F4672404059\/4142514B7149435B457144405D4B71\"><img data-recalc-dims=\"1\" decoding=\"async\" class=\"alignnone size-full\" src=\"https:\/\/i0.wp.com\/www.akehedman.se\/wordpress\/wp-content\/uploads\/2018\/09\/dawit4.jpg?w=580\" alt=\"\" \/><\/a><\/p>\n<p>Med ditt st\u00f6d kan vi \u00f6ka trycket f\u00f6r att fria Dawit Isaak<\/p><\/blockquote>\n<p>Source: <em><a href=\"http:\/\/www.anpdm.com\/newsletterweb\/45465A457241425F4672404059\/4142514B7149435B457144405D4B71\">Svensk journalist f\u00e4ngslad i 17 \u00e5r &#8211; fredsavtal v\u00e4cker hopp om f\u00f6r\u00e4ndring<\/a><\/em><\/p>\n","protected":false},"excerpt":{"rendered":"<p>Med ditt st\u00f6d kan vi \u00f6ka trycket f\u00f6r att fria Dawit Isaak Source: Svensk journalist f\u00e4ngslad i 17 \u00e5r &#8211; fredsavtal v\u00e4cker hopp om f\u00f6r\u00e4ndring<\/p>\n","protected":false},"author":24,"featured_media":0,"comment_status":"open","ping_status":"open","sticky":false,"template":"","format":"standard","meta":{"_crdt_document":"","jetpack_post_was_ever_published":false,"_jetpack_newsletter_access":"","_jetpack_dont_email_post_to_subs":false,"_jetpack_newsletter_tier_id":0,"_jetpack_memberships_contains_paywalled_content":false,"_jetpack_memberships_contains_paid_content":false,"footnotes":"","jetpack_publicize_message":"","jetpack_publicize_feature_enabled":true,"jetpack_social_post_already_shared":true,"jetpack_social_options":{"image_generator_settings":{"template":"highway","default_image_id":0,"font":"","enabled":false},"version":2}},"categories":[2],"tags":[],"class_list":["post-29987","post","type-post","status-publish","format-standard","hentry","category-swedish"],"jetpack_publicize_connections":[],"jetpack_featured_media_url":"","jetpack_sharing_enabled":true,"jetpack_likes_enabled":true,"jetpack-related-posts":[{"id":18289,"url":"https:\/\/www.akehedman.se\/wordpress\/?p=18289","url_meta":{"origin":29987,"position":0},"title":"V\u00e4rldsber\u00f6mt foto v\u00e4cker hopp om f\u00f6rsoning | SvD","author":"\u00c5ke Hedman","date":"2015-07-19","format":false,"excerpt":"Den 10 mars 1933 stegade advokaten Michael Siegel in p\u00e5 polisstationen i M\u00fcnchen. Han kom dit f\u00f6r att hj\u00e4lpa sin klient Max Uhlfelder, vars varuhus f\u00e5tt sina f\u00f6nster s\u00f6nderslagna och som sj\u00e4lv hade satts i \u201dskyddsh\u00e4kte\u201d i det som skulle komma att bli koncentrationsl\u00e4gret Dachau. Source: V\u00e4rldsber\u00f6mt foto v\u00e4cker hopp\u2026","rel":"","context":"In &quot;Swedish&quot;","block_context":{"text":"Swedish","link":"https:\/\/www.akehedman.se\/wordpress\/?cat=2"},"img":{"alt_text":"","src":"","width":0,"height":0},"classes":[]},{"id":21828,"url":"https:\/\/www.akehedman.se\/wordpress\/?p=21828","url_meta":{"origin":29987,"position":1},"title":"F\u00f6rhandlar om Fikru Maru p\u00e5 h\u00f6gsta niv\u00e5 | SVT Nyheter","author":"\u00c5ke Hedman","date":"2016-10-13","format":false,"excerpt":"\u00c4ntligen! Idag kommenterar statsminister Stefan L\u00f6fv\u00e9n situationen f\u00f6r svenska l\u00e4karen Fikru Maru, som \u00e4r f\u00e4ngslad i Etiopien. Source: F\u00f6rhandlar om Fikru Maru p\u00e5 h\u00f6gsta niv\u00e5 | SVT Nyheter","rel":"","context":"In &quot;Swedish&quot;","block_context":{"text":"Swedish","link":"https:\/\/www.akehedman.se\/wordpress\/?cat=2"},"img":{"alt_text":"","src":"","width":0,"height":0},"classes":[]},{"id":45210,"url":"https:\/\/www.akehedman.se\/wordpress\/?p=45210","url_meta":{"origin":29987,"position":2},"title":"Nationaldag","author":"\u00c5ke Hedman","date":"2023-06-06","format":false,"excerpt":"Photo by Roberto Nickson on Pexels.com Noll bes\u00f6kare p\u00e5 bloggen idag. Har aldrig tidigare h\u00e4nt. Men alla firar v\u00e4l nationaldag. \u00c4r euforiska \u00f6ver historia och land. Jag undrar liksom vilka som deltar i nationaldagsfirande. Vad lever man f\u00f6r liv d\u00e5? \"Ja, h\u00e4rligt, idag \u00e4r det nationaldag!!!\" kanske. Jag vet inte.\u2026","rel":"","context":"In &quot;Betraktelser &amp; Ber\u00e4ttelse&quot;","block_context":{"text":"Betraktelser &amp; Ber\u00e4ttelse","link":"https:\/\/www.akehedman.se\/wordpress\/?cat=24"},"img":{"alt_text":"back view photo of six girls wearing swimsuit sitting on white sand","src":"https:\/\/i0.wp.com\/www.akehedman.se\/wordpress\/wp-content\/uploads\/2023\/06\/pexels-photo-2647973.jpeg?resize=350%2C200&ssl=1","width":350,"height":200,"srcset":"https:\/\/i0.wp.com\/www.akehedman.se\/wordpress\/wp-content\/uploads\/2023\/06\/pexels-photo-2647973.jpeg?resize=350%2C200&ssl=1 1x, https:\/\/i0.wp.com\/www.akehedman.se\/wordpress\/wp-content\/uploads\/2023\/06\/pexels-photo-2647973.jpeg?resize=525%2C300&ssl=1 1.5x, https:\/\/i0.wp.com\/www.akehedman.se\/wordpress\/wp-content\/uploads\/2023\/06\/pexels-photo-2647973.jpeg?resize=700%2C400&ssl=1 2x"},"classes":[]},{"id":44182,"url":"https:\/\/www.akehedman.se\/wordpress\/?p=44182","url_meta":{"origin":29987,"position":3},"title":"Tidigt","author":"\u00c5ke Hedman","date":"2023-01-31","format":false,"excerpt":"Hulken v\u00e4cker mig vid sex. Ja och jo och javisst, det \u00e4r mobiltelefonen som v\u00e4cker mig med sitt Hulken-har-stannat-alarm, men i grunden, ursprunget \u00e4r nu \u00e4nd\u00e5 den store gr\u00f6ne d\u00e4r i k\u00e4llaren som ropar i sin n\u00f6d. Jag h\u00f6rsammar s\u00e5klart. Det beh\u00f6vs duschvatten p\u00e5 morgonen. Passar p\u00e5 att sota och\u2026","rel":"","context":"In &quot;Betraktelser &amp; Ber\u00e4ttelse&quot;","block_context":{"text":"Betraktelser &amp; Ber\u00e4ttelse","link":"https:\/\/www.akehedman.se\/wordpress\/?cat=24"},"img":{"alt_text":"","src":"https:\/\/i0.wp.com\/www.akehedman.se\/wordpress\/wp-content\/uploads\/2022\/09\/ake4.jpeg?resize=350%2C200&ssl=1","width":350,"height":200,"srcset":"https:\/\/i0.wp.com\/www.akehedman.se\/wordpress\/wp-content\/uploads\/2022\/09\/ake4.jpeg?resize=350%2C200&ssl=1 1x, https:\/\/i0.wp.com\/www.akehedman.se\/wordpress\/wp-content\/uploads\/2022\/09\/ake4.jpeg?resize=525%2C300&ssl=1 1.5x"},"classes":[]},{"id":49660,"url":"https:\/\/www.akehedman.se\/wordpress\/?p=49660","url_meta":{"origin":29987,"position":4},"title":"Minnesord, Fikru Maru \u2013 Ljusdals-Posten","author":"\u00c5ke Hedman","date":"2025-05-15","format":false,"excerpt":"Var hj\u00e4rtl\u00e4kare p\u00e5 Hudiksvalls sjukhus \u2022 F\u00e4ngslad i Etiopien i fem \u00e5r Source: Minnesord, Fikru Maru \u2013 Ljusdals-Posten","rel":"","context":"In &quot;Swedish&quot;","block_context":{"text":"Swedish","link":"https:\/\/www.akehedman.se\/wordpress\/?cat=2"},"img":{"alt_text":"","src":"","width":0,"height":0},"classes":[]},{"id":8190,"url":"https:\/\/www.akehedman.se\/wordpress\/?p=8190","url_meta":{"origin":29987,"position":5},"title":"Jag s\u00f6ker de modiga","author":"\u00c5ke Hedman","date":"2013-08-05","format":false,"excerpt":"Jag borde egentligen inte ens f\u00f6rs\u00f6ka ber\u00e4tta den h\u00e4r historien. Fr\u00e4mst d\u00e4rf\u00f6r att kungen har f\u00f6rbjudit mig, men ocks\u00e5 f\u00f6r att den inte passar sig i det h\u00e4r forumet. Men jag ber\u00e4ttar den eftersom jag vet att ocks\u00e5 h\u00e4r finns de som vill tr\u00e4nga under utan och unders\u00f6ka det sj\u00e4lvklara.\u2026","rel":"","context":"In &quot;Betraktelser &amp; Ber\u00e4ttelse&quot;","block_context":{"text":"Betraktelser &amp; Ber\u00e4ttelse","link":"https:\/\/www.akehedman.se\/wordpress\/?cat=24"},"img":{"alt_text":"0811.virtualhelmut","src":"https:\/\/i0.wp.com\/www.eurosource.se\/akhe\/wordpress\/wp-content\/uploads\/2013\/08\/0811.virtualhelmut.jpg?resize=350%2C200","width":350,"height":200},"classes":[]}],"jetpack_shortlink":"https:\/\/wp.me\/p68PL2-7NF","_links":{"self":[{"href":"https:\/\/www.akehedman.se\/wordpress\/index.php?rest_route=\/wp\/v2\/posts\/29987","targetHints":{"allow":["GET"]}}],"collection":[{"href":"https:\/\/www.akehedman.se\/wordpress\/index.php?rest_route=\/wp\/v2\/posts"}],"about":[{"href":"https:\/\/www.akehedman.se\/wordpress\/index.php?rest_route=\/wp\/v2\/types\/post"}],"author":[{"embeddable":true,"href":"https:\/\/www.akehedman.se\/wordpress\/index.php?rest_route=\/wp\/v2\/users\/24"}],"replies":[{"embeddable":true,"href":"https:\/\/www.akehedman.se\/wordpress\/index.php?rest_route=%2Fwp%2Fv2%2Fcomments&post=29987"}],"version-history":[{"count":1,"href":"https:\/\/www.akehedman.se\/wordpress\/index.php?rest_route=\/wp\/v2\/posts\/29987\/revisions"}],"predecessor-version":[{"id":29989,"href":"https:\/\/www.akehedman.se\/wordpress\/index.php?rest_route=\/wp\/v2\/posts\/29987\/revisions\/29989"}],"wp:attachment":[{"href":"https:\/\/www.akehedman.se\/wordpress\/index.php?rest_route=%2Fwp%2Fv2%2Fmedia&parent=29987"}],"wp:term":[{"taxonomy":"category","embeddable":true,"href":"https:\/\/www.akehedman.se\/wordpress\/index.php?rest_route=%2Fwp%2Fv2%2Fcategories&post=29987"},{"taxonomy":"post_tag","embeddable":true,"href":"https:\/\/www.akehedman.se\/wordpress\/index.php?rest_route=%2Fwp%2Fv2%2Ftags&post=29987"}],"curies":[{"name":"wp","href":"https:\/\/api.w.org\/{rel}","templated":true}]}}