{"id":29974,"date":"2018-09-24T09:55:01","date_gmt":"2018-09-24T08:55:01","guid":{"rendered":"http:\/\/www.akehedman.se\/wordpress\/?p=29974"},"modified":"2018-09-24T09:56:14","modified_gmt":"2018-09-24T08:56:14","slug":"staderna-i-europa-allt-varmare-gavle-pa-elfte-plats-p4-gavleborg","status":"publish","type":"post","link":"https:\/\/www.akehedman.se\/wordpress\/?p=29974","title":{"rendered":"St\u00e4derna i Europa allt varmare \u2013 G\u00e4vle p\u00e5 elfte plats &#8211; P4 G\u00e4vleborg"},"content":{"rendered":"<p><a href=\"https:\/\/sverigesradio.se\/sida\/artikel.aspx?programid=83&amp;artikel=7049701\"><img data-recalc-dims=\"1\" decoding=\"async\" class=\"alignnone size-full\" src=\"https:\/\/i0.wp.com\/www.akehedman.se\/wordpress\/wp-content\/uploads\/2018\/09\/0239bece-8987-4137-9e82-f8d17bd6e8b4.jpg?w=580\" alt=\"\" \/><\/a><\/p>\n<p>Source: <em><a href=\"https:\/\/sverigesradio.se\/sida\/artikel.aspx?programid=99&amp;artikel=7049701\">St\u00e4derna i Europa allt varmare \u2013 G\u00e4vle p\u00e5 elfte plats &#8211; P4 G\u00e4vleborg<\/a><\/em><\/p>\n","protected":false},"excerpt":{"rendered":"<p>Source: St\u00e4derna i Europa allt varmare \u2013 G\u00e4vle p\u00e5 elfte plats &#8211; P4 G\u00e4vleborg<\/p>\n","protected":false},"author":24,"featured_media":0,"comment_status":"open","ping_status":"open","sticky":false,"template":"","format":"standard","meta":{"_crdt_document":"","jetpack_post_was_ever_published":false,"_jetpack_newsletter_access":"","_jetpack_dont_email_post_to_subs":false,"_jetpack_newsletter_tier_id":0,"_jetpack_memberships_contains_paywalled_content":false,"_jetpack_memberships_contains_paid_content":false,"footnotes":"","jetpack_publicize_message":"","jetpack_publicize_feature_enabled":true,"jetpack_social_post_already_shared":true,"jetpack_social_options":{"image_generator_settings":{"template":"highway","default_image_id":0,"font":"","enabled":false},"version":2}},"categories":[60,2],"tags":[],"class_list":["post-29974","post","type-post","status-publish","format-standard","hentry","category-meterologi","category-swedish"],"jetpack_publicize_connections":[],"jetpack_featured_media_url":"","jetpack_sharing_enabled":true,"jetpack_likes_enabled":true,"jetpack-related-posts":[{"id":4044,"url":"https:\/\/www.akehedman.se\/wordpress\/?p=4044","url_meta":{"origin":29974,"position":0},"title":"Barbro Holmberg tillbakavisar Reforminstitutets kritik om G\u00e4vleborg &#8211; Nyheter P4 G\u00e4vleborg","author":"\u00c5ke Hedman","date":"2013-03-12","format":false,"excerpt":"Ingen skugga \u00f6ver landsh\u00f6vdingen. Vi har en b\u00e4ttre landsh\u00f6vding \u00e4n vi f\u00f6rtj\u00e4nar. Men titta p\u00e5 f\u00f6retagsutvecklingen h\u00e4r. Finns det h\u00f6jd? Jag brukade fr\u00e5ga mina elever om dom verkligen tror att \"Google\" skulle kunna utvecklats i G\u00e4vleborg. Vad hade dom sagt n\u00e4r grabbarna kom in p\u00e5 Nordeas kontor i G\u00e4vle och\u2026","rel":"","context":"In &quot;Swedish&quot;","block_context":{"text":"Swedish","link":"https:\/\/www.akehedman.se\/wordpress\/?cat=2"},"img":{"alt_text":"","src":"","width":0,"height":0},"classes":[]},{"id":47719,"url":"https:\/\/www.akehedman.se\/wordpress\/?p=47719","url_meta":{"origin":29974,"position":1},"title":"V\u00e4rldstj\u00e4rnan Aviciis nya musikstudio ska lyfta G\u00e4vles unga &#8211; P4 G\u00e4vleborg | Sveriges Radio","author":"\u00c5ke Hedman","date":"2024-05-15","format":false,"excerpt":"Source: V\u00e4rldstj\u00e4rnan Aviciis nya musikstudio ska lyfta G\u00e4vles unga - P4 G\u00e4vleborg | Sveriges Radio","rel":"","context":"In &quot;Musik&quot;","block_context":{"text":"Musik","link":"https:\/\/www.akehedman.se\/wordpress\/?cat=9"},"img":{"alt_text":"","src":"","width":0,"height":0},"classes":[]},{"id":7194,"url":"https:\/\/www.akehedman.se\/wordpress\/?p=7194","url_meta":{"origin":29974,"position":2},"title":"Lars-G\u00f6ran \u00e4r \u00c5rets L\u00e4rare &#8211; P4 G\u00e4vleborg ?@P4Gavleborg","author":"\u00c5ke Hedman","date":"2013-05-08","format":false,"excerpt":"Radio G\u00e4vleborg\u00a0lyfter som vanligt fram G\u00e4vle men det h\u00e4r \u00e4r en grej f\u00f6r\u00a0ungdomar\u00a0fr\u00e4mst och f\u00e5 silver h\u00e4r \u00e4r oerh\u00f6rt bra. BRA JOBBAT Ljusdal! Lars-G\u00f6ran \u00e4r \u00c5rets L\u00e4rare - Nyheter P4 G\u00e4vleborg. \u00a0 \u00a0","rel":"","context":"In &quot;Ekonomi&quot;","block_context":{"text":"Ekonomi","link":"https:\/\/www.akehedman.se\/wordpress\/?cat=40"},"img":{"alt_text":"","src":"","width":0,"height":0},"classes":[]},{"id":30597,"url":"https:\/\/www.akehedman.se\/wordpress\/?p=30597","url_meta":{"origin":29974,"position":3},"title":"Ljusdals kommun har kl\u00e4ttrat mest i Sverige i \u00e5rets skolrankning &#8211; P4 G\u00e4vleborg","author":"\u00c5ke Hedman","date":"2018-11-08","format":false,"excerpt":"Ljusdal har flyttat sig fr\u00e5n plats 212 till plats 29 sedan f\u00f6rra \u00e5ret, vilket inneb\u00e4r en kl\u00e4ttring p\u00e5 mer \u00e4n 180 placeringar p\u00e5 ett \u00e5r. Source: Ljusdals kommun har kl\u00e4ttrat mest i Sverige i \u00e5rets skolrankning - P4 G\u00e4vleborg","rel":"","context":"In &quot;Swedish&quot;","block_context":{"text":"Swedish","link":"https:\/\/www.akehedman.se\/wordpress\/?cat=2"},"img":{"alt_text":"","src":"","width":0,"height":0},"classes":[]},{"id":47640,"url":"https:\/\/www.akehedman.se\/wordpress\/?p=47640","url_meta":{"origin":29974,"position":4},"title":"R\u00f6sta p\u00e5 din favorit i P4 N\u00e4sta \u2013 h\u00e4r \u00e4r G\u00e4vleborgs finalister &#8211; P4 G\u00e4vleborg | Sveriges Radio","author":"\u00c5ke Hedman","date":"2024-05-07","format":false,"excerpt":"Source: R\u00f6sta p\u00e5 din favorit i P4 N\u00e4sta \u2013 h\u00e4r \u00e4r G\u00e4vleborgs finalister - P4 G\u00e4vleborg | Sveriges Radio","rel":"","context":"In &quot;Musik&quot;","block_context":{"text":"Musik","link":"https:\/\/www.akehedman.se\/wordpress\/?cat=9"},"img":{"alt_text":"","src":"","width":0,"height":0},"classes":[]},{"id":6521,"url":"https:\/\/www.akehedman.se\/wordpress\/?p=6521","url_meta":{"origin":29974,"position":5},"title":"Regeringen satsar tio miljoner p\u00e5 G\u00e4vleborg &#8211; Nyheter P4 G\u00e4vleborg","author":"\u00c5ke Hedman","date":"2013-04-09","format":false,"excerpt":"Bra! Regeringen satsar tio miljoner p\u00e5 G\u00e4vleborg - Nyheter P4 G\u00e4vleborg.","rel":"","context":"In &quot;Swedish&quot;","block_context":{"text":"Swedish","link":"https:\/\/www.akehedman.se\/wordpress\/?cat=2"},"img":{"alt_text":"","src":"","width":0,"height":0},"classes":[]}],"jetpack_shortlink":"https:\/\/wp.me\/p68PL2-7Ns","_links":{"self":[{"href":"https:\/\/www.akehedman.se\/wordpress\/index.php?rest_route=\/wp\/v2\/posts\/29974","targetHints":{"allow":["GET"]}}],"collection":[{"href":"https:\/\/www.akehedman.se\/wordpress\/index.php?rest_route=\/wp\/v2\/posts"}],"about":[{"href":"https:\/\/www.akehedman.se\/wordpress\/index.php?rest_route=\/wp\/v2\/types\/post"}],"author":[{"embeddable":true,"href":"https:\/\/www.akehedman.se\/wordpress\/index.php?rest_route=\/wp\/v2\/users\/24"}],"replies":[{"embeddable":true,"href":"https:\/\/www.akehedman.se\/wordpress\/index.php?rest_route=%2Fwp%2Fv2%2Fcomments&post=29974"}],"version-history":[{"count":1,"href":"https:\/\/www.akehedman.se\/wordpress\/index.php?rest_route=\/wp\/v2\/posts\/29974\/revisions"}],"predecessor-version":[{"id":29976,"href":"https:\/\/www.akehedman.se\/wordpress\/index.php?rest_route=\/wp\/v2\/posts\/29974\/revisions\/29976"}],"wp:attachment":[{"href":"https:\/\/www.akehedman.se\/wordpress\/index.php?rest_route=%2Fwp%2Fv2%2Fmedia&parent=29974"}],"wp:term":[{"taxonomy":"category","embeddable":true,"href":"https:\/\/www.akehedman.se\/wordpress\/index.php?rest_route=%2Fwp%2Fv2%2Fcategories&post=29974"},{"taxonomy":"post_tag","embeddable":true,"href":"https:\/\/www.akehedman.se\/wordpress\/index.php?rest_route=%2Fwp%2Fv2%2Ftags&post=29974"}],"curies":[{"name":"wp","href":"https:\/\/api.w.org\/{rel}","templated":true}]}}