{"id":29960,"date":"2018-09-22T17:40:29","date_gmt":"2018-09-22T16:40:29","guid":{"rendered":"http:\/\/www.akehedman.se\/wordpress\/?p=29960"},"modified":"2018-09-23T15:29:17","modified_gmt":"2018-09-23T14:29:17","slug":"hallpunkter","status":"publish","type":"post","link":"https:\/\/www.akehedman.se\/wordpress\/?p=29960","title":{"rendered":"H\u00e5llpunkter"},"content":{"rendered":"\r\n\r\n\r\n\r\n&nbsp;\r\n\r\n<img data-recalc-dims=\"1\" loading=\"lazy\" decoding=\"async\" class=\"alignnone size-full wp-image-8862\" src=\"https:\/\/i0.wp.com\/www.akehedman.se\/wordpress\/wp-content\/uploads\/2013\/08\/smaltande-klocka-silver.jpg?resize=580%2C580\" alt=\"\" width=\"580\" height=\"580\" \/>\r\n\r\nJag ligger d\u00e4r och kan inte sova. Funderar. Det \u00e4r ganska trivsamt p\u00e5 det hela taget. Jod\u00e5, jag antar att s\u00e5 k\u00e4nner man v\u00e4l bara om det d\u00e4r sv\u00e5rsomnade intr\u00e4ffar r\u00e4tt s\u00e4llan som i mitt fall. Det kan s\u00e4kert vara ett helvete att ligga d\u00e4r och fundera om det h\u00e4nder ofta.\r\n\r\nMen s\u00e5 \u00e4r det inte f\u00f6r mig allts\u00e5. Inte nu. Jag t\u00e4nker p\u00e5 h\u00e5llpunkterna. Eller h\u00e5llplatserna. Fram\u00e5t. Om man f\u00e5r leva.\r\n<h2>2021<\/h2>\r\nDen f\u00f6rsta \u00e4r s\u00e5klart 2021. Ja jag skrev faktiskt 1921 f\u00f6rst. F\u00f6r f\u00f6r mig l\u00e5ter 2021 som framtiden. Ja och det \u00e4r ju det det \u00e4r. P\u00e5 sjuttiotalet sa Erik Bergsten att bilar skulle flyga p\u00e5 2000 talet, ja, d\u00e4r i framtiden. Nu \u00e4r man h\u00e4r.\u00a0 Ja H\u00c4R, med. Visserligen flyger inte bilarna men \u00e4nd\u00e5.\r\n\r\nHursomhelst. 2021 s\u00e5 \u00e4r skuldsaneringen klar. Konkurs f\u00f6r D of Scandinavia AB 1992, en hel r\u00e4cka j\u00e4vligt jobbiga \u00e5r d\u00e4remellan, frihet 2021. L\u00e4ngre \u00e4n en m\u00f6rdare sitter. Livstid var v\u00e4l tjugo \u00e5r i Sverige tidigare. Men f\u00f6retagare \u00e4r suspekta. De fuskar bara. Har sparat undan en massa svarta pengar som de f\u00f6rvarar i kistor i sina k\u00e4llare. Det \u00e4r lite s\u00e5 statsmakten sett p\u00e5 allt det d\u00e4r. Men sakta har det faktiskt luckrats upp. Sakta b\u00f6rjar systemet f\u00f6rst\u00e5 var pengarna som kommer in i ekonomin faktiskt kommer ifr\u00e5n.\r\n\r\nMen 2021 allts\u00e5. Fr\u00e5n och med november det \u00e5ret s\u00e5 har jag inga tunga stenar att b\u00e4ra runt min hals. Dessutom blir jag pension\u00e4r det \u00e5ret. Men framf\u00f6rallt l\u00e4get \u00e4r enklare. Det finns framtidstro. Hopp igen.\r\n\r\nNu skall man leva och vara frisk s\u00e5klart. Det \u00e4r f\u00f6ruts\u00e4ttningen. Ingen sj\u00e4lvklarhet. Men l\u00e5t oss nu f\u00f6ruts\u00e4tta det, hoppas i mitt fall. Full fart d\u00e4rifr\u00e5n allts\u00e5. N\u00e5ja. Inga risktaganden. Den tiden \u00e4r \u00f6ver. Dumt f\u00f6r samh\u00e4llet men bra f\u00f6r mig.\r\n\r\nDet finns m\u00e4ngder av m\u00e4nniskor som jobbar p\u00e5 som sextio\u00e5ringar s\u00e5 n\u00e5gra problem d\u00e4rvidlag ser jag inte. Vad andra tycker skiter jag allts\u00e5 i. Pension \u00e4r \u00e4nd\u00e5 f\u00f6r fegisar.\r\n<h2>2026<\/h2>\r\nN\u00e4sta h\u00e5llpunkt \u00e4r d\u00e5 2026. Ett \u00f6des\u00e5r p\u00e5 m\u00e5nga s\u00e4tt. D\u00e5 fyller jag sjuttio. Farsan dog som sjuttio\u00e5ring. Det \u00e4r en viktig h\u00e5llpunkt liksom. Men det finns ingen anledning att l\u00e5tas sig hindras av en siffra som &#8220;70&#8221;. Det kan jag se bara genom att studera min omgivning. Det finns m\u00e4ngder med sjuttio\u00e5ringar som det \u00e4r full fart p\u00e5. Som \u00e4r hur klara i huvud och kropp som helst. Som lever.\r\n\r\nM\u00f6jligen skall jag b\u00f6rja r\u00f6ka marijuana som sjuttio\u00e5ring. N\u00e5got skall man ju \u00e4nd\u00e5 b\u00f6rja med som vuxen ocks\u00e5.\r\n<h2>2036<\/h2>\r\nH\u00e4r snackar vi framtid. \u00c5ttio \u00e5r. Nu borde \u00e5ldern m\u00e4rkas. Men orkar jag hit s\u00e5 har jag arton \u00e5r att g\u00f6ra storverk p\u00e5. Nu kanske man f\u00e5r sluta med ytmontering dock. Finmotoriken ni vet. Synen. Det finns inte s\u00e5 starka lampor.\u00a0 Men g\u00f6ra musik borde man kunna och koda en och annan rad borde v\u00e4l fortfarande g\u00e5 som en dans..\r\n<h2>2046<\/h2>\r\nNittio. Nu har ungarna t\u00e4nkt &#8220;d\u00f6 d\u00e5&#8221; i \u00e5tminstone tio \u00e5r.\u00a0 Men med dagliga promenader, med eller utan rullator, s\u00e5 klarar jag nog av att koda lite fortfarande. M\u00f6jligen f\u00e5r sk\u00e4rmen bli en av st\u00f6rre modell. F\u00f6rhoppningsvis s\u00e5 bor jag i en timrad stuga l\u00e5ngt bort fr\u00e5n m\u00e4nniskorna vid en \u00e5 d\u00e4r jag kan vila under en bj\u00f6rk under tr\u00f6tta dagar.\r\n<h2>2056<\/h2>\r\nHundra. Knappast att jag blir s\u00e5 gammal. Fast visst, \u00e5tskilliga i sl\u00e4kten har n\u00e5tt aktningsv\u00e4rda \u00e5ldrar. Man vet aldrig. Fast h\u00e4rifr\u00e5n borde man v\u00e4l kunna f\u00e5 ta det lugnt. L\u00e4sa lite. Lyssna p\u00e5 musik och somna till konserter och teaterf\u00f6rest\u00e4llningar.\r\n<h2>2066<\/h2>\r\nNu vet ingen att man ens funnits. Men hade man levat var man 110.\r\n<h2>2076<\/h2>\r\nOm bloggen f\u00e5tt ligga kvar s\u00e5 blir den intressant h\u00e4r. Det \u00e4r konstigt. Det beh\u00f6vs alltid alla dessa \u00e5r f\u00f6r att det vanliga skall bli m\u00e4rkv\u00e4rdigt. Ja och blir bloggen utgiven som bok s\u00e5 l\u00e4r v\u00e4l musiken ges ut den ocks\u00e5. Lite Lim-Johan s\u00e5d\u00e4r. En konstig gubbe som levde f\u00f6rr.\r\n<h2><strong>2106<\/strong><\/h2>\r\nHar jag inte f\u00e5tt en staty \u00f6ver mitt ih\u00e4rdiga kodande h\u00e4r s\u00e5 f\u00e5r jag aldrig en. T\u00e4nka sig \u00e4nd\u00e5, om det kommer man inte veta ett dugg. Eller bry sig f\u00f6r den delen.\r\n\r\nSen, d\u00e4r n\u00e5gonstans, somnar jag lugnt och stilla och lyckligt. Att r\u00e4kna \u00e5r \u00e4r lite som att r\u00e4kna f\u00e5r.\r\n\r\n&nbsp;\r\n\r\n&nbsp;\r\n\r\n&nbsp;","protected":false},"excerpt":{"rendered":"<p>&nbsp; Jag ligger d\u00e4r och kan inte sova. Funderar. Det \u00e4r ganska trivsamt p\u00e5 det hela taget. Jod\u00e5, jag antar att s\u00e5 k\u00e4nner man v\u00e4l bara om det d\u00e4r sv\u00e5rsomnade intr\u00e4ffar r\u00e4tt s\u00e4llan som i mitt fall. Det kan s\u00e4kert vara ett helvete att ligga d\u00e4r och fundera om det h\u00e4nder ofta. Men s\u00e5 \u00e4r [&hellip;]<\/p>\n","protected":false},"author":24,"featured_media":0,"comment_status":"open","ping_status":"open","sticky":false,"template":"","format":"standard","meta":{"_crdt_document":"","jetpack_post_was_ever_published":false,"_jetpack_newsletter_access":"","_jetpack_dont_email_post_to_subs":false,"_jetpack_newsletter_tier_id":0,"_jetpack_memberships_contains_paywalled_content":false,"_jetpack_memberships_contains_paid_content":false,"footnotes":"","jetpack_publicize_message":"","jetpack_publicize_feature_enabled":true,"jetpack_social_post_already_shared":true,"jetpack_social_options":{"image_generator_settings":{"template":"highway","default_image_id":0,"font":"","enabled":false},"version":2}},"categories":[24,2],"tags":[],"class_list":["post-29960","post","type-post","status-publish","format-standard","hentry","category-betraktelser","category-swedish"],"jetpack_publicize_connections":[],"jetpack_featured_media_url":"","jetpack_sharing_enabled":true,"jetpack_likes_enabled":true,"jetpack-related-posts":[{"id":42816,"url":"https:\/\/www.akehedman.se\/wordpress\/?p=42816","url_meta":{"origin":29960,"position":0},"title":"Hej framtiden","author":"\u00c5ke Hedman","date":"2022-09-19","format":false,"excerpt":"Photo by Alex Knight on Pexels.com Bloggen hostar p\u00e5 kring hundra bes\u00f6kare om dan. Har gjort s\u00e5 sen sommaren b\u00f6rjade. Mest elm\u00e4tarintressenter. Dom m\u00e5ste v\u00e4l vara v\u00e4lkomna dom med. Vilka alla de andra \u00e4r vet jag inte. Den andra h\u00e4lften. De som verkar sakna riktiga liv. L\u00e4ser svamlet som finns\u2026","rel":"","context":"In &quot;Betraktelser &amp; Ber\u00e4ttelse&quot;","block_context":{"text":"Betraktelser &amp; Ber\u00e4ttelse","link":"https:\/\/www.akehedman.se\/wordpress\/?cat=24"},"img":{"alt_text":"high angle photo of robot","src":"https:\/\/i0.wp.com\/www.akehedman.se\/wordpress\/wp-content\/uploads\/2022\/09\/pexels-photo-2599244.jpeg?resize=350%2C200&ssl=1","width":350,"height":200,"srcset":"https:\/\/i0.wp.com\/www.akehedman.se\/wordpress\/wp-content\/uploads\/2022\/09\/pexels-photo-2599244.jpeg?resize=350%2C200&ssl=1 1x, https:\/\/i0.wp.com\/www.akehedman.se\/wordpress\/wp-content\/uploads\/2022\/09\/pexels-photo-2599244.jpeg?resize=525%2C300&ssl=1 1.5x, https:\/\/i0.wp.com\/www.akehedman.se\/wordpress\/wp-content\/uploads\/2022\/09\/pexels-photo-2599244.jpeg?resize=700%2C400&ssl=1 2x, https:\/\/i0.wp.com\/www.akehedman.se\/wordpress\/wp-content\/uploads\/2022\/09\/pexels-photo-2599244.jpeg?resize=1050%2C600&ssl=1 3x, https:\/\/i0.wp.com\/www.akehedman.se\/wordpress\/wp-content\/uploads\/2022\/09\/pexels-photo-2599244.jpeg?resize=1400%2C800&ssl=1 4x"},"classes":[]},{"id":18282,"url":"https:\/\/www.akehedman.se\/wordpress\/?p=18282","url_meta":{"origin":29960,"position":1},"title":"Ett l\u00e5gt pris","author":"\u00c5ke Hedman","date":"2015-07-18","format":false,"excerpt":"En ny dag. En studiodag. Fast f\u00f6rst soffan. Med Visenterna. Ulf Lundell. Jag k\u00e4nner att den h\u00e4r \u00e4r s\u00e5 bra som jag hoppats. Han \u00e4r en av de som kommer att bli ih\u00e5gkomna fr\u00e5n v\u00e5r tid. Det \u00e4r inte sv\u00e5rt att inse. N\u00e5gon borde talat om det f\u00f6r honom. Gjorde\u2026","rel":"","context":"In &quot;Betraktelser &amp; Ber\u00e4ttelse&quot;","block_context":{"text":"Betraktelser &amp; Ber\u00e4ttelse","link":"https:\/\/www.akehedman.se\/wordpress\/?cat=24"},"img":{"alt_text":"0b5a6a19bddb15b61924218018c77984","src":"https:\/\/i0.wp.com\/www.akehedman.se\/wordpress\/wp-content\/uploads\/2015\/07\/0b5a6a19bddb15b61924218018c77984.jpg?resize=350%2C200","width":350,"height":200},"classes":[]},{"id":6935,"url":"https:\/\/www.akehedman.se\/wordpress\/?p=6935","url_meta":{"origin":29960,"position":2},"title":"F\u00f6rbannad p\u00e5 mig sj\u00e4lv","author":"\u00c5ke Hedman","date":"2013-04-23","format":false,"excerpt":"Blir irriterad p\u00e5 mig sj\u00e4lv h\u00e4r p\u00e5 morgonen och sv\u00e4r lite. Har varit arbetsl\u00f6s nu under \u00e5tta m\u00e5nader. N\u00e5gra f\u00e5 intervjuer och ***MASSOR*** av nej. P\u00e5 marknaden \u00e4r jag en gammal och v\u00e4rdel\u00f6s gubbe. Det m\u00e5ste ju vara s\u00e5 man ses. Det svider tamefan. Just f\u00f6r att jag vet vad\u2026","rel":"","context":"In &quot;Betraktelser &amp; Ber\u00e4ttelse&quot;","block_context":{"text":"Betraktelser &amp; Ber\u00e4ttelse","link":"https:\/\/www.akehedman.se\/wordpress\/?cat=24"},"img":{"alt_text":"kidfinger_32512319","src":"https:\/\/i0.wp.com\/www.eurosource.se\/akhe\/wordpress\/wp-content\/uploads\/2013\/04\/kidfinger_32512319.jpg?resize=350%2C200","width":350,"height":200},"classes":[]},{"id":35945,"url":"https:\/\/www.akehedman.se\/wordpress\/?p=35945","url_meta":{"origin":29960,"position":3},"title":"Tar mig igenom","author":"\u00c5ke Hedman","date":"2020-08-27","format":false,"excerpt":"Finns v\u00e4l inget att bli lycklig \u00f6ver, men jag tar mig igenom det d\u00e4r projektmakeriet och n\u00e5r fram till dokumentation \"klar\". Nu skall den bara laddas upp ocks\u00e5 och sen skall man v\u00e4l v\u00e5ga sig p\u00e5 en release. Borde hinna f\u00e5 till det ocks\u00e5 under kv\u00e4llen. F\u00f6r framtida segrar. Sen\u2026","rel":"","context":"In &quot;Betraktelser &amp; Ber\u00e4ttelse&quot;","block_context":{"text":"Betraktelser &amp; Ber\u00e4ttelse","link":"https:\/\/www.akehedman.se\/wordpress\/?cat=24"},"img":{"alt_text":"","src":"https:\/\/i0.wp.com\/www.akehedman.se\/wordpress\/wp-content\/uploads\/2020\/08\/IMG_20200827_135702-scaled.jpg?resize=350%2C200&ssl=1","width":350,"height":200,"srcset":"https:\/\/i0.wp.com\/www.akehedman.se\/wordpress\/wp-content\/uploads\/2020\/08\/IMG_20200827_135702-scaled.jpg?resize=350%2C200&ssl=1 1x, https:\/\/i0.wp.com\/www.akehedman.se\/wordpress\/wp-content\/uploads\/2020\/08\/IMG_20200827_135702-scaled.jpg?resize=525%2C300&ssl=1 1.5x, https:\/\/i0.wp.com\/www.akehedman.se\/wordpress\/wp-content\/uploads\/2020\/08\/IMG_20200827_135702-scaled.jpg?resize=700%2C400&ssl=1 2x, https:\/\/i0.wp.com\/www.akehedman.se\/wordpress\/wp-content\/uploads\/2020\/08\/IMG_20200827_135702-scaled.jpg?resize=1050%2C600&ssl=1 3x, https:\/\/i0.wp.com\/www.akehedman.se\/wordpress\/wp-content\/uploads\/2020\/08\/IMG_20200827_135702-scaled.jpg?resize=1400%2C800&ssl=1 4x"},"classes":[]},{"id":15979,"url":"https:\/\/www.akehedman.se\/wordpress\/?p=15979","url_meta":{"origin":29960,"position":4},"title":"Fixa f\u00f6rst","author":"\u00c5ke Hedman","date":"2015-01-04","format":false,"excerpt":"Det \u00e4r liksom bara mig det h\u00e4nder. N\u00e4r jag sl\u00e4pper en release s\u00e5 g\u00e5r antalet nedladdningar ner till en femtedel. En g\u00e5ng skulle det ha satt sig p\u00e5 det glada hum\u00f6ret, ja, jag skulle ha blivit lite sm\u00e5deprimerad rent ut av. Men nu har jag tydligen passerat \u00e4nnu en niv\u00e5\u2026","rel":"","context":"In &quot;Betraktelser &amp; Ber\u00e4ttelse&quot;","block_context":{"text":"Betraktelser &amp; Ber\u00e4ttelse","link":"https:\/\/www.akehedman.se\/wordpress\/?cat=24"},"img":{"alt_text":"IMG_20141024_084752","src":"https:\/\/i0.wp.com\/www.eurosource.se\/akhe\/wordpress\/wp-content\/uploads\/2014\/10\/IMG_20141024_084752-1024x768.jpg?resize=350%2C200","width":350,"height":200,"srcset":"https:\/\/i0.wp.com\/www.eurosource.se\/akhe\/wordpress\/wp-content\/uploads\/2014\/10\/IMG_20141024_084752-1024x768.jpg?resize=350%2C200 1x, https:\/\/i0.wp.com\/www.eurosource.se\/akhe\/wordpress\/wp-content\/uploads\/2014\/10\/IMG_20141024_084752-1024x768.jpg?resize=525%2C300 1.5x"},"classes":[]},{"id":16738,"url":"https:\/\/www.akehedman.se\/wordpress\/?p=16738","url_meta":{"origin":29960,"position":5},"title":"Hemkommen","author":"\u00c5ke Hedman","date":"2015-02-27","format":false,"excerpt":"Han\/hon\/det\/gud eller om det \u00e4r Tor och Oden och hela bunten st\u00e5r p\u00e5 min sida idag. En lampa. Sug p\u00e5 den. \"En lampa\". En sketen liten lampa som jag missade n\u00e4r jag kollade. Ett poitionsljus som inte lyser p\u00e5 h\u00f6ger sida. Den skall visas upp i lagad form men det\u2026","rel":"","context":"In &quot;Betraktelser &amp; Ber\u00e4ttelse&quot;","block_context":{"text":"Betraktelser &amp; Ber\u00e4ttelse","link":"https:\/\/www.akehedman.se\/wordpress\/?cat=24"},"img":{"alt_text":"besiktning","src":"https:\/\/i0.wp.com\/www.eurosource.se\/akhe\/wordpress\/wp-content\/uploads\/2015\/02\/besiktning-1024x683.jpg?resize=350%2C200","width":350,"height":200,"srcset":"https:\/\/i0.wp.com\/www.eurosource.se\/akhe\/wordpress\/wp-content\/uploads\/2015\/02\/besiktning-1024x683.jpg?resize=350%2C200 1x, https:\/\/i0.wp.com\/www.eurosource.se\/akhe\/wordpress\/wp-content\/uploads\/2015\/02\/besiktning-1024x683.jpg?resize=525%2C300 1.5x"},"classes":[]}],"jetpack_shortlink":"https:\/\/wp.me\/p68PL2-7Ne","_links":{"self":[{"href":"https:\/\/www.akehedman.se\/wordpress\/index.php?rest_route=\/wp\/v2\/posts\/29960","targetHints":{"allow":["GET"]}}],"collection":[{"href":"https:\/\/www.akehedman.se\/wordpress\/index.php?rest_route=\/wp\/v2\/posts"}],"about":[{"href":"https:\/\/www.akehedman.se\/wordpress\/index.php?rest_route=\/wp\/v2\/types\/post"}],"author":[{"embeddable":true,"href":"https:\/\/www.akehedman.se\/wordpress\/index.php?rest_route=\/wp\/v2\/users\/24"}],"replies":[{"embeddable":true,"href":"https:\/\/www.akehedman.se\/wordpress\/index.php?rest_route=%2Fwp%2Fv2%2Fcomments&post=29960"}],"version-history":[{"count":2,"href":"https:\/\/www.akehedman.se\/wordpress\/index.php?rest_route=\/wp\/v2\/posts\/29960\/revisions"}],"predecessor-version":[{"id":29969,"href":"https:\/\/www.akehedman.se\/wordpress\/index.php?rest_route=\/wp\/v2\/posts\/29960\/revisions\/29969"}],"wp:attachment":[{"href":"https:\/\/www.akehedman.se\/wordpress\/index.php?rest_route=%2Fwp%2Fv2%2Fmedia&parent=29960"}],"wp:term":[{"taxonomy":"category","embeddable":true,"href":"https:\/\/www.akehedman.se\/wordpress\/index.php?rest_route=%2Fwp%2Fv2%2Fcategories&post=29960"},{"taxonomy":"post_tag","embeddable":true,"href":"https:\/\/www.akehedman.se\/wordpress\/index.php?rest_route=%2Fwp%2Fv2%2Ftags&post=29960"}],"curies":[{"name":"wp","href":"https:\/\/api.w.org\/{rel}","templated":true}]}}