{"id":29662,"date":"2018-09-03T11:05:04","date_gmt":"2018-09-03T10:05:04","guid":{"rendered":"http:\/\/www.akehedman.se\/wordpress\/?p=29662"},"modified":"2018-09-03T11:05:04","modified_gmt":"2018-09-03T10:05:04","slug":"sjolund-det-gar-utmarkt-att-vara-stolt-halsing-svensk-och-europe","status":"publish","type":"post","link":"https:\/\/www.akehedman.se\/wordpress\/?p=29662","title":{"rendered":"Sj\u00f6lund: Det g\u00e5r utm\u00e4rkt att vara stolt h\u00e4lsing, svensk och europ\u00e9"},"content":{"rendered":"<blockquote><p>Det g\u00e5r utm\u00e4rkt att vara stolt h\u00e4lsing, svensk och europ\u00e9<\/p><\/blockquote>\n<p>Source: <em><a href=\"https:\/\/www.helahalsingland.se\/artikel\/opinion\/ledare\/sjolund-det-gar-utmarkt-att-vara-stolt-halsing-svensk-och-europe\">Sj\u00f6lund: Det g\u00e5r utm\u00e4rkt att vara stolt h\u00e4lsing, svensk och europ\u00e9<\/a><\/em><\/p>\n","protected":false},"excerpt":{"rendered":"<p>Det g\u00e5r utm\u00e4rkt att vara stolt h\u00e4lsing, svensk och europ\u00e9 Source: Sj\u00f6lund: Det g\u00e5r utm\u00e4rkt att vara stolt h\u00e4lsing, svensk och europ\u00e9<\/p>\n","protected":false},"author":24,"featured_media":0,"comment_status":"open","ping_status":"open","sticky":false,"template":"","format":"standard","meta":{"_crdt_document":"","jetpack_post_was_ever_published":false,"_jetpack_newsletter_access":"","_jetpack_dont_email_post_to_subs":false,"_jetpack_newsletter_tier_id":0,"_jetpack_memberships_contains_paywalled_content":false,"_jetpack_memberships_contains_paid_content":false,"footnotes":"","jetpack_publicize_message":"","jetpack_publicize_feature_enabled":true,"jetpack_social_post_already_shared":true,"jetpack_social_options":{"image_generator_settings":{"template":"highway","default_image_id":0,"font":"","enabled":false},"version":2}},"categories":[2],"tags":[],"class_list":["post-29662","post","type-post","status-publish","format-standard","hentry","category-swedish"],"jetpack_publicize_connections":[],"jetpack_featured_media_url":"","jetpack_sharing_enabled":true,"jetpack_likes_enabled":true,"jetpack-related-posts":[{"id":42722,"url":"https:\/\/www.akehedman.se\/wordpress\/?p=42722","url_meta":{"origin":29662,"position":0},"title":"En dag","author":"\u00c5ke Hedman","date":"2022-09-08","format":false,"excerpt":"Photo by Erik Karits on Pexels.com En dag kvar den h\u00e4r veckan. Tiden som g\u00e5r. Ocool gubbe som inte tycks h\u00e4nga med. F\u00f6r \"g\u00e5r\" \u00e4r v\u00e4rldens underdrift. \"Springer\" skall det vara. Man hinner ju ingenting. Men det \u00e4r tydligen s\u00e5h\u00e4r pension\u00e4rsliv \u00e4r. Alla pension\u00e4rer s\u00e4ger ju att det \u00e4r mycket\u2026","rel":"","context":"In &quot;Betraktelser &amp; Ber\u00e4ttelse&quot;","block_context":{"text":"Betraktelser &amp; Ber\u00e4ttelse","link":"https:\/\/www.akehedman.se\/wordpress\/?cat=24"},"img":{"alt_text":"brown owl perched on brown tree branch","src":"https:\/\/i0.wp.com\/www.akehedman.se\/wordpress\/wp-content\/uploads\/2022\/09\/pexels-photo-3782463.jpeg?resize=350%2C200&ssl=1","width":350,"height":200,"srcset":"https:\/\/i0.wp.com\/www.akehedman.se\/wordpress\/wp-content\/uploads\/2022\/09\/pexels-photo-3782463.jpeg?resize=350%2C200&ssl=1 1x, https:\/\/i0.wp.com\/www.akehedman.se\/wordpress\/wp-content\/uploads\/2022\/09\/pexels-photo-3782463.jpeg?resize=525%2C300&ssl=1 1.5x, https:\/\/i0.wp.com\/www.akehedman.se\/wordpress\/wp-content\/uploads\/2022\/09\/pexels-photo-3782463.jpeg?resize=700%2C400&ssl=1 2x, https:\/\/i0.wp.com\/www.akehedman.se\/wordpress\/wp-content\/uploads\/2022\/09\/pexels-photo-3782463.jpeg?resize=1050%2C600&ssl=1 3x, https:\/\/i0.wp.com\/www.akehedman.se\/wordpress\/wp-content\/uploads\/2022\/09\/pexels-photo-3782463.jpeg?resize=1400%2C800&ssl=1 4x"},"classes":[]},{"id":48801,"url":"https:\/\/www.akehedman.se\/wordpress\/?p=48801","url_meta":{"origin":29662,"position":1},"title":"H\u00e4lsingetoppen","author":"\u00c5ke Hedman","date":"2024-12-06","format":false,"excerpt":"H\u00e4lsingetoppen. Th\u00e5str\u00f6m skulle kunnat vara H\u00e4lsing. Japp. Men nu \u00e4r han inte det. Ja och f\u00e5r f\u00e5r man inte vara med. S\u00e5 \u00e4r det bara. Sorry. Ny lista. Allts\u00e5 fredag. En bra dag tycker jag. Veckans b\u00e4sta. Ja m\u00f6jligen d\u00e5 bortsett fr\u00e5n m\u00e5ndag. D\u00e5 n\u00e4r man g\u00e5r ner till kontoret\u2026","rel":"","context":"In &quot;Musik&quot;","block_context":{"text":"Musik","link":"https:\/\/www.akehedman.se\/wordpress\/?cat=9"},"img":{"alt_text":"","src":"https:\/\/i0.wp.com\/www.akehedman.se\/wordpress\/wp-content\/uploads\/2024\/12\/Thastrom-2021-660x330-1.jpg?resize=350%2C200&ssl=1","width":350,"height":200,"srcset":"https:\/\/i0.wp.com\/www.akehedman.se\/wordpress\/wp-content\/uploads\/2024\/12\/Thastrom-2021-660x330-1.jpg?resize=350%2C200&ssl=1 1x, https:\/\/i0.wp.com\/www.akehedman.se\/wordpress\/wp-content\/uploads\/2024\/12\/Thastrom-2021-660x330-1.jpg?resize=525%2C300&ssl=1 1.5x"},"classes":[]},{"id":24055,"url":"https:\/\/www.akehedman.se\/wordpress\/?p=24055","url_meta":{"origin":29662,"position":2},"title":"Att bevara det som \u00e4r bra","author":"\u00c5ke Hedman","date":"2017-04-09","format":false,"excerpt":"Stockhom, Drottninggatan, det som verkar vara en galning med utvisningsbesked h\u00e4ngande \u00f6ver sig, on\u00f6digt lidande, on\u00f6dig d\u00f6d. Hur f\u00f6rbannat on\u00f6digt \u00e4r det inte? Det enda en s\u00e5dan d\u00e4r handling f\u00f6der \u00e4r hatet, de som hatar suger n\u00e4ring ur den, det enda som hj\u00e4lper som motmedel \u00e4r fortsatt k\u00e4rlek, \u00f6ppenhet och\u2026","rel":"","context":"In &quot;Betraktelser &amp; Ber\u00e4ttelse&quot;","block_context":{"text":"Betraktelser &amp; Ber\u00e4ttelse","link":"https:\/\/www.akehedman.se\/wordpress\/?cat=24"},"img":{"alt_text":"","src":"https:\/\/i0.wp.com\/www.akehedman.se\/wordpress\/wp-content\/uploads\/2017\/04\/rod-ros-betydelse-blomterspraket.jpg?resize=350%2C200","width":350,"height":200,"srcset":"https:\/\/i0.wp.com\/www.akehedman.se\/wordpress\/wp-content\/uploads\/2017\/04\/rod-ros-betydelse-blomterspraket.jpg?resize=350%2C200 1x, https:\/\/i0.wp.com\/www.akehedman.se\/wordpress\/wp-content\/uploads\/2017\/04\/rod-ros-betydelse-blomterspraket.jpg?resize=525%2C300 1.5x, https:\/\/i0.wp.com\/www.akehedman.se\/wordpress\/wp-content\/uploads\/2017\/04\/rod-ros-betydelse-blomterspraket.jpg?resize=700%2C400 2x"},"classes":[]},{"id":42357,"url":"https:\/\/www.akehedman.se\/wordpress\/?p=42357","url_meta":{"origin":29662,"position":3},"title":"St\u00e4nger av","author":"\u00c5ke Hedman","date":"2022-07-31","format":false,"excerpt":"En f\u00f6rsta dag p\u00e5 jobbet. Eller i alla fall kv\u00e4ll. Inget att vara stolt \u00f6ver. Mest housekeeping. \"B\u00e4ttre lycka imorgon\" t\u00e4nker man och sl\u00e4cker sedan och g\u00e5r och l\u00e4gger sig. Fr\u00e5gor p\u00e5 det?","rel":"","context":"In &quot;Swedish&quot;","block_context":{"text":"Swedish","link":"https:\/\/www.akehedman.se\/wordpress\/?cat=2"},"img":{"alt_text":"","src":"","width":0,"height":0},"classes":[]},{"id":13238,"url":"https:\/\/www.akehedman.se\/wordpress\/?p=13238","url_meta":{"origin":29662,"position":4},"title":"H\u00e4lsingland igen","author":"\u00c5ke Hedman","date":"2014-05-27","format":false,"excerpt":"En kr\u00f6nika som publicerades i Helga, Hela H\u00e4lsinglands\u00a0 (Mittmedia) helgtidning den 1\/2 2014 som jag tror det \u00e4r OK att jag l\u00e4gger ut h\u00e4r nu. Jag \u00e4r h\u00e4lsing. Japp, v\u00e4rldsmedborgare, men h\u00e4lsing. Jag \u00e4lskar det h\u00e4r landskapet. \u00c4nd\u00e5 tog det tjugofem \u00e5r innan jag uppt\u00e4ckte att vi har berg. Jag\u2026","rel":"","context":"In &quot;Betraktelser &amp; Ber\u00e4ttelse&quot;","block_context":{"text":"Betraktelser &amp; Ber\u00e4ttelse","link":"https:\/\/www.akehedman.se\/wordpress\/?cat=24"},"img":{"alt_text":"","src":"","width":0,"height":0},"classes":[]},{"id":16529,"url":"https:\/\/www.akehedman.se\/wordpress\/?p=16529","url_meta":{"origin":29662,"position":5},"title":"En f\u00f6rsta kr\u00f6nika","author":"\u00c5ke Hedman","date":"2015-02-14","format":false,"excerpt":"Jag \u00e4r h\u00e4lsing. Japp, v\u00e4rldsmedborgare, men h\u00e4lsing. Jag \u00e4lskar det h\u00e4r landskapet. \u00c4nd\u00e5 tog det tjugofem \u00e5r innan jag uppt\u00e4ckte att vi har berg. Jag var utflyttade till Stockholm och var med S\u00f6rml\u00e4ndsk flickv\u00e4n p\u00e5 v\u00e4g upp, eller hem, som man sa, tillsammans, f\u00f6rsta g\u00e5ngen. N\u00e5gon mil efter att vi\u2026","rel":"","context":"In &quot;Kr\u00f6nikor&quot;","block_context":{"text":"Kr\u00f6nikor","link":"https:\/\/www.akehedman.se\/wordpress\/?cat=50"},"img":{"alt_text":"","src":"","width":0,"height":0},"classes":[]}],"jetpack_shortlink":"https:\/\/wp.me\/p68PL2-7Iq","_links":{"self":[{"href":"https:\/\/www.akehedman.se\/wordpress\/index.php?rest_route=\/wp\/v2\/posts\/29662","targetHints":{"allow":["GET"]}}],"collection":[{"href":"https:\/\/www.akehedman.se\/wordpress\/index.php?rest_route=\/wp\/v2\/posts"}],"about":[{"href":"https:\/\/www.akehedman.se\/wordpress\/index.php?rest_route=\/wp\/v2\/types\/post"}],"author":[{"embeddable":true,"href":"https:\/\/www.akehedman.se\/wordpress\/index.php?rest_route=\/wp\/v2\/users\/24"}],"replies":[{"embeddable":true,"href":"https:\/\/www.akehedman.se\/wordpress\/index.php?rest_route=%2Fwp%2Fv2%2Fcomments&post=29662"}],"version-history":[{"count":1,"href":"https:\/\/www.akehedman.se\/wordpress\/index.php?rest_route=\/wp\/v2\/posts\/29662\/revisions"}],"predecessor-version":[{"id":29663,"href":"https:\/\/www.akehedman.se\/wordpress\/index.php?rest_route=\/wp\/v2\/posts\/29662\/revisions\/29663"}],"wp:attachment":[{"href":"https:\/\/www.akehedman.se\/wordpress\/index.php?rest_route=%2Fwp%2Fv2%2Fmedia&parent=29662"}],"wp:term":[{"taxonomy":"category","embeddable":true,"href":"https:\/\/www.akehedman.se\/wordpress\/index.php?rest_route=%2Fwp%2Fv2%2Fcategories&post=29662"},{"taxonomy":"post_tag","embeddable":true,"href":"https:\/\/www.akehedman.se\/wordpress\/index.php?rest_route=%2Fwp%2Fv2%2Ftags&post=29662"}],"curies":[{"name":"wp","href":"https:\/\/api.w.org\/{rel}","templated":true}]}}