{"id":29575,"date":"2018-08-22T21:32:36","date_gmt":"2018-08-22T20:32:36","guid":{"rendered":"http:\/\/www.akehedman.se\/wordpress\/?p=29575"},"modified":"2018-08-22T21:32:36","modified_gmt":"2018-08-22T20:32:36","slug":"angeberattelser-kallstenar","status":"publish","type":"post","link":"https:\/\/www.akehedman.se\/wordpress\/?p=29575","title":{"rendered":"\u00c5ngeber\u00e4ttelser: Kallstenar"},"content":{"rendered":"<p>Source: <em><a href=\"http:\/\/angeblogg.blogspot.com\/2015\/08\/kallstenar.html\">\u00c5ngeber\u00e4ttelser: Kallstenar<\/a><\/em><\/p>\n","protected":false},"excerpt":{"rendered":"<p>Source: \u00c5ngeber\u00e4ttelser: Kallstenar<\/p>\n","protected":false},"author":24,"featured_media":0,"comment_status":"open","ping_status":"open","sticky":false,"template":"","format":"standard","meta":{"_crdt_document":"","jetpack_post_was_ever_published":false,"_jetpack_newsletter_access":"","_jetpack_dont_email_post_to_subs":false,"_jetpack_newsletter_tier_id":0,"_jetpack_memberships_contains_paywalled_content":false,"_jetpack_memberships_contains_paid_content":false,"footnotes":"","jetpack_publicize_message":"","jetpack_publicize_feature_enabled":true,"jetpack_social_post_already_shared":true,"jetpack_social_options":{"image_generator_settings":{"template":"highway","default_image_id":0,"font":"","enabled":false},"version":2}},"categories":[24],"tags":[],"class_list":["post-29575","post","type-post","status-publish","format-standard","hentry","category-betraktelser"],"jetpack_publicize_connections":[],"jetpack_featured_media_url":"","jetpack_sharing_enabled":true,"jetpack_likes_enabled":true,"jetpack-related-posts":[{"id":25792,"url":"https:\/\/www.akehedman.se\/wordpress\/?p=25792","url_meta":{"origin":29575,"position":0},"title":"Det h\u00e4nder saker i Los","author":"\u00c5ke Hedman","date":"2017-10-30","format":false,"excerpt":"https:\/\/www.nyteknik.se\/teknikrevyn\/har-ar-en-forsta-bild-pa-elon-musks-tunnelbygge-6880563?source=carma&utm_custom[cm]=315344646,33270&utm_campaign=mail4","rel":"","context":"In &quot;Betraktelser &amp; Ber\u00e4ttelse&quot;","block_context":{"text":"Betraktelser &amp; Ber\u00e4ttelse","link":"https:\/\/www.akehedman.se\/wordpress\/?cat=24"},"img":{"alt_text":"","src":"https:\/\/i0.wp.com\/www.akehedman.se\/wordpress\/wp-content\/uploads\/2017\/10\/Screenshot-from-2017-10-30-16-47-34.png?resize=350%2C200","width":350,"height":200,"srcset":"https:\/\/i0.wp.com\/www.akehedman.se\/wordpress\/wp-content\/uploads\/2017\/10\/Screenshot-from-2017-10-30-16-47-34.png?resize=350%2C200 1x, https:\/\/i0.wp.com\/www.akehedman.se\/wordpress\/wp-content\/uploads\/2017\/10\/Screenshot-from-2017-10-30-16-47-34.png?resize=525%2C300 1.5x"},"classes":[]},{"id":20785,"url":"https:\/\/www.akehedman.se\/wordpress\/?p=20785","url_meta":{"origin":29575,"position":1},"title":"Terrorismens motor","author":"\u00c5ke Hedman","date":"2016-06-22","format":false,"excerpt":"\"Saudiarabien styrs av den mest perversa sekt som n\u00e5gonsin uppst\u00e5tt inom islam, wahabismen. Enligt wahabitiska f\u00f6rest\u00e4llningar betyder den enskilde individen ingenting, stamtillh\u00f6ri\u2026\" Source: Saudiarabien \u00e4r motorn bakom terrorismen | Jan Guillou | Kolumnister | Nyheter | Aftonbladet","rel":"","context":"In &quot;Betraktelser &amp; Ber\u00e4ttelse&quot;","block_context":{"text":"Betraktelser &amp; Ber\u00e4ttelse","link":"https:\/\/www.akehedman.se\/wordpress\/?cat=24"},"img":{"alt_text":"","src":"","width":0,"height":0},"classes":[]},{"id":26121,"url":"https:\/\/www.akehedman.se\/wordpress\/?p=26121","url_meta":{"origin":29575,"position":2},"title":"Kan detta vara en v\u00e4g fram\u00e5t f\u00f6r fri programvara?","author":"\u00c5ke Hedman","date":"2017-11-30","format":false,"excerpt":"http:\/\/etn.se\/index.php\/64150?via=n&knapp=lasmer Skall bli sp\u00e4nnande att se hur det h\u00e4r utvecklar sig fram\u00f6ver.\u00a0 Hoppas Richard f\u00e5r en saftig l\u00f6n.","rel":"","context":"In &quot;Betraktelser &amp; Ber\u00e4ttelse&quot;","block_context":{"text":"Betraktelser &amp; Ber\u00e4ttelse","link":"https:\/\/www.akehedman.se\/wordpress\/?cat=24"},"img":{"alt_text":"","src":"https:\/\/i0.wp.com\/www.akehedman.se\/wordpress\/wp-content\/uploads\/2017\/10\/IMG_20171019_110025749-1024x768.jpg?resize=350%2C200","width":350,"height":200,"srcset":"https:\/\/i0.wp.com\/www.akehedman.se\/wordpress\/wp-content\/uploads\/2017\/10\/IMG_20171019_110025749-1024x768.jpg?resize=350%2C200 1x, https:\/\/i0.wp.com\/www.akehedman.se\/wordpress\/wp-content\/uploads\/2017\/10\/IMG_20171019_110025749-1024x768.jpg?resize=525%2C300 1.5x"},"classes":[]},{"id":51031,"url":"https:\/\/www.akehedman.se\/wordpress\/?p=51031","url_meta":{"origin":29575,"position":3},"title":"Ny prognos: rej\u00e4lt h\u00f6gre elpris \u2013 \u00e4nda fram till sommaren","author":"\u00c5ke Hedman","date":"2026-01-28","format":false,"excerpt":"Nu sp\u00e5s elpriset i Sverige bli mellan 70 \u00f6re och 1,10 kronor\/kWh, dyrast i s\u00f6der, under f\u00f6rsta kvartalet i genomsnitt. I fjol var motsvarande siffror 17\u201380 \u00f6re. Source: Ny prognos: rej\u00e4lt h\u00f6gre elpris \u2013 \u00e4nda fram till sommaren Sorry! :)","rel":"","context":"In &quot;Betraktelser &amp; Ber\u00e4ttelse&quot;","block_context":{"text":"Betraktelser &amp; Ber\u00e4ttelse","link":"https:\/\/www.akehedman.se\/wordpress\/?cat=24"},"img":{"alt_text":"","src":"","width":0,"height":0},"classes":[]},{"id":22780,"url":"https:\/\/www.akehedman.se\/wordpress\/?p=22780","url_meta":{"origin":29575,"position":4},"title":"Open source &#8220;ge upp&#8221; meddelandena","author":"\u00c5ke Hedman","date":"2017-01-07","format":false,"excerpt":"Det h\u00e4r \u00e4r n\u00e5got som man ser v\u00e4ldigt ofta i open source v\u00e4rlden. De d\u00e4r nu ger upp meddelandena. Synd t\u00e4nker de flesta som ser dem. Kan man hoppas i alla fall. Det \u00e4r inte s\u00e4kert. Massorna bryr sig kanske\/antagligen inte. Ofta \u00e4r orsaken en eller n\u00e5gra personers tjafsande. Jag\u2026","rel":"","context":"In &quot;Betraktelser &amp; Ber\u00e4ttelse&quot;","block_context":{"text":"Betraktelser &amp; Ber\u00e4ttelse","link":"https:\/\/www.akehedman.se\/wordpress\/?cat=24"},"img":{"alt_text":"","src":"https:\/\/i0.wp.com\/www.akehedman.se\/wordpress\/wp-content\/uploads\/2017\/01\/Screenshot-from-2017-01-07-175144-1024x411.png?resize=350%2C200","width":350,"height":200,"srcset":"https:\/\/i0.wp.com\/www.akehedman.se\/wordpress\/wp-content\/uploads\/2017\/01\/Screenshot-from-2017-01-07-175144-1024x411.png?resize=350%2C200 1x, https:\/\/i0.wp.com\/www.akehedman.se\/wordpress\/wp-content\/uploads\/2017\/01\/Screenshot-from-2017-01-07-175144-1024x411.png?resize=525%2C300 1.5x"},"classes":[]},{"id":30516,"url":"https:\/\/www.akehedman.se\/wordpress\/?p=30516","url_meta":{"origin":29575,"position":5},"title":"Icas vd lever nu som \u00adCaroline: \u201dFolk tycker det \u00e4r ett glastak som \u00e4r krossat\u201d","author":"\u00c5ke Hedman","date":"2018-10-31","format":false,"excerpt":"Jag tycker tamefan det \u00e4r h\u00e4ftigt att bo i ett land d\u00e4r det h\u00e4r \u00e4r m\u00f6jligt, ja och m\u00f6jligt f\u00f6r att det s\u00e5klart skall vara m\u00f6jligt. H\u00e4r \u00e4r min hyllning. N\u00e4ringslivstoppen Carl Farberger har gjort en k\u00f6nskorrigering och \u00adlever nu som Caroline. Source: Icas vd lever nu som \u00adCaroline: \u201dFolk\u2026","rel":"","context":"In &quot;Betraktelser &amp; Ber\u00e4ttelse&quot;","block_context":{"text":"Betraktelser &amp; Ber\u00e4ttelse","link":"https:\/\/www.akehedman.se\/wordpress\/?cat=24"},"img":{"alt_text":"","src":"","width":0,"height":0},"classes":[]}],"jetpack_shortlink":"https:\/\/wp.me\/p68PL2-7H1","_links":{"self":[{"href":"https:\/\/www.akehedman.se\/wordpress\/index.php?rest_route=\/wp\/v2\/posts\/29575","targetHints":{"allow":["GET"]}}],"collection":[{"href":"https:\/\/www.akehedman.se\/wordpress\/index.php?rest_route=\/wp\/v2\/posts"}],"about":[{"href":"https:\/\/www.akehedman.se\/wordpress\/index.php?rest_route=\/wp\/v2\/types\/post"}],"author":[{"embeddable":true,"href":"https:\/\/www.akehedman.se\/wordpress\/index.php?rest_route=\/wp\/v2\/users\/24"}],"replies":[{"embeddable":true,"href":"https:\/\/www.akehedman.se\/wordpress\/index.php?rest_route=%2Fwp%2Fv2%2Fcomments&post=29575"}],"version-history":[{"count":1,"href":"https:\/\/www.akehedman.se\/wordpress\/index.php?rest_route=\/wp\/v2\/posts\/29575\/revisions"}],"predecessor-version":[{"id":29576,"href":"https:\/\/www.akehedman.se\/wordpress\/index.php?rest_route=\/wp\/v2\/posts\/29575\/revisions\/29576"}],"wp:attachment":[{"href":"https:\/\/www.akehedman.se\/wordpress\/index.php?rest_route=%2Fwp%2Fv2%2Fmedia&parent=29575"}],"wp:term":[{"taxonomy":"category","embeddable":true,"href":"https:\/\/www.akehedman.se\/wordpress\/index.php?rest_route=%2Fwp%2Fv2%2Fcategories&post=29575"},{"taxonomy":"post_tag","embeddable":true,"href":"https:\/\/www.akehedman.se\/wordpress\/index.php?rest_route=%2Fwp%2Fv2%2Ftags&post=29575"}],"curies":[{"name":"wp","href":"https:\/\/api.w.org\/{rel}","templated":true}]}}