{"id":29307,"date":"2018-07-13T08:23:44","date_gmt":"2018-07-13T07:23:44","guid":{"rendered":"http:\/\/www.akehedman.se\/wordpress\/?p=29307"},"modified":"2018-07-13T08:23:44","modified_gmt":"2018-07-13T07:23:44","slug":"arvid-ahlund-landsbygden-ar-knappast-nagon-skrapyta","status":"publish","type":"post","link":"https:\/\/www.akehedman.se\/wordpress\/?p=29307","title":{"rendered":"Arvid \u00c5hlund: Landsbygden \u00e4r knappast n\u00e5gon skr\u00e4pyta"},"content":{"rendered":"<blockquote><p><a href=\"https:\/\/www.di.se\/ledare\/arvid-ahlund-landsbygden-ar-knappast-nagon-skrapyta\/\"><img data-recalc-dims=\"1\" decoding=\"async\" class=\"alignnone size-full\" src=\"https:\/\/i0.wp.com\/www.akehedman.se\/wordpress\/wp-content\/uploads\/2018\/07\/bigOriginal-1.jpg?w=580\" alt=\"\" \/><\/a>Regeringen satsar en knapp miljard de kommande tv\u00e5 \u00e5ren p\u00e5 att f\u00f6rb\u00e4ttra f\u00f6ruts\u00e4ttningarna f\u00f6r f\u00f6retag p\u00e5 landsbygden. Det meddelade landsbygdsminister Sven-Erik Bucht (S) under en presstr\u00e4ff p\u00e5 torsdagen.<\/p><\/blockquote>\n<p>Source: <em><a href=\"https:\/\/www.di.se\/ledare\/arvid-ahlund-landsbygden-ar-knappast-nagon-skrapyta\/\">Arvid \u00c5hlund: Landsbygden \u00e4r knappast n\u00e5gon skr\u00e4pyta<\/a><\/em><\/p>\n","protected":false},"excerpt":{"rendered":"<p>Regeringen satsar en knapp miljard de kommande tv\u00e5 \u00e5ren p\u00e5 att f\u00f6rb\u00e4ttra f\u00f6ruts\u00e4ttningarna f\u00f6r f\u00f6retag p\u00e5 landsbygden. Det meddelade landsbygdsminister Sven-Erik Bucht (S) under en presstr\u00e4ff p\u00e5 torsdagen. Source: Arvid \u00c5hlund: Landsbygden \u00e4r knappast n\u00e5gon skr\u00e4pyta<\/p>\n","protected":false},"author":24,"featured_media":0,"comment_status":"open","ping_status":"open","sticky":false,"template":"","format":"standard","meta":{"_crdt_document":"","jetpack_post_was_ever_published":false,"_jetpack_newsletter_access":"","_jetpack_dont_email_post_to_subs":false,"_jetpack_newsletter_tier_id":0,"_jetpack_memberships_contains_paywalled_content":false,"_jetpack_memberships_contains_paid_content":false,"footnotes":"","jetpack_publicize_message":"","jetpack_publicize_feature_enabled":true,"jetpack_social_post_already_shared":true,"jetpack_social_options":{"image_generator_settings":{"template":"highway","default_image_id":0,"font":"","enabled":false},"version":2}},"categories":[28,64],"tags":[],"class_list":["post-29307","post","type-post","status-publish","format-standard","hentry","category-foretagande","category-hela-sverige"],"jetpack_publicize_connections":[],"jetpack_featured_media_url":"","jetpack_sharing_enabled":true,"jetpack_likes_enabled":true,"jetpack-related-posts":[{"id":21615,"url":"https:\/\/www.akehedman.se\/wordpress\/?p=21615","url_meta":{"origin":29307,"position":0},"title":"Sandwichskyltb\u00e4rarare och svartm\u00e5lare","author":"\u00c5ke Hedman","date":"2016-09-23","format":false,"excerpt":"Jag l\u00e4ser det h\u00e4r h\u00e4r p\u00e5 morgonen. PO Tidholm forts\u00e4tter sin ber\u00e4ttelse om hur Norrland h\u00e5ller p\u00e5 att g\u00e5 \u00e5t helvete. Eftersom PO har en medias\u00f6kning aktiv brukar jag f\u00e5 ett (argt) mail n\u00e4r jag n\u00e4mner hans namn h\u00e4r p\u00e5 bloggen. Ja s\u00e5 att du vet varf\u00f6r jag skriver \"PO\u2026","rel":"","context":"In &quot;Betraktelser &amp; Ber\u00e4ttelse&quot;","block_context":{"text":"Betraktelser &amp; Ber\u00e4ttelse","link":"https:\/\/www.akehedman.se\/wordpress\/?cat=24"},"img":{"alt_text":"caacfed11b6e7d470733e4dcd8bd07b4_400x400","src":"https:\/\/i0.wp.com\/www.akehedman.se\/wordpress\/wp-content\/uploads\/2016\/09\/caacfed11b6e7d470733e4dcd8bd07b4_400x400.jpeg?resize=350%2C200","width":350,"height":200},"classes":[]},{"id":10798,"url":"https:\/\/www.akehedman.se\/wordpress\/?p=10798","url_meta":{"origin":29307,"position":1},"title":"Landsbygden!?","author":"\u00c5ke Hedman","date":"2013-11-06","format":false,"excerpt":"Jag bor i Los. P\u00e5 femtiotalet fanns det drygt tv\u00e5tusen personer bofasta h\u00e4r. Nu \u00e4r vi ungef\u00e4r 500 och med en mycket sned \u00e5ldersf\u00f6rdelning. De femtonhundra som f\u00f6rsvann drog till de st\u00f6rre orterna d\u00e4r m\u00f6jligheterna fanns. Inte s\u00e5 konstigt. Bara f\u00f6rst\u00e5eligt.\u00a0 Samma sak sker idag och i en h\u00f6gre takt.\u2026","rel":"","context":"In &quot;F\u00f6retagande&quot;","block_context":{"text":"F\u00f6retagande","link":"https:\/\/www.akehedman.se\/wordpress\/?cat=28"},"img":{"alt_text":"fabrik-23424","src":"https:\/\/i0.wp.com\/www.eurosource.se\/akhe\/wordpress\/wp-content\/uploads\/2013\/11\/fabrik-23424-1024x794.gif?resize=350%2C200","width":350,"height":200,"srcset":"https:\/\/i0.wp.com\/www.eurosource.se\/akhe\/wordpress\/wp-content\/uploads\/2013\/11\/fabrik-23424-1024x794.gif?resize=350%2C200 1x, https:\/\/i0.wp.com\/www.eurosource.se\/akhe\/wordpress\/wp-content\/uploads\/2013\/11\/fabrik-23424-1024x794.gif?resize=525%2C300 1.5x"},"classes":[]},{"id":22803,"url":"https:\/\/www.akehedman.se\/wordpress\/?p=22803","url_meta":{"origin":29307,"position":2},"title":"S\u00e4nkt arbetsgivaravgift ska f\u00e5 fart p\u00e5 landsbygden | Driva Eget","author":"\u00c5ke Hedman","date":"2017-01-09","format":false,"excerpt":"avskrivning av studiel\u00e5n under fem \u00e5r f\u00f6r akademiker som bor d\u00e4r. Source: S\u00e4nkt arbetsgivaravgift ska f\u00e5 fart p\u00e5 landsbygden | Driva Eget","rel":"","context":"In &quot;Swedish&quot;","block_context":{"text":"Swedish","link":"https:\/\/www.akehedman.se\/wordpress\/?cat=2"},"img":{"alt_text":"","src":"","width":0,"height":0},"classes":[]},{"id":27398,"url":"https:\/\/www.akehedman.se\/wordpress\/?p=27398","url_meta":{"origin":29307,"position":3},"title":"Varf\u00f6r inte i Stockholms sk\u00e4rg\u00e5rd?","author":"\u00c5ke Hedman","date":"2018-03-04","format":false,"excerpt":"Det skall (kanske) byggas vindkraft h\u00e4r uppe. Det blev avslag sist.\u00a0 Precis som vi s\u00e5 villigt gav ifr\u00e5n oss skogen f\u00f6r n\u00e5lspengar, uppl\u00e4t \u00e4lvarna f\u00f6r n\u00e5lspengar s\u00e5 skall nu den or\u00f6rda vildmarken s\u00e4ljas ut f\u00f6r sm\u00e5pengar. \"Arbetstillf\u00e4llen\" ropar man. Som man gjorde ocks\u00e5 n\u00e4r forsarna tystades. Jag blir os\u00e4ker p\u00e5\u2026","rel":"","context":"In &quot;Betraktelser &amp; Ber\u00e4ttelse&quot;","block_context":{"text":"Betraktelser &amp; Ber\u00e4ttelse","link":"https:\/\/www.akehedman.se\/wordpress\/?cat=24"},"img":{"alt_text":"","src":"https:\/\/i0.wp.com\/www.akehedman.se\/wordpress\/wp-content\/uploads\/2018\/03\/Screenshot-from-2018-03-04-21-52-44.png?resize=350%2C200","width":350,"height":200,"srcset":"https:\/\/i0.wp.com\/www.akehedman.se\/wordpress\/wp-content\/uploads\/2018\/03\/Screenshot-from-2018-03-04-21-52-44.png?resize=350%2C200 1x, https:\/\/i0.wp.com\/www.akehedman.se\/wordpress\/wp-content\/uploads\/2018\/03\/Screenshot-from-2018-03-04-21-52-44.png?resize=525%2C300 1.5x"},"classes":[]},{"id":33533,"url":"https:\/\/www.akehedman.se\/wordpress\/?p=33533","url_meta":{"origin":29307,"position":4},"title":"F\u00f6rslaget: Ingen kilometerskatt p\u00e5 landsbygden | Ny Teknik","author":"\u00c5ke Hedman","date":"2019-11-14","format":false,"excerpt":"Source: F\u00f6rslaget: Ingen kilometerskatt p\u00e5 landsbygden | Ny Teknik","rel":"","context":"In &quot;Swedish&quot;","block_context":{"text":"Swedish","link":"https:\/\/www.akehedman.se\/wordpress\/?cat=2"},"img":{"alt_text":"","src":"","width":0,"height":0},"classes":[]},{"id":46037,"url":"https:\/\/www.akehedman.se\/wordpress\/?p=46037","url_meta":{"origin":29307,"position":5},"title":"Landsbygden ledande n\u00e4r Sverige fick elektricitet 10 september 2022 &#8211; Vetenskapsradion P\u00e5 djupet | Sveriges Radio","author":"\u00c5ke Hedman","date":"2023-09-18","format":false,"excerpt":"Source: Landsbygden ledande n\u00e4r Sverige fick elektricitet 10 september 2022 - Vetenskapsradion P\u00e5 djupet | Sveriges Radio","rel":"","context":"In &quot;Swedish&quot;","block_context":{"text":"Swedish","link":"https:\/\/www.akehedman.se\/wordpress\/?cat=2"},"img":{"alt_text":"","src":"","width":0,"height":0},"classes":[]}],"jetpack_shortlink":"https:\/\/wp.me\/p68PL2-7CH","_links":{"self":[{"href":"https:\/\/www.akehedman.se\/wordpress\/index.php?rest_route=\/wp\/v2\/posts\/29307","targetHints":{"allow":["GET"]}}],"collection":[{"href":"https:\/\/www.akehedman.se\/wordpress\/index.php?rest_route=\/wp\/v2\/posts"}],"about":[{"href":"https:\/\/www.akehedman.se\/wordpress\/index.php?rest_route=\/wp\/v2\/types\/post"}],"author":[{"embeddable":true,"href":"https:\/\/www.akehedman.se\/wordpress\/index.php?rest_route=\/wp\/v2\/users\/24"}],"replies":[{"embeddable":true,"href":"https:\/\/www.akehedman.se\/wordpress\/index.php?rest_route=%2Fwp%2Fv2%2Fcomments&post=29307"}],"version-history":[{"count":1,"href":"https:\/\/www.akehedman.se\/wordpress\/index.php?rest_route=\/wp\/v2\/posts\/29307\/revisions"}],"predecessor-version":[{"id":29309,"href":"https:\/\/www.akehedman.se\/wordpress\/index.php?rest_route=\/wp\/v2\/posts\/29307\/revisions\/29309"}],"wp:attachment":[{"href":"https:\/\/www.akehedman.se\/wordpress\/index.php?rest_route=%2Fwp%2Fv2%2Fmedia&parent=29307"}],"wp:term":[{"taxonomy":"category","embeddable":true,"href":"https:\/\/www.akehedman.se\/wordpress\/index.php?rest_route=%2Fwp%2Fv2%2Fcategories&post=29307"},{"taxonomy":"post_tag","embeddable":true,"href":"https:\/\/www.akehedman.se\/wordpress\/index.php?rest_route=%2Fwp%2Fv2%2Ftags&post=29307"}],"curies":[{"name":"wp","href":"https:\/\/api.w.org\/{rel}","templated":true}]}}