{"id":28968,"date":"2018-06-15T14:59:14","date_gmt":"2018-06-15T13:59:14","guid":{"rendered":"http:\/\/www.akehedman.se\/wordpress\/?p=28968"},"modified":"2018-06-15T14:59:14","modified_gmt":"2018-06-15T13:59:14","slug":"electrolux-anvandarnyttan-styr-uppkopplingen-elektroniktidningen","status":"publish","type":"post","link":"https:\/\/www.akehedman.se\/wordpress\/?p=28968","title":{"rendered":"Electrolux: Anv\u00e4ndarnyttan styr uppkopplingen \u2013 Elektroniktidningen"},"content":{"rendered":"<blockquote><p><a href=\"http:\/\/etn.se\/index.php\/64818?via=n&amp;knapp=lasmer\"><img data-recalc-dims=\"1\" decoding=\"async\" class=\"alignnone size-full\" src=\"https:\/\/i0.wp.com\/www.akehedman.se\/wordpress\/wp-content\/uploads\/2018\/06\/Electrolux.jpg?w=580\" alt=\"\" \/><\/a>Luftkonditioneringar, ugnar, tv\u00e4ttmaskiner och torktumlare \u00e4r n\u00e5gra produkter som vitvaruj\u00e4tten Electrolux kopplat upp till n\u00e4tet. Inte f\u00f6r att det \u00e4r m\u00f6jligt, utan f\u00f6r att det \u00e4r meningsfullt.<\/p><\/blockquote>\n<p>Source: <em><a href=\"http:\/\/etn.se\/index.php\/64818?via=n&amp;knapp=lasmer\">Electrolux: Anv\u00e4ndarnyttan styr uppkopplingen \u2013 Elektroniktidningen<\/a><\/em><\/p>\n","protected":false},"excerpt":{"rendered":"<p>Luftkonditioneringar, ugnar, tv\u00e4ttmaskiner och torktumlare \u00e4r n\u00e5gra produkter som vitvaruj\u00e4tten Electrolux kopplat upp till n\u00e4tet. Inte f\u00f6r att det \u00e4r m\u00f6jligt, utan f\u00f6r att det \u00e4r meningsfullt. Source: Electrolux: Anv\u00e4ndarnyttan styr uppkopplingen \u2013 Elektroniktidningen<\/p>\n","protected":false},"author":24,"featured_media":0,"comment_status":"open","ping_status":"open","sticky":false,"template":"","format":"standard","meta":{"_crdt_document":"","jetpack_post_was_ever_published":false,"_jetpack_newsletter_access":"","_jetpack_dont_email_post_to_subs":false,"_jetpack_newsletter_tier_id":0,"_jetpack_memberships_contains_paywalled_content":false,"_jetpack_memberships_contains_paid_content":false,"footnotes":"","jetpack_publicize_message":"","jetpack_publicize_feature_enabled":true,"jetpack_social_post_already_shared":true,"jetpack_social_options":{"image_generator_settings":{"template":"highway","default_image_id":0,"font":"","enabled":false},"version":2}},"categories":[31,36,33],"tags":[],"class_list":["post-28968","post","type-post","status-publish","format-standard","hentry","category-home-automation","category-internet-of-things-iot-techstuff","category-machine-to-machine-communication"],"jetpack_publicize_connections":[],"jetpack_featured_media_url":"","jetpack_sharing_enabled":true,"jetpack_likes_enabled":true,"jetpack-related-posts":[{"id":25409,"url":"https:\/\/www.akehedman.se\/wordpress\/?p=25409","url_meta":{"origin":28968,"position":0},"title":"\u00c4ntligen dags f\u00f6r det smarta kylsk\u00e5pet? Nu ska Electrolux koppla upp allt &#8211; Computer Sweden","author":"\u00c5ke Hedman","date":"2017-09-19","format":false,"excerpt":"N\u00e4r vi visade Screenfridge redan \u00e5r 2000 tillsammans med Ericsson fanns inte allt det som beh\u00f6vdes f\u00f6r att f\u00e5 det att h\u00e4nda. Konsumenterna var inte redo... Utan \u00f6ppna protokoll s\u00e5 g\u00e4ller det d\u00e4r fortfarande. Gissar p\u00e5 en till Silo med Electrolux namn p\u00e5. Trist. Suck. G\u00e4sp. Ja och d\u00e5, 2000,\u2026","rel":"","context":"In &quot;Swedish&quot;","block_context":{"text":"Swedish","link":"https:\/\/www.akehedman.se\/wordpress\/?cat=2"},"img":{"alt_text":"","src":"https:\/\/i0.wp.com\/www.akehedman.se\/wordpress\/wp-content\/uploads\/2017\/09\/electrolux-screenfridge-1.jpg?resize=350%2C200","width":350,"height":200},"classes":[]},{"id":46577,"url":"https:\/\/www.akehedman.se\/wordpress\/?p=46577","url_meta":{"origin":28968,"position":1},"title":"Lampan","author":"\u00c5ke Hedman","date":"2023-11-26","format":false,"excerpt":"Egentligen \u00e4r det bara den d\u00e4r lampan som inte lyser. Den som sitter utanf\u00f6r k\u00e4llartrappen. Svart. Dag som natt. Har s\u00e5klart undrat om det inte \u00e4r lampan som har g\u00e5tt. Det h\u00e4nder ju det ocks\u00e5 ibland med LED-lampor. Men s\u00e5 har jag noterat att statuslampan p\u00e5 rel\u00e4et som styr den\u2026","rel":"","context":"In &quot;Swedish&quot;","block_context":{"text":"Swedish","link":"https:\/\/www.akehedman.se\/wordpress\/?cat=2"},"img":{"alt_text":"","src":"https:\/\/i0.wp.com\/www.akehedman.se\/wordpress\/wp-content\/uploads\/2023\/11\/paris1_800.png?resize=350%2C200&ssl=1","width":350,"height":200,"srcset":"https:\/\/i0.wp.com\/www.akehedman.se\/wordpress\/wp-content\/uploads\/2023\/11\/paris1_800.png?resize=350%2C200&ssl=1 1x, https:\/\/i0.wp.com\/www.akehedman.se\/wordpress\/wp-content\/uploads\/2023\/11\/paris1_800.png?resize=525%2C300&ssl=1 1.5x"},"classes":[]},{"id":38875,"url":"https:\/\/www.akehedman.se\/wordpress\/?p=38875","url_meta":{"origin":28968,"position":2},"title":"Rykte: ST vill k\u00f6pa Nordic Semi \u2013 Elektroniktidningen","author":"\u00c5ke Hedman","date":"2021-05-20","format":false,"excerpt":"Det \u00e4r den italienska tidningen Milano Finanza, MF, som skriver att ST Microelectronics \u00e4r intresserat av att k\u00f6pa norska Nordic Semiconductor. Enligt Reuters nekar f\u00f6retagen till att det p\u00e5g\u00e5r diskussioner. Source: Rykte: ST vill k\u00f6pa Nordic Semi \u2013 Elektroniktidningen Onekligen sp\u00e4nnande.","rel":"","context":"In &quot;Swedish&quot;","block_context":{"text":"Swedish","link":"https:\/\/www.akehedman.se\/wordpress\/?cat=2"},"img":{"alt_text":"","src":"","width":0,"height":0},"classes":[]},{"id":19683,"url":"https:\/\/www.akehedman.se\/wordpress\/?p=19683","url_meta":{"origin":28968,"position":3},"title":"Kvinnor \u00e4r b\u00e4ttre programmerare men underv\u00e4rderade \u2013 Elektroniktidningen","author":"\u00c5ke Hedman","date":"2016-02-15","format":false,"excerpt":"Kvinnor \u00e4r b\u00e4ttre programmerare men underv\u00e4rderasEn studie omfattande 1,4 miljoner programmerare visar att k\u00e4llkod producerad av kvinnor v\u00e4rderas h\u00f6gre \u2013 i alla fall om det inte framg\u00e5r att de \u00e4r kvinnor. Source: Kvinnor \u00e4r b\u00e4ttre programmerare men underv\u00e4rderade \u2013 Elektroniktidningen","rel":"","context":"In &quot;Swedish&quot;","block_context":{"text":"Swedish","link":"https:\/\/www.akehedman.se\/wordpress\/?cat=2"},"img":{"alt_text":"","src":"","width":0,"height":0},"classes":[]},{"id":20141,"url":"https:\/\/www.akehedman.se\/wordpress\/?p=20141","url_meta":{"origin":28968,"position":4},"title":"Ikeas LED-lampor: Ink\u00f6rs\u00adport till det smarta hemmet \u2013 Elektroniktidningen","author":"\u00c5ke Hedman","date":"2016-04-07","format":false,"excerpt":"Ikeas LED-lampor:Ink\u00f6rs\u00adporten till det smarta hemmetF\u00f6r m\u00f6belj\u00e4tten Ikea \u00e4r det viktigt med anv\u00e4ndarnytta och stora volymer n\u00e4r f\u00f6retaget i h\u00f6st ger sig in p\u00e5 omr\u00e5det smarta hem. Den f\u00f6rsta produkten kallad Tr\u00e5dfri \u00e4r ett paket med en vit LED-baserad gl\u00f6dlampsers\u00e4ttare och en liten fj\u00e4rrkontroll f\u00f6r att \u00e4ndra f\u00e4rgtemperaturen och dimma\u2026","rel":"","context":"In &quot;Swedish&quot;","block_context":{"text":"Swedish","link":"https:\/\/www.akehedman.se\/wordpress\/?cat=2"},"img":{"alt_text":"","src":"","width":0,"height":0},"classes":[]},{"id":50467,"url":"https:\/\/www.akehedman.se\/wordpress\/?p=50467","url_meta":{"origin":28968,"position":5},"title":"JAN T\u00c5NGRING: AI \u00e4r en finfin felfinnare \u2013 vad h\u00e4nder nu? \u2013 Elektroniktidningen","author":"\u00c5ke Hedman","date":"2025-10-07","format":false,"excerpt":"JAN T\u00c5NGRING: AI \u00e4r finfin felfinnare\u2013 vad h\u00e4nder nu?\u00a0Elektroniktidningens nyhet att AI hittat 50 buggar i filbiblioteket cURL \u00e4r stor inom b\u00e5de AI och programmering. Det \u00e4r en milstolpe i m\u00f6tet mellan de tv\u00e5. Source: JAN T\u00c5NGRING: AI \u00e4r en finfin felfinnare \u2013 vad h\u00e4nder nu? \u2013 Elektroniktidningen","rel":"","context":"In &quot;programming&quot;","block_context":{"text":"programming","link":"https:\/\/www.akehedman.se\/wordpress\/?cat=5"},"img":{"alt_text":"","src":"","width":0,"height":0},"classes":[]}],"jetpack_shortlink":"https:\/\/wp.me\/p68PL2-7xe","_links":{"self":[{"href":"https:\/\/www.akehedman.se\/wordpress\/index.php?rest_route=\/wp\/v2\/posts\/28968","targetHints":{"allow":["GET"]}}],"collection":[{"href":"https:\/\/www.akehedman.se\/wordpress\/index.php?rest_route=\/wp\/v2\/posts"}],"about":[{"href":"https:\/\/www.akehedman.se\/wordpress\/index.php?rest_route=\/wp\/v2\/types\/post"}],"author":[{"embeddable":true,"href":"https:\/\/www.akehedman.se\/wordpress\/index.php?rest_route=\/wp\/v2\/users\/24"}],"replies":[{"embeddable":true,"href":"https:\/\/www.akehedman.se\/wordpress\/index.php?rest_route=%2Fwp%2Fv2%2Fcomments&post=28968"}],"version-history":[{"count":1,"href":"https:\/\/www.akehedman.se\/wordpress\/index.php?rest_route=\/wp\/v2\/posts\/28968\/revisions"}],"predecessor-version":[{"id":28970,"href":"https:\/\/www.akehedman.se\/wordpress\/index.php?rest_route=\/wp\/v2\/posts\/28968\/revisions\/28970"}],"wp:attachment":[{"href":"https:\/\/www.akehedman.se\/wordpress\/index.php?rest_route=%2Fwp%2Fv2%2Fmedia&parent=28968"}],"wp:term":[{"taxonomy":"category","embeddable":true,"href":"https:\/\/www.akehedman.se\/wordpress\/index.php?rest_route=%2Fwp%2Fv2%2Fcategories&post=28968"},{"taxonomy":"post_tag","embeddable":true,"href":"https:\/\/www.akehedman.se\/wordpress\/index.php?rest_route=%2Fwp%2Fv2%2Ftags&post=28968"}],"curies":[{"name":"wp","href":"https:\/\/api.w.org\/{rel}","templated":true}]}}