{"id":28925,"date":"2018-06-13T15:20:45","date_gmt":"2018-06-13T14:20:45","guid":{"rendered":"http:\/\/www.akehedman.se\/wordpress\/?p=28925"},"modified":"2018-06-13T15:20:45","modified_gmt":"2018-06-13T14:20:45","slug":"sommarvardar-2018-hela-listan-sommar-vinter-i-p1-sveriges-radio","status":"publish","type":"post","link":"https:\/\/www.akehedman.se\/wordpress\/?p=28925","title":{"rendered":"Sommarv\u00e4rdar 2018 &#8211; hela listan &#8211; Sommar &#038; Vinter i P1 | Sveriges Radio"},"content":{"rendered":"<blockquote><p>Ser lovande ut. En av sommarens h\u00f6jdpunkter, tycker jag.<\/p><\/blockquote>\n<p>Source: <em><a href=\"https:\/\/sverigesradio.se\/sida\/artikel.aspx?programid=2071&amp;artikel=6959317\">Sommarv\u00e4rdar 2018 &#8211; hela listan &#8211; Sommar &amp; Vinter i P1 | Sveriges Radio<\/a><\/em><\/p>\n","protected":false},"excerpt":{"rendered":"<p>Ser lovande ut. En av sommarens h\u00f6jdpunkter, tycker jag. Source: Sommarv\u00e4rdar 2018 &#8211; hela listan &#8211; Sommar &amp; Vinter i P1 | Sveriges Radio<\/p>\n","protected":false},"author":24,"featured_media":0,"comment_status":"open","ping_status":"open","sticky":false,"template":"","format":"standard","meta":{"_crdt_document":"","jetpack_post_was_ever_published":false,"_jetpack_newsletter_access":"","_jetpack_dont_email_post_to_subs":false,"_jetpack_newsletter_tier_id":0,"_jetpack_memberships_contains_paywalled_content":false,"_jetpack_memberships_contains_paid_content":false,"footnotes":"","jetpack_publicize_message":"","jetpack_publicize_feature_enabled":true,"jetpack_social_post_already_shared":true,"jetpack_social_options":{"image_generator_settings":{"template":"highway","default_image_id":0,"font":"","enabled":false},"version":2}},"categories":[2],"tags":[],"class_list":["post-28925","post","type-post","status-publish","format-standard","hentry","category-swedish"],"jetpack_publicize_connections":[],"jetpack_featured_media_url":"","jetpack_sharing_enabled":true,"jetpack_likes_enabled":true,"jetpack-related-posts":[{"id":32325,"url":"https:\/\/www.akehedman.se\/wordpress\/?p=32325","url_meta":{"origin":28925,"position":0},"title":"Sommarv\u00e4rdar 2019 &#8211; hela listan &#8211; Sommar &#038; Vinter i P1 | Sveriges Radio","author":"\u00c5ke Hedman","date":"2019-06-13","format":false,"excerpt":"Det blir en bra sommar! Source: Sommarv\u00e4rdar 2019 - hela listan - Sommar & Vinter i P1 | Sveriges Radio","rel":"","context":"In &quot;Swedish&quot;","block_context":{"text":"Swedish","link":"https:\/\/www.akehedman.se\/wordpress\/?cat=2"},"img":{"alt_text":"","src":"","width":0,"height":0},"classes":[]},{"id":28916,"url":"https:\/\/www.akehedman.se\/wordpress\/?p=28916","url_meta":{"origin":28925,"position":1},"title":"Sommarv\u00e4rdar 2018 &#8211; hela listan &#8211; Sommar &#038; Vinter i P1","author":"\u00c5ke Hedman","date":"2018-06-13","format":false,"excerpt":"H\u00e4r\u00a0presenteras\u00a0alla \u00e5rets Sommarv\u00e4rdar minut f\u00f6r minut\u00a0i bild och text under presskonferensen. \u00c5rets Sommar i P1 s\u00e4nds varje dag 23 juni-19 augusti. Source: Sommarv\u00e4rdar 2018 - hela listan - Sommar & Vinter i P1","rel":"","context":"In &quot;Swedish&quot;","block_context":{"text":"Swedish","link":"https:\/\/www.akehedman.se\/wordpress\/?cat=2"},"img":{"alt_text":"","src":"","width":0,"height":0},"classes":[]},{"id":35215,"url":"https:\/\/www.akehedman.se\/wordpress\/?p=35215","url_meta":{"origin":28925,"position":2},"title":"H\u00e4r \u00e4r \u00e5rets Sommarv\u00e4rdar &#8211; Sommar &#038; Vinter i P1 | Sveriges Radio","author":"\u00c5ke Hedman","date":"2020-06-11","format":false,"excerpt":"H\u00e4r presenteras \u00e5rets Sommarv\u00e4rdar l\u00f6pande under s\u00e4ndning.Sommar i P1 s\u00e4nds varje dag 20 juni -16 augusti. Ulf Lundell och Karin Smirnoff - Jo jag tackar!\u00a0 Anders Tegnell p\u00e5 det s\u00e5. En bra sommar.\u00a0 Igen, och igen och igen. Source: H\u00e4r \u00e4r \u00e5rets Sommarv\u00e4rdar - Sommar & Vinter i P1 |\u2026","rel":"","context":"In &quot;Swedish&quot;","block_context":{"text":"Swedish","link":"https:\/\/www.akehedman.se\/wordpress\/?cat=2"},"img":{"alt_text":"","src":"","width":0,"height":0},"classes":[]},{"id":49814,"url":"https:\/\/www.akehedman.se\/wordpress\/?p=49814","url_meta":{"origin":28925,"position":3},"title":"Sommarpratare 2025 \u2013 hela listan &#8211; Sommar &#038; Vinter i P1 | Sveriges Radio","author":"\u00c5ke Hedman","date":"2025-06-11","format":false,"excerpt":"\u00c5rets Sommarpratare 2025 i Sveriges Radio \u00e4r presenterade. L\u00e4s mer om dem och deras program h\u00e4r. Source: Sommarpratare 2025 \u2013 hela listan - Sommar & Vinter i P1 | Sveriges Radio Skulle kunna bli ett bra \u00e5r... Men numera med semester p\u00e5 riktigt s\u00e5 lyssnar i alla fall jag mindre.\u2026","rel":"","context":"In &quot;Swedish&quot;","block_context":{"text":"Swedish","link":"https:\/\/www.akehedman.se\/wordpress\/?cat=2"},"img":{"alt_text":"","src":"","width":0,"height":0},"classes":[]},{"id":24652,"url":"https:\/\/www.akehedman.se\/wordpress\/?p=24652","url_meta":{"origin":28925,"position":4},"title":"H\u00e4r \u00e4r 2017 \u00e5rs alla sommarpratare. Miriam Bryant och Ulf Ekman \u00e4r n\u00e5gra av \u00e5rets sommarv\u00e4rdar. H\u00e4r \u00e4r hela listan. &#8211; DN.SE","author":"\u00c5ke Hedman","date":"2017-06-14","format":false,"excerpt":"Det h\u00e4r tror jag nog blir bra! \u201dSommar i P1\u201d \u2013 en lika stabil sommartradition som h\u00e4ngmattor, mygg och ledighet. F\u00f6lj direktrapportingen h\u00e4r nedan d\u00e5 sommarv\u00e4rdarna avsl\u00f6jas. Source: H\u00e4r \u00e4r 2017 \u00e5rs alla sommarpratare. Miriam Bryant och Ulf Ekman \u00e4r n\u00e5gra av \u00e5rets sommarv\u00e4rdar. H\u00e4r \u00e4r hela listan. - DN.SE","rel":"","context":"In &quot;Swedish&quot;","block_context":{"text":"Swedish","link":"https:\/\/www.akehedman.se\/wordpress\/?cat=2"},"img":{"alt_text":"","src":"","width":0,"height":0},"classes":[]},{"id":16230,"url":"https:\/\/www.akehedman.se\/wordpress\/?p=16230","url_meta":{"origin":28925,"position":5},"title":"Sommar &#038; Vinter i P1 | Sveriges Radio","author":"\u00c5ke Hedman","date":"2015-01-20","format":false,"excerpt":"H\u00f6ll jag helt p\u00e5 att gl\u00f6mma. Illa. Vinter i P1 \u00e4r bara sn\u00e4ppet efter Sommar i P1. Sommar & Vinter i P1 | Sveriges Radio.","rel":"","context":"In &quot;Swedish&quot;","block_context":{"text":"Swedish","link":"https:\/\/www.akehedman.se\/wordpress\/?cat=2"},"img":{"alt_text":"","src":"","width":0,"height":0},"classes":[]}],"jetpack_shortlink":"https:\/\/wp.me\/p68PL2-7wx","_links":{"self":[{"href":"https:\/\/www.akehedman.se\/wordpress\/index.php?rest_route=\/wp\/v2\/posts\/28925","targetHints":{"allow":["GET"]}}],"collection":[{"href":"https:\/\/www.akehedman.se\/wordpress\/index.php?rest_route=\/wp\/v2\/posts"}],"about":[{"href":"https:\/\/www.akehedman.se\/wordpress\/index.php?rest_route=\/wp\/v2\/types\/post"}],"author":[{"embeddable":true,"href":"https:\/\/www.akehedman.se\/wordpress\/index.php?rest_route=\/wp\/v2\/users\/24"}],"replies":[{"embeddable":true,"href":"https:\/\/www.akehedman.se\/wordpress\/index.php?rest_route=%2Fwp%2Fv2%2Fcomments&post=28925"}],"version-history":[{"count":1,"href":"https:\/\/www.akehedman.se\/wordpress\/index.php?rest_route=\/wp\/v2\/posts\/28925\/revisions"}],"predecessor-version":[{"id":28926,"href":"https:\/\/www.akehedman.se\/wordpress\/index.php?rest_route=\/wp\/v2\/posts\/28925\/revisions\/28926"}],"wp:attachment":[{"href":"https:\/\/www.akehedman.se\/wordpress\/index.php?rest_route=%2Fwp%2Fv2%2Fmedia&parent=28925"}],"wp:term":[{"taxonomy":"category","embeddable":true,"href":"https:\/\/www.akehedman.se\/wordpress\/index.php?rest_route=%2Fwp%2Fv2%2Fcategories&post=28925"},{"taxonomy":"post_tag","embeddable":true,"href":"https:\/\/www.akehedman.se\/wordpress\/index.php?rest_route=%2Fwp%2Fv2%2Ftags&post=28925"}],"curies":[{"name":"wp","href":"https:\/\/api.w.org\/{rel}","templated":true}]}}