{"id":27651,"date":"2018-03-19T08:52:43","date_gmt":"2018-03-19T07:52:43","guid":{"rendered":"http:\/\/www.akehedman.se\/wordpress\/?p=27651"},"modified":"2018-03-19T08:52:43","modified_gmt":"2018-03-19T07:52:43","slug":"stoltheten","status":"publish","type":"post","link":"https:\/\/www.akehedman.se\/wordpress\/?p=27651","title":{"rendered":"Stoltheten"},"content":{"rendered":"<p><img data-recalc-dims=\"1\" loading=\"lazy\" decoding=\"async\" class=\"alignnone size-full wp-image-27653\" src=\"https:\/\/i0.wp.com\/www.akehedman.se\/wordpress\/wp-content\/uploads\/2018\/03\/The-Quarrymen.jpg?resize=580%2C382\" alt=\"\" width=\"580\" height=\"382\" \/><\/p>\n<p>Det sn\u00f6ar, ymnigt, prognoserna s\u00e4ger inget om det, verkligheten g\u00f6r som den vill, som en r\u00e5buse, en r\u00e5buse som tar f\u00f6r sig, g\u00f6r som hen vill. Japp verkligheten bryr sig inte om konventioner och lagar. Verkligheten \u00e4r en &#8220;v\u00e5ldtagare&#8221;. En av v\u00e4rsta sorten. Man skall akta sig f\u00f6r verkligheten. Kolla in Idol eller Farmen ist\u00e4llet. Ja eller l\u00e4sa en bok. Skydda sig.<\/p>\n<p>Men jag bryr mig inte. Det kan f\u00e5 sn\u00f6a p\u00e5. Sn\u00f6a oss hela v\u00e4gen in i helvetet. Jag bryr mig inte. Sitter h\u00e4r. Ser p\u00e5. L\u00e4ngtar till sommaren. F\u00f6rst\u00e5r inte kopplingen.<\/p>\n<p>Fast det g\u00f6r jag s\u00e5klart egentligen. Jag vet att den h\u00e4r sn\u00f6n som kommer sent p\u00e5 \u00e5ret snarare hj\u00e4lper till att sm\u00e4lta bort gammelsn\u00f6n \u00e4n att addera centimeter till sn\u00f6t\u00e4ckets tjocklek. Det \u00e4r den h\u00e4r sn\u00f6n som sm\u00e4lter f\u00f6rst, som sm\u00e4lter med l\u00e4tthet av en solstr\u00e5le, som sipprar ner ned en kluck genom sn\u00f6t\u00e4cket och f\u00f6rg\u00f6r vintern.<\/p>\n<p>S\u00e5 jod\u00e5, liksom.<\/p>\n<p>Man kan sitta d\u00e4r och se p\u00e5.<\/p>\n<p>Vad skulle man gjort annars vet man s\u00e5klart inte heller.<\/p>\n<p>Men kaffebryggaren sl\u00e5s s\u00e5klart p\u00e5 den h\u00e4r morgonen. Den puttrar ig\u00e5ng. Man s\u00e4ger att det \u00e4r kris om den inte gjorde det. Kris om filter \u00e4r slut. Kris om kaffe \u00e4r slut. Men d\u00e5 vet man s\u00e5klart inget om proportioner. En semester i Syrien p\u00e5 recept beh\u00f6vs d\u00e4r. D\u00e5. S\u00e5 man f\u00f6rst\u00e5r. F\u00e5r perspektiv.<\/p>\n<p>F\u00f6rkylning h\u00e5ller i sig. Mosigare \u00e4n ig\u00e5r idag. Det b\u00f6ljar. Man f\u00e5r f\u00f6rs\u00f6ka jobba bort.\u00a0 L\u00e5tsas som det inte finns. Som vintern, som sv\u00e4ltande barn, som v\u00e5ldtagna mammor. Ja det d\u00e4r ute i v\u00e4rlden som man inte vill se. Jod\u00e5, jag t\u00e4nker ibland att &#8220;just nu, just nu torteras en m\u00e4nniska i en k\u00e4llare n\u00e5gonstans.&#8221; D\u00e5 sprider sig iskylan i min kropp. Det liksom b\u00f6rjar d\u00e4r nere i f\u00f6tterna och sprider sig upp och in i t\u00e4nderna. Ilar d\u00e4r.\u00a0 Virvlar runt i kroppen tills jag skjuter bort den d\u00e4r tanken igen. D\u00e4r \u00f6nskar jag att jag var en man lyssnade p\u00e5. En som h\u00f6rdes. D\u00e5 skulle jag l\u00e4gga allt annat \u00e5t sidan. Angripa det som visualiseras som ondskan. Men nu \u00e4r jag ingen som h\u00f6rs. Jag finns n\u00e4stan inte. Ja och de som h\u00f6rs de n\u00e4mner aldrig det d\u00e4r. Ja och vintern k\u00e4nns inte viktig n\u00e4r man n\u00e5tt s\u00e5 d\u00e4r l\u00e5ngt i sin tankekedja.<\/p>\n<p>Jag ber\u00e4ttar f\u00f6r en v\u00e4n h\u00e4r om dagen om den d\u00e4r chefen p\u00e5 SE-banken p\u00e5 ett mingel som gjorde ner VSCP s\u00e5 in i helvete. Han satt p\u00e5 F\u00e4ltcom kontot. Ja och deras propriet\u00e4ra l\u00f6sning var s\u00e5klart \u00f6verl\u00e4gsen.\u00a0 Ja ni ser ju hur bra t.ex. fartkamrorna fungerar. Bredvid honom stod en l\u00e5ng man som inte presenterade sig. B\u00e5da luktade pengar l\u00e5ng v\u00e4g. B\u00e5de n\u00e4r det g\u00e4ller arrogans och kl\u00e4dsel. Men just s\u00e5dant triggar mig. Jag nedsl\u00e5s aldrig av de d\u00e4r kommentarerna som kommer fr\u00e5n m\u00e4nniskor som inte har kunskapen att framf\u00f6ra dem egentligen. F\u00f6r den h\u00e4r mannen hade inte l\u00e4st n\u00e5got om VSCP, han hade ingen aning. Ja och det \u00e4r s\u00e5 de flesta \u00e4r n\u00e4r de g\u00f6r sina val och \u00e5sikter. Det handlar inte om, S\u00e5 jag kunde le d\u00e4r. Skoja med honom. Fast \u00e4n jag sj\u00e4lv stod d\u00e4r i en t-shirt och luktade snarare fattigmanssvett \u00e4n pengar. Vi pratade l\u00e4nge. Ja och allt avslutades med att han tog upp sitt visitkort och gav mig det. Jod\u00e5, det ligger fortfarande kvar h\u00e4r i sin p\u00e4rm.\u00a0 Jag har en j\u00e4vla massa visitkort. Men,,,<\/p>\n<p>Det \u00e4r n\u00e4r jag ber\u00e4ttar det h\u00e4r f\u00f6r min v\u00e4n som det sl\u00e5r mig.<\/p>\n<p>&#8220;Varf\u00f6r gav han mig sitt visitkort?&#8221;<\/p>\n<p>Jag har inte funderat \u00f6ver det f\u00f6rut. Men om jag nu var s\u00e5 fel ute s\u00e5 borde v\u00e4l den d\u00e4r visitkortsgrejen vara on\u00f6dig. Varf\u00f6r liksom?<\/p>\n<p>Jod\u00e5 vi tr\u00e4ffades flera g\u00e5nger till efter det. Jag skojade med honom om det d\u00e4r. Han ovan med att en som borde tigga om pengar, som inte visar vederb\u00f6rlig respekt, blir lite ur balans. S\u00e5 jag skojar vidare. Han lossnar lite. Skrattar. Jag s\u00e4ger hej. \u00c4r ingen r\u00f6vslickare. Stoltheten \u00e4r det enda jag har kvar. Den har jag aldrig s\u00e5lt. Den l\u00e5nge mannen d\u00e4remot, honom har jag inte sett igen.<\/p>\n<p>Nu var det l\u00e4nge sedan vi tr\u00e4ffades. N\u00e5gra \u00e5r sedan i alla fall. Men kortet ligger d\u00e4r. Till ingen nytta d\u00e5 s\u00e5klart.<\/p>\n<p>Medan jag skriver de h\u00e4r orden avtar sn\u00f6andet d\u00e4r ute. Det \u00e4r bra. Ja eller inte d\u00e5.<\/p>\n<p>N\u00e4r jag sitter p\u00e5 toaletten nu i helgen sl\u00e5r mig en tanke. Japp. Det \u00e4r d\u00e4r de kommer. Fan om jag inte skall b\u00f6rja \u00e5ka skidor igen om jag blir skapligt bra i axeln. Ja tamefan. Jag beh\u00f6ver visserligen g\u00e5 ner n\u00e5gra kilo ocks\u00e5 men nog fan vore det skoj att ha n\u00e5got att g\u00f6ra vintertid. Ja och vi bor d\u00e4r vi bor. Vemdalen tar man sig p\u00e5 ett litet kick. J\u00e4rvs\u00f6 \u00e4nnu snabbare. Ja och det finns fler alternativ inom n\u00e4romr\u00e5det. Tamefan liksom. Jag har inte \u00e5kt sen 1972. S\u00e5 lite rostig kanske. Men tyngden p\u00e5 dalskidan&#8230; eller var det tv\u00e4rt om?<\/p>\n<p>&nbsp;<\/p>\n","protected":false},"excerpt":{"rendered":"<p>Det sn\u00f6ar, ymnigt, prognoserna s\u00e4ger inget om det, verkligheten g\u00f6r som den vill, som en r\u00e5buse, en r\u00e5buse som tar f\u00f6r sig, g\u00f6r som hen vill. Japp verkligheten bryr sig inte om konventioner och lagar. Verkligheten \u00e4r en &#8220;v\u00e5ldtagare&#8221;. En av v\u00e4rsta sorten. Man skall akta sig f\u00f6r verkligheten. Kolla in Idol eller Farmen ist\u00e4llet. [&hellip;]<\/p>\n","protected":false},"author":24,"featured_media":0,"comment_status":"open","ping_status":"open","sticky":false,"template":"","format":"standard","meta":{"_crdt_document":"","jetpack_post_was_ever_published":false,"_jetpack_newsletter_access":"","_jetpack_dont_email_post_to_subs":false,"_jetpack_newsletter_tier_id":0,"_jetpack_memberships_contains_paywalled_content":false,"_jetpack_memberships_contains_paid_content":false,"footnotes":"","jetpack_publicize_message":"","jetpack_publicize_feature_enabled":true,"jetpack_social_post_already_shared":true,"jetpack_social_options":{"image_generator_settings":{"template":"highway","default_image_id":0,"font":"","enabled":false},"version":2}},"categories":[24],"tags":[],"class_list":["post-27651","post","type-post","status-publish","format-standard","hentry","category-betraktelser"],"jetpack_publicize_connections":[],"jetpack_featured_media_url":"","jetpack_sharing_enabled":true,"jetpack_likes_enabled":true,"jetpack-related-posts":[{"id":3053,"url":"https:\/\/www.akehedman.se\/wordpress\/?p=3053","url_meta":{"origin":27651,"position":0},"title":"EU ett fredsprojekt?","author":"\u00c5ke Hedman","date":"2013-02-11","format":false,"excerpt":"Jag v\u00e4xte upp p\u00e5 landet. I Edsbyn. En landsortsh\u00e5la. En genomgripande \u00e5sikt som alla verkade ha under den h\u00e4r tiden var att all skit kom fr\u00e5n Stockholm. D\u00e4r satt som styrande och hittade p\u00e5 en massa dumma beslut. Beh\u00f6vdes verkligen \"den d\u00e4r j\u00e4vla centralmakten\"? Idag \u00e4r det v\u00e4l knappas n\u00e5gon\u2026","rel":"","context":"In &quot;Betraktelser &amp; Ber\u00e4ttelse&quot;","block_context":{"text":"Betraktelser &amp; Ber\u00e4ttelse","link":"https:\/\/www.akehedman.se\/wordpress\/?cat=24"},"img":{"alt_text":"eu","src":"https:\/\/i0.wp.com\/www.eurosource.se\/akhe\/wordpress\/wp-content\/uploads\/2013\/02\/eu.gif?resize=350%2C200","width":350,"height":200,"srcset":"https:\/\/i0.wp.com\/www.eurosource.se\/akhe\/wordpress\/wp-content\/uploads\/2013\/02\/eu.gif?resize=350%2C200 1x, https:\/\/i0.wp.com\/www.eurosource.se\/akhe\/wordpress\/wp-content\/uploads\/2013\/02\/eu.gif?resize=525%2C300 1.5x"},"classes":[]},{"id":36119,"url":"https:\/\/www.akehedman.se\/wordpress\/?p=36119","url_meta":{"origin":27651,"position":1},"title":"F\u00f6rmiddag","author":"\u00c5ke Hedman","date":"2020-09-12","format":false,"excerpt":"Korpen \u00e4r det enda som h\u00f6rs. Nej fel. \u00c4lven ocks\u00e5. Voxnan som brusar lite mer just h\u00e4r, h\u00f6rs den ocks\u00e5 i fj\u00e4rran. Ner\u00e5t, l\u00e4ngre nedanf\u00f6r berget \u00e4n d\u00e4r jag st\u00e5r, p\u00e5g\u00e5r dess st\u00e4ndiga resa mot havet. Annars tystnad. Inte ens vind h\u00f6rs i tr\u00e4dkronorna. H\u00e4r \u00e4r jag hemma. Lugnet fyller\u2026","rel":"","context":"In &quot;Betraktelser &amp; Ber\u00e4ttelse&quot;","block_context":{"text":"Betraktelser &amp; Ber\u00e4ttelse","link":"https:\/\/www.akehedman.se\/wordpress\/?cat=24"},"img":{"alt_text":"","src":"https:\/\/i0.wp.com\/www.akehedman.se\/wordpress\/wp-content\/uploads\/2020\/09\/IMG_20200912_110547-scaled.jpg?resize=350%2C200&ssl=1","width":350,"height":200,"srcset":"https:\/\/i0.wp.com\/www.akehedman.se\/wordpress\/wp-content\/uploads\/2020\/09\/IMG_20200912_110547-scaled.jpg?resize=350%2C200&ssl=1 1x, https:\/\/i0.wp.com\/www.akehedman.se\/wordpress\/wp-content\/uploads\/2020\/09\/IMG_20200912_110547-scaled.jpg?resize=525%2C300&ssl=1 1.5x, https:\/\/i0.wp.com\/www.akehedman.se\/wordpress\/wp-content\/uploads\/2020\/09\/IMG_20200912_110547-scaled.jpg?resize=700%2C400&ssl=1 2x, https:\/\/i0.wp.com\/www.akehedman.se\/wordpress\/wp-content\/uploads\/2020\/09\/IMG_20200912_110547-scaled.jpg?resize=1050%2C600&ssl=1 3x, https:\/\/i0.wp.com\/www.akehedman.se\/wordpress\/wp-content\/uploads\/2020\/09\/IMG_20200912_110547-scaled.jpg?resize=1400%2C800&ssl=1 4x"},"classes":[]},{"id":7830,"url":"https:\/\/www.akehedman.se\/wordpress\/?p=7830","url_meta":{"origin":27651,"position":2},"title":"Om havet inte fanns","author":"\u00c5ke Hedman","date":"2013-07-03","format":false,"excerpt":"Sv\u00e5rmod i sommaren? Nej det g\u00e5r ju inte. Jag har \u00f6ppna f\u00f6nster h\u00e4r p\u00e5 l\u00e5tsaskontoret. L\u00e5ter vindarna och dofterna och f\u00e5gels\u00e5ngen och l\u00e4ngtan ut bl\u00e5sa genom de gamla skollokalerna. F\u00f6r egentligen skall man ju inte sitta h\u00e4r n\u00e4r det underbara \u00e4r d\u00e4r ute och det inte g\u00e5r att finna ens\u2026","rel":"","context":"In &quot;Betraktelser &amp; Ber\u00e4ttelse&quot;","block_context":{"text":"Betraktelser &amp; Ber\u00e4ttelse","link":"https:\/\/www.akehedman.se\/wordpress\/?cat=24"},"img":{"alt_text":"IMG_20130703_154013","src":"https:\/\/i0.wp.com\/www.eurosource.se\/akhe\/wordpress\/wp-content\/uploads\/2013\/07\/IMG_20130703_154013-768x1024.jpg?resize=350%2C200","width":350,"height":200,"srcset":"https:\/\/i0.wp.com\/www.eurosource.se\/akhe\/wordpress\/wp-content\/uploads\/2013\/07\/IMG_20130703_154013-768x1024.jpg?resize=350%2C200 1x, https:\/\/i0.wp.com\/www.eurosource.se\/akhe\/wordpress\/wp-content\/uploads\/2013\/07\/IMG_20130703_154013-768x1024.jpg?resize=525%2C300 1.5x"},"classes":[]},{"id":26048,"url":"https:\/\/www.akehedman.se\/wordpress\/?p=26048","url_meta":{"origin":27651,"position":3},"title":"Ov\u00e4der","author":"\u00c5ke Hedman","date":"2017-11-22","format":false,"excerpt":"\u00c4ldste sonen l\u00e4ser h\u00f6gre och h\u00f6gre matte. Jag slutade fatta vad han h\u00e5ller p\u00e5 med f\u00f6r flera \u00e5r sedan. Jag stolt farsa s\u00e5klart, men kan inte l\u00e5ta bli att t\u00e4nka p\u00e5 hur min egen farsa skulle ha skrutit \u00f6ver barnbarnet som tagit sig s\u00e5 l\u00e5ngt, som gjort det s\u00e5 bra.\u2026","rel":"","context":"In &quot;Betraktelser &amp; Ber\u00e4ttelse&quot;","block_context":{"text":"Betraktelser &amp; Ber\u00e4ttelse","link":"https:\/\/www.akehedman.se\/wordpress\/?cat=24"},"img":{"alt_text":"","src":"https:\/\/i0.wp.com\/www.akehedman.se\/wordpress\/wp-content\/uploads\/2017\/11\/Screenshot-from-2017-11-22-21-30-30-1024x628.png?resize=350%2C200","width":350,"height":200,"srcset":"https:\/\/i0.wp.com\/www.akehedman.se\/wordpress\/wp-content\/uploads\/2017\/11\/Screenshot-from-2017-11-22-21-30-30-1024x628.png?resize=350%2C200 1x, https:\/\/i0.wp.com\/www.akehedman.se\/wordpress\/wp-content\/uploads\/2017\/11\/Screenshot-from-2017-11-22-21-30-30-1024x628.png?resize=525%2C300 1.5x"},"classes":[]},{"id":18153,"url":"https:\/\/www.akehedman.se\/wordpress\/?p=18153","url_meta":{"origin":27651,"position":4},"title":"En kyss vore f\u00f6r v\u00e5gad.","author":"\u00c5ke Hedman","date":"2015-06-21","format":false,"excerpt":"Sommaren hindrar mig fr\u00e5n att jobba. Att s\u00e4tta sig p\u00e5\u00a0 kontoret en s\u00e5dan h\u00e4r dag vore som att spotta den rakt i ansiktet. Man spottar inte rakt i ansiktet p\u00e5 n\u00e5gon man \u00e4lskar. Tr\u00e4dg\u00e5rdsgrejar idag ist\u00e4llet. \u00c4r ute i verkligheten. Jad\u00e5 till och med jag vet att det jag h\u00e5ller\u2026","rel":"","context":"In &quot;Betraktelser &amp; Ber\u00e4ttelse&quot;","block_context":{"text":"Betraktelser &amp; Ber\u00e4ttelse","link":"https:\/\/www.akehedman.se\/wordpress\/?cat=24"},"img":{"alt_text":"009","src":"https:\/\/i0.wp.com\/www.akehedman.se\/wordpress\/wp-content\/uploads\/2015\/06\/0091-1024x768.jpg?resize=350%2C200","width":350,"height":200,"srcset":"https:\/\/i0.wp.com\/www.akehedman.se\/wordpress\/wp-content\/uploads\/2015\/06\/0091-1024x768.jpg?resize=350%2C200 1x, https:\/\/i0.wp.com\/www.akehedman.se\/wordpress\/wp-content\/uploads\/2015\/06\/0091-1024x768.jpg?resize=525%2C300 1.5x"},"classes":[]},{"id":27846,"url":"https:\/\/www.akehedman.se\/wordpress\/?p=27846","url_meta":{"origin":27651,"position":5},"title":"V\u00e4ntar","author":"\u00c5ke Hedman","date":"2018-04-08","format":false,"excerpt":"Sitter h\u00e4r och v\u00e4ntar p\u00e5 att de sista sn\u00f6n skall fara av taket. P\u00e5 norrsidan allts\u00e5. S\u00f6dersidans sn\u00f6m\u00e4ngder har redan brakat av. Kaboooom. Rakt p\u00e5 plommontr\u00e4det. S\u00e5klart. Var skulle sn\u00f6n annars hamna? Liksom. Fast framsidan (norrsidan) kvar allts\u00e5. Den ligger envist kvar d\u00e4r trotts regn idag, Ja och jag vet\u2026","rel":"","context":"In &quot;Betraktelser &amp; Ber\u00e4ttelse&quot;","block_context":{"text":"Betraktelser &amp; Ber\u00e4ttelse","link":"https:\/\/www.akehedman.se\/wordpress\/?cat=24"},"img":{"alt_text":"","src":"https:\/\/i0.wp.com\/www.akehedman.se\/wordpress\/wp-content\/uploads\/2018\/04\/IMG_20180405_152632935-1024x576.jpg?resize=350%2C200","width":350,"height":200,"srcset":"https:\/\/i0.wp.com\/www.akehedman.se\/wordpress\/wp-content\/uploads\/2018\/04\/IMG_20180405_152632935-1024x576.jpg?resize=350%2C200 1x, https:\/\/i0.wp.com\/www.akehedman.se\/wordpress\/wp-content\/uploads\/2018\/04\/IMG_20180405_152632935-1024x576.jpg?resize=525%2C300 1.5x"},"classes":[]}],"jetpack_shortlink":"https:\/\/wp.me\/p68PL2-7bZ","_links":{"self":[{"href":"https:\/\/www.akehedman.se\/wordpress\/index.php?rest_route=\/wp\/v2\/posts\/27651","targetHints":{"allow":["GET"]}}],"collection":[{"href":"https:\/\/www.akehedman.se\/wordpress\/index.php?rest_route=\/wp\/v2\/posts"}],"about":[{"href":"https:\/\/www.akehedman.se\/wordpress\/index.php?rest_route=\/wp\/v2\/types\/post"}],"author":[{"embeddable":true,"href":"https:\/\/www.akehedman.se\/wordpress\/index.php?rest_route=\/wp\/v2\/users\/24"}],"replies":[{"embeddable":true,"href":"https:\/\/www.akehedman.se\/wordpress\/index.php?rest_route=%2Fwp%2Fv2%2Fcomments&post=27651"}],"version-history":[{"count":1,"href":"https:\/\/www.akehedman.se\/wordpress\/index.php?rest_route=\/wp\/v2\/posts\/27651\/revisions"}],"predecessor-version":[{"id":27654,"href":"https:\/\/www.akehedman.se\/wordpress\/index.php?rest_route=\/wp\/v2\/posts\/27651\/revisions\/27654"}],"wp:attachment":[{"href":"https:\/\/www.akehedman.se\/wordpress\/index.php?rest_route=%2Fwp%2Fv2%2Fmedia&parent=27651"}],"wp:term":[{"taxonomy":"category","embeddable":true,"href":"https:\/\/www.akehedman.se\/wordpress\/index.php?rest_route=%2Fwp%2Fv2%2Fcategories&post=27651"},{"taxonomy":"post_tag","embeddable":true,"href":"https:\/\/www.akehedman.se\/wordpress\/index.php?rest_route=%2Fwp%2Fv2%2Ftags&post=27651"}],"curies":[{"name":"wp","href":"https:\/\/api.w.org\/{rel}","templated":true}]}}