{"id":27583,"date":"2018-03-13T20:26:55","date_gmt":"2018-03-13T19:26:55","guid":{"rendered":"http:\/\/www.akehedman.se\/wordpress\/?p=27583"},"modified":"2018-03-13T20:26:55","modified_gmt":"2018-03-13T19:26:55","slug":"lasarbild-varvinter-i-jarvsobacken","status":"publish","type":"post","link":"https:\/\/www.akehedman.se\/wordpress\/?p=27583","title":{"rendered":"L\u00e4sarbild: V\u00e5rvinter i J\u00e4rvs\u00f6backen"},"content":{"rendered":"<p>Alltid \u00e4r det n\u00e5gon som blir sugen om jag delar den h\u00e4r.<\/p>\n<blockquote><p><a href=\"http:\/\/www.helahalsingland.se\/halsingland\/ljusdal\/lasarbild-varvinter-i-jarvsobacken\"><img data-recalc-dims=\"1\" decoding=\"async\" class=\"alignnone size-full\" src=\"https:\/\/i0.wp.com\/www.akehedman.se\/wordpress\/wp-content\/uploads\/2018\/03\/1200-2.jpg?w=580\" alt=\"\" \/><\/a><\/p><\/blockquote>\n<p>Source: <em><a href=\"http:\/\/www.helahalsingland.se\/halsingland\/ljusdal\/lasarbild-varvinter-i-jarvsobacken\">L\u00e4sarbild: V\u00e5rvinter i J\u00e4rvs\u00f6backen<\/a><\/em><\/p>\n","protected":false},"excerpt":{"rendered":"<p>Alltid \u00e4r det n\u00e5gon som blir sugen om jag delar den h\u00e4r. Source: L\u00e4sarbild: V\u00e5rvinter i J\u00e4rvs\u00f6backen<\/p>\n","protected":false},"author":24,"featured_media":0,"comment_status":"open","ping_status":"open","sticky":false,"template":"","format":"standard","meta":{"_crdt_document":"","jetpack_post_was_ever_published":false,"_jetpack_newsletter_access":"","_jetpack_dont_email_post_to_subs":false,"_jetpack_newsletter_tier_id":0,"_jetpack_memberships_contains_paywalled_content":false,"_jetpack_memberships_contains_paid_content":false,"footnotes":"","jetpack_publicize_message":"","jetpack_publicize_feature_enabled":true,"jetpack_social_post_already_shared":true,"jetpack_social_options":{"image_generator_settings":{"template":"highway","default_image_id":0,"font":"","enabled":false},"version":2}},"categories":[2],"tags":[],"class_list":["post-27583","post","type-post","status-publish","format-standard","hentry","category-swedish"],"jetpack_publicize_connections":[],"jetpack_featured_media_url":"","jetpack_sharing_enabled":true,"jetpack_likes_enabled":true,"jetpack-related-posts":[{"id":26187,"url":"https:\/\/www.akehedman.se\/wordpress\/?p=26187","url_meta":{"origin":27583,"position":0},"title":"J\u00e4rvs\u00f6backen \u00f6ppnar i helgen \u2013 s\u00e5 \u00e4r l\u00e4get i H\u00e4lsinglands skidbackar","author":"\u00c5ke Hedman","date":"2017-12-06","format":false,"excerpt":"P\u00e5 l\u00f6rdag \u00f6ppnar \u00e4r det premi\u00e4r\u00f6ppning f\u00f6r J\u00e4rvs\u00f6backen. Och runtom i H\u00e4lsingland \u00e4r \u00e4ven \u00f6vriga backar p\u00e5 g\u00e5ng. Source: J\u00e4rvs\u00f6backen \u00f6ppnar i helgen \u2013 s\u00e5 \u00e4r l\u00e4get i H\u00e4lsinglands skidbackar","rel":"","context":"In &quot;Swedish&quot;","block_context":{"text":"Swedish","link":"https:\/\/www.akehedman.se\/wordpress\/?cat=2"},"img":{"alt_text":"","src":"","width":0,"height":0},"classes":[]},{"id":48592,"url":"https:\/\/www.akehedman.se\/wordpress\/?p=48592","url_meta":{"origin":27583,"position":1},"title":"J\u00e4rvs\u00f6backen utsedd till \u00c5rets Skidanl\u00e4ggning 2024! | Destination J\u00e4rvs\u00f6","author":"\u00c5ke Hedman","date":"2024-10-21","format":false,"excerpt":"Source: J\u00e4rvs\u00f6backen utsedd till \u00c5rets Skidanl\u00e4ggning 2024! | Destination J\u00e4rvs\u00f6","rel":"","context":"In &quot;Swedish&quot;","block_context":{"text":"Swedish","link":"https:\/\/www.akehedman.se\/wordpress\/?cat=2"},"img":{"alt_text":"","src":"","width":0,"height":0},"classes":[]},{"id":46556,"url":"https:\/\/www.akehedman.se\/wordpress\/?p=46556","url_meta":{"origin":27583,"position":2},"title":"Tidig premi\u00e4r med liftinvigning i J\u00e4rvs\u00f6backen \u2013 Ljusdals-Posten","author":"\u00c5ke Hedman","date":"2023-11-22","format":false,"excerpt":"?\u201dV\u00e4dret och personalen har gjort det m\u00f6jligt\u201d Source: Tidig premi\u00e4r med liftinvigning i J\u00e4rvs\u00f6backen \u2013 Ljusdals-Posten","rel":"","context":"In &quot;Swedish&quot;","block_context":{"text":"Swedish","link":"https:\/\/www.akehedman.se\/wordpress\/?cat=2"},"img":{"alt_text":"","src":"","width":0,"height":0},"classes":[]},{"id":26134,"url":"https:\/\/www.akehedman.se\/wordpress\/?p=26134","url_meta":{"origin":27583,"position":3},"title":"J\u00e4rvs\u00f6backen f\u00f6rbereder f\u00f6r s\u00e4songsstart: &#8220;Vi g\u00f6r allt f\u00f6r att \u00f6ppna&#8221;","author":"\u00c5ke Hedman","date":"2017-12-01","format":false,"excerpt":"Ortopederna har lite att g\u00f6ra nu s\u00e5... Source: J\u00e4rvs\u00f6backen f\u00f6rbereder f\u00f6r s\u00e4songsstart: \"Vi g\u00f6r allt f\u00f6r att \u00f6ppna\"","rel":"","context":"In &quot;Swedish&quot;","block_context":{"text":"Swedish","link":"https:\/\/www.akehedman.se\/wordpress\/?cat=2"},"img":{"alt_text":"","src":"","width":0,"height":0},"classes":[]},{"id":37225,"url":"https:\/\/www.akehedman.se\/wordpress\/?p=37225","url_meta":{"origin":27583,"position":4},"title":"Vit premi\u00e4r lagom till jullovet \u2013 J\u00e4rvs\u00f6backen \u00f6ppnar: &#8220;Sju liftar och \u00e5tta nedfarter i g\u00e5ng&#8221;","author":"\u00c5ke Hedman","date":"2020-12-18","format":false,"excerpt":"Source: Vit premi\u00e4r lagom till jullovet \u2013 J\u00e4rvs\u00f6backen \u00f6ppnar: \"Sju liftar och \u00e5tta nedfarter i g\u00e5ng\"","rel":"","context":"In &quot;Swedish&quot;","block_context":{"text":"Swedish","link":"https:\/\/www.akehedman.se\/wordpress\/?cat=2"},"img":{"alt_text":"","src":"","width":0,"height":0},"classes":[]},{"id":31272,"url":"https:\/\/www.akehedman.se\/wordpress\/?p=31272","url_meta":{"origin":27583,"position":5},"title":"Va!? &#8211; p\u00e5 b\u00e4sta l\u00e5tsasarbetstid&#8230;","author":"\u00c5ke Hedman","date":"2019-01-07","format":false,"excerpt":"Torsdag den 10 januari h\u00e4lsar vi p\u00e5\u00a0J\u00e4rvs\u00f6 Creperie Konferens & Nattlogi och J\u00e4rvs\u00f6backen. Vi \u00e4r intresserad av att h\u00f6ra om deras genomf\u00f6rda investeringar och bjuder med dig f\u00f6retagare att vara med. Vi \u00e4ter frukost och lyssnar p\u00e5 vad Malin N\u00e4sman och Peter Augustsson har lyckats med till s\u00e4songen 2018\/2019.\u00a0 Efter\u2026","rel":"","context":"In &quot;F\u00f6retagande&quot;","block_context":{"text":"F\u00f6retagande","link":"https:\/\/www.akehedman.se\/wordpress\/?cat=28"},"img":{"alt_text":"","src":"","width":0,"height":0},"classes":[]}],"jetpack_shortlink":"https:\/\/wp.me\/p68PL2-7aT","_links":{"self":[{"href":"https:\/\/www.akehedman.se\/wordpress\/index.php?rest_route=\/wp\/v2\/posts\/27583","targetHints":{"allow":["GET"]}}],"collection":[{"href":"https:\/\/www.akehedman.se\/wordpress\/index.php?rest_route=\/wp\/v2\/posts"}],"about":[{"href":"https:\/\/www.akehedman.se\/wordpress\/index.php?rest_route=\/wp\/v2\/types\/post"}],"author":[{"embeddable":true,"href":"https:\/\/www.akehedman.se\/wordpress\/index.php?rest_route=\/wp\/v2\/users\/24"}],"replies":[{"embeddable":true,"href":"https:\/\/www.akehedman.se\/wordpress\/index.php?rest_route=%2Fwp%2Fv2%2Fcomments&post=27583"}],"version-history":[{"count":1,"href":"https:\/\/www.akehedman.se\/wordpress\/index.php?rest_route=\/wp\/v2\/posts\/27583\/revisions"}],"predecessor-version":[{"id":27585,"href":"https:\/\/www.akehedman.se\/wordpress\/index.php?rest_route=\/wp\/v2\/posts\/27583\/revisions\/27585"}],"wp:attachment":[{"href":"https:\/\/www.akehedman.se\/wordpress\/index.php?rest_route=%2Fwp%2Fv2%2Fmedia&parent=27583"}],"wp:term":[{"taxonomy":"category","embeddable":true,"href":"https:\/\/www.akehedman.se\/wordpress\/index.php?rest_route=%2Fwp%2Fv2%2Fcategories&post=27583"},{"taxonomy":"post_tag","embeddable":true,"href":"https:\/\/www.akehedman.se\/wordpress\/index.php?rest_route=%2Fwp%2Fv2%2Ftags&post=27583"}],"curies":[{"name":"wp","href":"https:\/\/api.w.org\/{rel}","templated":true}]}}