{"id":27576,"date":"2018-03-13T16:12:24","date_gmt":"2018-03-13T15:12:24","guid":{"rendered":"http:\/\/www.akehedman.se\/wordpress\/?p=27576"},"modified":"2018-03-13T16:12:24","modified_gmt":"2018-03-13T15:12:24","slug":"brann-for-att-hela-sverige-ska-leva","status":"publish","type":"post","link":"https:\/\/www.akehedman.se\/wordpress\/?p=27576","title":{"rendered":"\u201dBrann f\u00f6r att hela Sverige ska leva\u201d"},"content":{"rendered":"<blockquote><p><a href=\"https:\/\/www.svt.se\/nyheter\/lokalt\/smaland\/brann-for-att-hela-sverige-ska-leva\"><img decoding=\"async\" class=\"alignnone size-full\" src=\"https:\/\/www.svtstatic.se\/image-cms\/svtse\/1520949223\/svts\/article17326122.svt\/alternates\/extralarge\/lena-fritzen-png\" alt=\"\" \/><\/a>H\u00e4lften av Ingvar Kamprads arv ska g\u00e5 till projekt f\u00f6r att fr\u00e4mja den norrl\u00e4ndska landsbygden. Det framg\u00e5r i hans testamente som Dagens Nyheter tagit del av. Nu \u00e4r det upp till Familjen Kamprads stiftelse att f\u00f6rdela pengarna.<\/p><\/blockquote>\n<p>Source: <em><a href=\"https:\/\/www.svt.se\/nyheter\/lokalt\/smaland\/brann-for-att-hela-sverige-ska-leva\">\u201dBrann f\u00f6r att hela Sverige ska leva\u201d<\/a><\/em><\/p>\n","protected":false},"excerpt":{"rendered":"<p>H\u00e4lften av Ingvar Kamprads arv ska g\u00e5 till projekt f\u00f6r att fr\u00e4mja den norrl\u00e4ndska landsbygden. Det framg\u00e5r i hans testamente som Dagens Nyheter tagit del av. Nu \u00e4r det upp till Familjen Kamprads stiftelse att f\u00f6rdela pengarna. Source: \u201dBrann f\u00f6r att hela Sverige ska leva\u201d<\/p>\n","protected":false},"author":24,"featured_media":0,"comment_status":"open","ping_status":"open","sticky":false,"template":"","format":"standard","meta":{"_crdt_document":"","jetpack_post_was_ever_published":false,"_jetpack_newsletter_access":"","_jetpack_dont_email_post_to_subs":false,"_jetpack_newsletter_tier_id":0,"_jetpack_memberships_contains_paywalled_content":false,"_jetpack_memberships_contains_paid_content":false,"footnotes":"","jetpack_publicize_message":"","jetpack_publicize_feature_enabled":true,"jetpack_social_post_already_shared":true,"jetpack_social_options":{"image_generator_settings":{"template":"highway","default_image_id":0,"font":"","enabled":false},"version":2}},"categories":[28],"tags":[],"class_list":["post-27576","post","type-post","status-publish","format-standard","hentry","category-foretagande"],"jetpack_publicize_connections":[],"jetpack_featured_media_url":"","jetpack_sharing_enabled":true,"jetpack_likes_enabled":true,"jetpack-related-posts":[{"id":24355,"url":"https:\/\/www.akehedman.se\/wordpress\/?p=24355","url_meta":{"origin":27576,"position":0},"title":"Hannah Widell och Amanda Schulmans st\u00f6rsta misstag: Lyssnat f\u00f6r mycket p\u00e5 kaxiga m\u00e4n &#8211; Breakit","author":"\u00c5ke Hedman","date":"2017-05-13","format":false,"excerpt":"S\u00e4g det till Ingvar Kamprad, ja som ett r\u00e5d liksom. \u201cJag tror inte att man ska vara p\u00e5 ett och samma bolag i mer \u00e4n fem \u00e5r. Nu har vi drivit det h\u00e4r i sex \u00e5r och vi g\u00f6r mer och mer andra saker. F\u00f6r bolaget \u00e4r det lite som\u2026","rel":"","context":"In &quot;Swedish&quot;","block_context":{"text":"Swedish","link":"https:\/\/www.akehedman.se\/wordpress\/?cat=2"},"img":{"alt_text":"","src":"","width":0,"height":0},"classes":[]},{"id":47218,"url":"https:\/\/www.akehedman.se\/wordpress\/?p=47218","url_meta":{"origin":27576,"position":1},"title":"KorVillBeta","author":"\u00c5ke Hedman","date":"2024-03-01","format":false,"excerpt":"Visste du att en unik del av det svenska djurskyddet hotas? Att vi i Sverige beh\u00f6ver minska konsumtionen av r\u00f6tt k\u00f6tt f\u00f6r klimatet och v\u00e5r h\u00e4lsa finns det ingen vetenskaplig tvekan om, detta s\u00e4ger b\u00e5de Livsmedelsverket och de Nordiska N\u00e4ringsrekommendationerna. Samtidigt vet vi att kor h\u00e4r i Sverige bidrar till\u2026","rel":"","context":"In &quot;Swedish&quot;","block_context":{"text":"Swedish","link":"https:\/\/www.akehedman.se\/wordpress\/?cat=2"},"img":{"alt_text":"","src":"https:\/\/i0.wp.com\/image.norden.greenpeace.org\/lib\/fe4315707564057c761773\/m\/3\/3ae66e39-9ee2-40c1-8d92-d46f83ee3d33.png?resize=350%2C200&ssl=1","width":350,"height":200},"classes":[]},{"id":30585,"url":"https:\/\/www.akehedman.se\/wordpress\/?p=30585","url_meta":{"origin":27576,"position":2},"title":"Familjen Kamprads stiftelse: Unders\u00f6kning Norrland","author":"\u00c5ke Hedman","date":"2018-11-07","format":false,"excerpt":"Om unders\u00f6kningen Familjen Kamprads stiftelse bildades 2011\u00a0och ett av stiftelsens \u00e4ndam\u00e5l \u00e4r att st\u00f6dja forsknings- och utbildningsprojekt som fr\u00e4mjar entrepren\u00f6rskap, s\u00e4rskilt f\u00f6r en levande landsbygd. Stiftelsens styrelse uppfattar att det saknas en \u00f6vergripande kartl\u00e4ggning av de senaste \u00e5rens initiativ som genomf\u00f6rts p\u00e5 offentlig niv\u00e5, n\u00e4ringslivsniv\u00e5 och i civilsamh\u00e4llet f\u00f6r att\u2026","rel":"","context":"In &quot;F\u00f6retagande&quot;","block_context":{"text":"F\u00f6retagande","link":"https:\/\/www.akehedman.se\/wordpress\/?cat=28"},"img":{"alt_text":"","src":"https:\/\/i0.wp.com\/www.akehedman.se\/wordpress\/wp-content\/uploads\/2018\/11\/1538418694.jpeg?resize=350%2C200","width":350,"height":200,"srcset":"https:\/\/i0.wp.com\/www.akehedman.se\/wordpress\/wp-content\/uploads\/2018\/11\/1538418694.jpeg?resize=350%2C200 1x, https:\/\/i0.wp.com\/www.akehedman.se\/wordpress\/wp-content\/uploads\/2018\/11\/1538418694.jpeg?resize=525%2C300 1.5x, https:\/\/i0.wp.com\/www.akehedman.se\/wordpress\/wp-content\/uploads\/2018\/11\/1538418694.jpeg?resize=700%2C400 2x"},"classes":[]},{"id":18818,"url":"https:\/\/www.akehedman.se\/wordpress\/?p=18818","url_meta":{"origin":27576,"position":3},"title":"Porrgigantens andra blomning","author":"\u00c5ke Hedman","date":"2015-10-16","format":false,"excerpt":"Source: Porrgigantens andra blomning \"Det statliga Kulturr\u00e5det verkar f\u00f6r \"konstn\u00e4rligt och kulturpolitiskt v\u00e4rdefull utveckling\". De har k\u00f6pt n\u00e4stan 300 exemplar, och ska skicka James Fjong till bibliotek i alla Sveriges kommuner. \u2013 Jag h\u00f6ll p\u00e5 att sm\u00e4lla av n\u00e4r jag h\u00f6rde det. Jag som var r\u00e4dd att bli lynchad n\u00e4r\u2026","rel":"","context":"In &quot;Swedish&quot;","block_context":{"text":"Swedish","link":"https:\/\/www.akehedman.se\/wordpress\/?cat=2"},"img":{"alt_text":"","src":"","width":0,"height":0},"classes":[]},{"id":49141,"url":"https:\/\/www.akehedman.se\/wordpress\/?p=49141","url_meta":{"origin":27576,"position":4},"title":"Dansk gropv\u00e4rme ska testas i Sverige | energi-miljo.se","author":"\u00c5ke Hedman","date":"2025-02-14","format":false,"excerpt":"Tekniken f\u00f6r groplager \u00e4r att man gr\u00e4ver ut och bygger en vall och sedan l\u00e4gger p\u00e5 en gummiduk. Det beh\u00f6vs ingen isolering p\u00e5 sidorna och i botten, utan man har ett flytande isolerat lock, f\u00f6r att undvika f\u00f6rluster av energi. Hur mycket f\u00f6rluster man t\u00e5l beror p\u00e5 hur mycket v\u00e4rme\u2026","rel":"","context":"In &quot;Alternative Energy&quot;","block_context":{"text":"Alternative Energy","link":"https:\/\/www.akehedman.se\/wordpress\/?cat=45"},"img":{"alt_text":"","src":"","width":0,"height":0},"classes":[]},{"id":496,"url":"https:\/\/www.akehedman.se\/wordpress\/?p=496","url_meta":{"origin":27576,"position":5},"title":"Stoppa FRA-lagen &#8211; mejla alla i riksdagen &#8211; h\u00c3\u00a4r \u00c3\u00a4r listan!","author":"\u00c5ke Hedman","date":"2008-06-11","format":false,"excerpt":"H\u00c3\u00a4r \u00c3\u00a5terges Per Str\u00c3\u00b6ms nyhetsbrev av idag som jag st\u00c3\u00b6djer till fullo. Stoppa FRA-lagen - mejla alla i riksdagen - h\u00c3\u00a4r \u00c3\u00a4r listan! Nu g\u00c3\u00a4ller det! P\u00c3\u00a5 tisdag i n\u00c3\u00a4sta vecka ska riksdagen r\u00c3\u00b6sta om \"Lex Orwell\", allts\u00c3\u00a5 f\u00c3\u00b6rslaget att l\u00c3\u00a5ta F\u00c3\u00b6rsvarets Radioanstalt (FRA) f\u00c3\u00a5 l\u00c3\u00a4sa alla svenskars epost och\u2026","rel":"","context":"In &quot;Swedish&quot;","block_context":{"text":"Swedish","link":"https:\/\/www.akehedman.se\/wordpress\/?cat=2"},"img":{"alt_text":"","src":"","width":0,"height":0},"classes":[]}],"jetpack_shortlink":"https:\/\/wp.me\/p68PL2-7aM","_links":{"self":[{"href":"https:\/\/www.akehedman.se\/wordpress\/index.php?rest_route=\/wp\/v2\/posts\/27576","targetHints":{"allow":["GET"]}}],"collection":[{"href":"https:\/\/www.akehedman.se\/wordpress\/index.php?rest_route=\/wp\/v2\/posts"}],"about":[{"href":"https:\/\/www.akehedman.se\/wordpress\/index.php?rest_route=\/wp\/v2\/types\/post"}],"author":[{"embeddable":true,"href":"https:\/\/www.akehedman.se\/wordpress\/index.php?rest_route=\/wp\/v2\/users\/24"}],"replies":[{"embeddable":true,"href":"https:\/\/www.akehedman.se\/wordpress\/index.php?rest_route=%2Fwp%2Fv2%2Fcomments&post=27576"}],"version-history":[{"count":1,"href":"https:\/\/www.akehedman.se\/wordpress\/index.php?rest_route=\/wp\/v2\/posts\/27576\/revisions"}],"predecessor-version":[{"id":27577,"href":"https:\/\/www.akehedman.se\/wordpress\/index.php?rest_route=\/wp\/v2\/posts\/27576\/revisions\/27577"}],"wp:attachment":[{"href":"https:\/\/www.akehedman.se\/wordpress\/index.php?rest_route=%2Fwp%2Fv2%2Fmedia&parent=27576"}],"wp:term":[{"taxonomy":"category","embeddable":true,"href":"https:\/\/www.akehedman.se\/wordpress\/index.php?rest_route=%2Fwp%2Fv2%2Fcategories&post=27576"},{"taxonomy":"post_tag","embeddable":true,"href":"https:\/\/www.akehedman.se\/wordpress\/index.php?rest_route=%2Fwp%2Fv2%2Ftags&post=27576"}],"curies":[{"name":"wp","href":"https:\/\/api.w.org\/{rel}","templated":true}]}}