{"id":27572,"date":"2018-03-13T14:53:01","date_gmt":"2018-03-13T13:53:01","guid":{"rendered":"http:\/\/www.akehedman.se\/wordpress\/?p=27572"},"modified":"2018-03-13T14:55:12","modified_gmt":"2018-03-13T13:55:12","slug":"ovanligt-hog-risk-for-stor-varflod-fortum-tommer-vattenmagasinen","status":"publish","type":"post","link":"https:\/\/www.akehedman.se\/wordpress\/?p=27572","title":{"rendered":"Ovanligt h\u00f6g risk f\u00f6r stor v\u00e5rflod \u2013 Fortum t\u00f6mmer vattenmagasinen"},"content":{"rendered":"<p><a href=\"https:\/\/www.nyteknik.se\/miljo\/ovanligt-hog-risk-for-stor-varflod-fortum-tommer-vattenmagasinen-6903569?source=carma&amp;utm_campaign=571957_Nyt_allmanna_180313_&amp;utm_medium=email&amp;utm_source=Master+list-All_Users&amp;utm_custom%5Bcm%5D=315344646,33270&amp;=\"><img data-recalc-dims=\"1\" decoding=\"async\" class=\"alignnone size-full\" src=\"https:\/\/i0.wp.com\/www.akehedman.se\/wordpress\/wp-content\/uploads\/2018\/03\/Flod-oversvamning-vattenkraft-700-394-ny-teknik.jpg?w=580\" alt=\"\" \/><\/a><\/p>\n<blockquote><p>Risken f\u00f6r h\u00f6ga vattenfl\u00f6den n\u00e4r sn\u00f6n sm\u00e4lter \u00e4r ovanligt h\u00f6g p\u00e5 grund av stora m\u00e4ngder sn\u00f6 i s\u00f6dra Norrland.<\/p><\/blockquote>\n<p>Source: <em><a href=\"https:\/\/www.nyteknik.se\/miljo\/ovanligt-hog-risk-for-stor-varflod-fortum-tommer-vattenmagasinen-6903569\">Ovanligt h\u00f6g risk f\u00f6r stor v\u00e5rflod \u2013 Fortum t\u00f6mmer vattenmagasinen<\/a><\/em><\/p>\n","protected":false},"excerpt":{"rendered":"<p>Risken f\u00f6r h\u00f6ga vattenfl\u00f6den n\u00e4r sn\u00f6n sm\u00e4lter \u00e4r ovanligt h\u00f6g p\u00e5 grund av stora m\u00e4ngder sn\u00f6 i s\u00f6dra Norrland. Source: Ovanligt h\u00f6g risk f\u00f6r stor v\u00e5rflod \u2013 Fortum t\u00f6mmer vattenmagasinen<\/p>\n","protected":false},"author":24,"featured_media":0,"comment_status":"open","ping_status":"open","sticky":false,"template":"","format":"standard","meta":{"_crdt_document":"","jetpack_post_was_ever_published":false,"_jetpack_newsletter_access":"","_jetpack_dont_email_post_to_subs":false,"_jetpack_newsletter_tier_id":0,"_jetpack_memberships_contains_paywalled_content":false,"_jetpack_memberships_contains_paid_content":false,"footnotes":"","jetpack_publicize_message":"","jetpack_publicize_feature_enabled":true,"jetpack_social_post_already_shared":true,"jetpack_social_options":{"image_generator_settings":{"template":"highway","default_image_id":0,"font":"","enabled":false},"version":2}},"categories":[60,2],"tags":[],"class_list":["post-27572","post","type-post","status-publish","format-standard","hentry","category-meterologi","category-swedish"],"jetpack_publicize_connections":[],"jetpack_featured_media_url":"","jetpack_sharing_enabled":true,"jetpack_likes_enabled":true,"jetpack-related-posts":[{"id":42276,"url":"https:\/\/www.akehedman.se\/wordpress\/?p=42276","url_meta":{"origin":27572,"position":0},"title":"Det som suger","author":"\u00c5ke Hedman","date":"2022-07-11","format":false,"excerpt":"Man vilar. Somliga \u00e4r tydligen skapta f\u00f6r det. Ja, jag med allts\u00e5. Visste man ju inte. Fast lite oljebyte och lite annat har jag fixat p\u00e5 bilen. Alltid n\u00e5got. Siste oljebytet p\u00e5 den r\u00f6da faran fr\u00e5n Frankrike. Men k\u00e4nns b\u00e4st att g\u00f6ra det. Enkelt men kladdigt. Jo hinner med lite\u2026","rel":"","context":"In &quot;Swedish&quot;","block_context":{"text":"Swedish","link":"https:\/\/www.akehedman.se\/wordpress\/?cat=2"},"img":{"alt_text":"","src":"https:\/\/i0.wp.com\/www.akehedman.se\/wordpress\/wp-content\/uploads\/2022\/07\/IMG_20220709_173520-scaled.jpg?resize=350%2C200&ssl=1","width":350,"height":200,"srcset":"https:\/\/i0.wp.com\/www.akehedman.se\/wordpress\/wp-content\/uploads\/2022\/07\/IMG_20220709_173520-scaled.jpg?resize=350%2C200&ssl=1 1x, https:\/\/i0.wp.com\/www.akehedman.se\/wordpress\/wp-content\/uploads\/2022\/07\/IMG_20220709_173520-scaled.jpg?resize=525%2C300&ssl=1 1.5x, https:\/\/i0.wp.com\/www.akehedman.se\/wordpress\/wp-content\/uploads\/2022\/07\/IMG_20220709_173520-scaled.jpg?resize=700%2C400&ssl=1 2x, https:\/\/i0.wp.com\/www.akehedman.se\/wordpress\/wp-content\/uploads\/2022\/07\/IMG_20220709_173520-scaled.jpg?resize=1050%2C600&ssl=1 3x, https:\/\/i0.wp.com\/www.akehedman.se\/wordpress\/wp-content\/uploads\/2022\/07\/IMG_20220709_173520-scaled.jpg?resize=1400%2C800&ssl=1 4x"},"classes":[]},{"id":49811,"url":"https:\/\/www.akehedman.se\/wordpress\/?p=49811","url_meta":{"origin":27572,"position":1},"title":"Forskarna g\u00f6r sig redo f\u00f6r m\u00f6tet med asteroiden Apophis &#8211; DN.se","author":"\u00c5ke Hedman","date":"2025-06-11","format":false,"excerpt":"Fredag 13:e april 2029 kommer asteroiden Apophis att stryka f\u00f6rbi jorden. Att en s\u00e5 pass stor asteroid kommer s\u00e5 n\u00e4ra oss \u00e4r extremt ovanligt. Source: Forskarna g\u00f6r sig redo f\u00f6r m\u00f6tet med asteroiden Apophis - DN.se","rel":"","context":"In &quot;vetenskap&quot;","block_context":{"text":"vetenskap","link":"https:\/\/www.akehedman.se\/wordpress\/?cat=41"},"img":{"alt_text":"","src":"","width":0,"height":0},"classes":[]},{"id":21147,"url":"https:\/\/www.akehedman.se\/wordpress\/?p=21147","url_meta":{"origin":27572,"position":2},"title":"Fyra dagar","author":"\u00c5ke Hedman","date":"2016-07-28","format":false,"excerpt":"S\u00e5 n\u00e5gra dagar in i semestern och jag b\u00f6rjar v\u00e4nja mig. Sk\u00f6nt. Till och med min dator \u00e4r avst\u00e4ngd, ser ingen anledning att starta den igen efter \u00e5skv\u00e4dret som drog in i m\u00e5ndags. Det \u00e4r ovanligt. Mycket ovanligt. Som om alla f\u00e5glar skull b\u00f6rja flyga upp och ner. Ungef\u00e4r s\u00e5.\u2026","rel":"","context":"In &quot;Betraktelser &amp; Ber\u00e4ttelse&quot;","block_context":{"text":"Betraktelser &amp; Ber\u00e4ttelse","link":"https:\/\/www.akehedman.se\/wordpress\/?cat=24"},"img":{"alt_text":"100710semester","src":"https:\/\/i0.wp.com\/www.akehedman.se\/wordpress\/wp-content\/uploads\/2016\/07\/100710semester.jpg?resize=350%2C200","width":350,"height":200,"srcset":"https:\/\/i0.wp.com\/www.akehedman.se\/wordpress\/wp-content\/uploads\/2016\/07\/100710semester.jpg?resize=350%2C200 1x, https:\/\/i0.wp.com\/www.akehedman.se\/wordpress\/wp-content\/uploads\/2016\/07\/100710semester.jpg?resize=525%2C300 1.5x"},"classes":[]},{"id":3,"url":"https:\/\/www.akehedman.se\/wordpress\/?p=3","url_meta":{"origin":27572,"position":3},"title":"Str\u00c3\u00b6mavbrott igen!","author":"\u00c5ke Hedman","date":"2006-04-27","format":false,"excerpt":"Str\u00c3\u00b6mavbrott idag igen! Ett kort men \u00c3\u00a4nd\u00c3\u00a5. Fortum \u00c3\u00a4r skit! Fick sitta i tv\u00c3\u00a5 timmar och reparera grejer p\u00c3\u00a5 min Linux utvecklings maskin. Turligt nog s\u00c3\u00a5 klarade sig alla servrar bra tack vare UPS'arna. M\u00c3\u00a5ste nog inf\u00c3\u00b6rskaffa UPS'ar till utvecklingsmaskinerna ocks\u00c3\u00a5. El och Fortum \u00c3\u00a4r ett st\u00c3\u00a4ndigt f\u00c3\u00b6rtret. V\u00c3\u00a5r st\u00c3\u00b6rsta\u2026","rel":"","context":"In &quot;Swedish&quot;","block_context":{"text":"Swedish","link":"https:\/\/www.akehedman.se\/wordpress\/?cat=2"},"img":{"alt_text":"","src":"","width":0,"height":0},"classes":[]},{"id":49003,"url":"https:\/\/www.akehedman.se\/wordpress\/?p=49003","url_meta":{"origin":27572,"position":4},"title":"Tesla st\u00e5r stadigt i stormen \u2013 trots tvister och strejk: \u201dOvanligt i bilv\u00e4rlden\u201d","author":"\u00c5ke Hedman","date":"2025-01-20","format":false,"excerpt":"I ett uppm\u00e4rksammat inl\u00e4gg p\u00e5 sociala medier skrev k\u00e4ndisbagaren och Teslaf\u00f6raren S\u00e9bastien Boudet att han k\u00e4nner skam \u00f6ver bilen han rattar, d\u00e5 Elon Musk g\u00e5tt ifr\u00e5n hyllad milj\u00f6k\u00e4mpe till spridare av konspirationsteorier. En diskussion om vilka signaler Tesla skickar har blossat upp. Source: Tesla st\u00e5r stadigt i stormen \u2013 trots\u2026","rel":"","context":"In &quot;Swedish&quot;","block_context":{"text":"Swedish","link":"https:\/\/www.akehedman.se\/wordpress\/?cat=2"},"img":{"alt_text":"","src":"","width":0,"height":0},"classes":[]},{"id":48164,"url":"https:\/\/www.akehedman.se\/wordpress\/?p=48164","url_meta":{"origin":27572,"position":5},"title":"L\u00e5ngvinds herrg\u00e5rd 114, En\u00e5nger \u2013 Till salu f\u00f6r 10M | Historiska Hem","author":"\u00c5ke Hedman","date":"2024-08-04","format":false,"excerpt":"I en idyllisk bygd intill Bottenvikens vatten stoltserar denna makal\u00f6sa herrg\u00e5rd med anor fr\u00e5n 1799. En stor ombyggnad, best\u00e4lld av brukspatronen Wilhelm S\u00f6derhielm, slutf\u00f6rdes 1896 och herrg\u00e5rden \u00e4r med sin snickargl\u00e4dje ett mycket fint exempel p\u00e5 schweizerstilen som var p\u00e5 modet vid den h\u00e4r tiden. Det \u00e4r n\u00e4stan som om\u2026","rel":"","context":"In &quot;Swedish&quot;","block_context":{"text":"Swedish","link":"https:\/\/www.akehedman.se\/wordpress\/?cat=2"},"img":{"alt_text":"","src":"https:\/\/i0.wp.com\/www.akehedman.se\/wordpress\/wp-content\/uploads\/2024\/08\/MED9FE972C42A944F2E809285E450F73DF9_20240705084421_w2200_q80.jpg?resize=350%2C200&ssl=1","width":350,"height":200,"srcset":"https:\/\/i0.wp.com\/www.akehedman.se\/wordpress\/wp-content\/uploads\/2024\/08\/MED9FE972C42A944F2E809285E450F73DF9_20240705084421_w2200_q80.jpg?resize=350%2C200&ssl=1 1x, https:\/\/i0.wp.com\/www.akehedman.se\/wordpress\/wp-content\/uploads\/2024\/08\/MED9FE972C42A944F2E809285E450F73DF9_20240705084421_w2200_q80.jpg?resize=525%2C300&ssl=1 1.5x, https:\/\/i0.wp.com\/www.akehedman.se\/wordpress\/wp-content\/uploads\/2024\/08\/MED9FE972C42A944F2E809285E450F73DF9_20240705084421_w2200_q80.jpg?resize=700%2C400&ssl=1 2x, https:\/\/i0.wp.com\/www.akehedman.se\/wordpress\/wp-content\/uploads\/2024\/08\/MED9FE972C42A944F2E809285E450F73DF9_20240705084421_w2200_q80.jpg?resize=1050%2C600&ssl=1 3x, https:\/\/i0.wp.com\/www.akehedman.se\/wordpress\/wp-content\/uploads\/2024\/08\/MED9FE972C42A944F2E809285E450F73DF9_20240705084421_w2200_q80.jpg?resize=1400%2C800&ssl=1 4x"},"classes":[]}],"jetpack_shortlink":"https:\/\/wp.me\/p68PL2-7aI","_links":{"self":[{"href":"https:\/\/www.akehedman.se\/wordpress\/index.php?rest_route=\/wp\/v2\/posts\/27572","targetHints":{"allow":["GET"]}}],"collection":[{"href":"https:\/\/www.akehedman.se\/wordpress\/index.php?rest_route=\/wp\/v2\/posts"}],"about":[{"href":"https:\/\/www.akehedman.se\/wordpress\/index.php?rest_route=\/wp\/v2\/types\/post"}],"author":[{"embeddable":true,"href":"https:\/\/www.akehedman.se\/wordpress\/index.php?rest_route=\/wp\/v2\/users\/24"}],"replies":[{"embeddable":true,"href":"https:\/\/www.akehedman.se\/wordpress\/index.php?rest_route=%2Fwp%2Fv2%2Fcomments&post=27572"}],"version-history":[{"count":1,"href":"https:\/\/www.akehedman.se\/wordpress\/index.php?rest_route=\/wp\/v2\/posts\/27572\/revisions"}],"predecessor-version":[{"id":27574,"href":"https:\/\/www.akehedman.se\/wordpress\/index.php?rest_route=\/wp\/v2\/posts\/27572\/revisions\/27574"}],"wp:attachment":[{"href":"https:\/\/www.akehedman.se\/wordpress\/index.php?rest_route=%2Fwp%2Fv2%2Fmedia&parent=27572"}],"wp:term":[{"taxonomy":"category","embeddable":true,"href":"https:\/\/www.akehedman.se\/wordpress\/index.php?rest_route=%2Fwp%2Fv2%2Fcategories&post=27572"},{"taxonomy":"post_tag","embeddable":true,"href":"https:\/\/www.akehedman.se\/wordpress\/index.php?rest_route=%2Fwp%2Fv2%2Ftags&post=27572"}],"curies":[{"name":"wp","href":"https:\/\/api.w.org\/{rel}","templated":true}]}}