{"id":27548,"date":"2018-03-13T10:14:46","date_gmt":"2018-03-13T09:14:46","guid":{"rendered":"http:\/\/www.akehedman.se\/wordpress\/?p=27548"},"modified":"2021-10-20T22:19:01","modified_gmt":"2021-10-20T21:19:01","slug":"vinterhelvete","status":"publish","type":"post","link":"https:\/\/www.akehedman.se\/wordpress\/?p=27548","title":{"rendered":"Vinterhelvete"},"content":{"rendered":"<p>B\u00f6rjar dan med att skjutsa ned fru till ol\u00e5tsasjobb och forts\u00e4tter sen med att skotta sn\u00f6. Hon f\u00e5r vara referens till sn\u00f6h\u00f6gsh\u00f6jd f\u00f6rst. S\u00e5dana jobb ing\u00e5r f\u00f6r fruar och flickv\u00e4nner. Men mycket sn\u00f6. Japp, det \u00e4r det.<\/p>\n<p><img data-recalc-dims=\"1\" loading=\"lazy\" decoding=\"async\" class=\"alignnone size-large wp-image-27552\" src=\"https:\/\/i0.wp.com\/www.akehedman.se\/wordpress\/wp-content\/uploads\/2018\/03\/IMG_20180313_081032224-1-1024x576.jpg?resize=580%2C327\" alt=\"\" width=\"580\" height=\"327\" srcset=\"https:\/\/i0.wp.com\/www.akehedman.se\/wordpress\/wp-content\/uploads\/2018\/03\/IMG_20180313_081032224-1.jpg?resize=1024%2C576&amp;ssl=1 1024w, https:\/\/i0.wp.com\/www.akehedman.se\/wordpress\/wp-content\/uploads\/2018\/03\/IMG_20180313_081032224-1.jpg?resize=300%2C169&amp;ssl=1 300w, https:\/\/i0.wp.com\/www.akehedman.se\/wordpress\/wp-content\/uploads\/2018\/03\/IMG_20180313_081032224-1.jpg?resize=768%2C432&amp;ssl=1 768w, https:\/\/i0.wp.com\/www.akehedman.se\/wordpress\/wp-content\/uploads\/2018\/03\/IMG_20180313_081032224-1.jpg?resize=500%2C281&amp;ssl=1 500w, https:\/\/i0.wp.com\/www.akehedman.se\/wordpress\/wp-content\/uploads\/2018\/03\/IMG_20180313_081032224-1.jpg?w=1160&amp;ssl=1 1160w, https:\/\/i0.wp.com\/www.akehedman.se\/wordpress\/wp-content\/uploads\/2018\/03\/IMG_20180313_081032224-1.jpg?w=1740&amp;ssl=1 1740w\" sizes=\"auto, (max-width: 580px) 100vw, 580px\" \/><\/p>\n<p>Nu f\u00e5r det r\u00e4cka snart. Man t\u00e4nker s\u00e5 n\u00e4r man st\u00e5r d\u00e4r och skottar. K\u00e5ta sm\u00e5f\u00e5glar kvittrar frenetiskt i tr\u00e4den. jag stannar och lyssnar. Uppskattar. Hade det varit grannen hade det inte varit lika vackert. Det \u00e4r olika.<\/p>\n<p><img data-recalc-dims=\"1\" loading=\"lazy\" decoding=\"async\" class=\"alignnone size-large wp-image-27553\" src=\"https:\/\/i0.wp.com\/www.akehedman.se\/wordpress\/wp-content\/uploads\/2018\/03\/IMG_20180313_082533055_HDR-1024x576.jpg?resize=580%2C327\" alt=\"\" width=\"580\" height=\"327\" srcset=\"https:\/\/i0.wp.com\/www.akehedman.se\/wordpress\/wp-content\/uploads\/2018\/03\/IMG_20180313_082533055_HDR.jpg?resize=1024%2C576&amp;ssl=1 1024w, https:\/\/i0.wp.com\/www.akehedman.se\/wordpress\/wp-content\/uploads\/2018\/03\/IMG_20180313_082533055_HDR.jpg?resize=300%2C169&amp;ssl=1 300w, https:\/\/i0.wp.com\/www.akehedman.se\/wordpress\/wp-content\/uploads\/2018\/03\/IMG_20180313_082533055_HDR.jpg?resize=768%2C432&amp;ssl=1 768w, https:\/\/i0.wp.com\/www.akehedman.se\/wordpress\/wp-content\/uploads\/2018\/03\/IMG_20180313_082533055_HDR.jpg?resize=500%2C281&amp;ssl=1 500w, https:\/\/i0.wp.com\/www.akehedman.se\/wordpress\/wp-content\/uploads\/2018\/03\/IMG_20180313_082533055_HDR.jpg?w=1160&amp;ssl=1 1160w, https:\/\/i0.wp.com\/www.akehedman.se\/wordpress\/wp-content\/uploads\/2018\/03\/IMG_20180313_082533055_HDR.jpg?w=1740&amp;ssl=1 1740w\" sizes=\"auto, (max-width: 580px) 100vw, 580px\" \/><\/p>\n<p>Men tittar man p\u00e5 prognoserna s\u00e5 ser det inte ut som den h\u00e4r vintern v\u00e4nder \u00e4n p\u00e5 ett tag, Ingen v\u00e5r i sikte \u00e5tminstone fram till den 22&#8217;a enligt prognoserna. Det \u00e4r sv\u00e5rt att t\u00e4nka sig att bj\u00f6rkarna sl\u00e5r ut om tv\u00e5 m\u00e5nader. Allt det h\u00e4r skall sm\u00e4lta och forslas bort av b\u00e4ckar och vattendrag innan dess. H\u00f6r jag meteorologer f\u00f6rbereda &#8220;h\u00f6ga fl\u00f6den&#8221; varningar?<\/p>\n<p>P\u00e5 de lokala nyheterna pekas Ljusdal ut som l\u00e4nets s\u00e4msta kommun n\u00e4r det g\u00e4ller beh\u00f6riga l\u00e4rare i skolan. 55.0% av l\u00e4rarna \u00e4r beh\u00f6riga. N\u00e4sta steg \u00e4r att lyfta fram Los d\u00e5 som s\u00e4mst i klassen med 42.7% beh\u00f6riga l\u00e4rare. Fast man d\u00e5 inte ens \u00e4r s\u00e4mst i klassen.<\/p>\n<p>En intressantare siffra \u00e4n om l\u00e4rarna har l\u00e4rarlegitimation \u00e4r om barnen l\u00e4r sig n\u00e5got. Det m\u00e5ste \u00e4nd\u00e5 vara det som \u00e4r det viktiga, ja hela grejen med en skola. Ja jag \u00e4r ju inte riktigt klok men det d\u00e4r \u00e4r jag ganska s\u00e4ker p\u00e5. Att det \u00e4r s\u00e5.<\/p>\n<p>Siffrorna f\u00f6r Ljusdal ser ut s\u00e5h\u00e4r<\/p>\n<ul>\n<li>B\u00e5tbacken 29.6%<\/li>\n<li>Emilia?skolan Hybo 39.3%<\/li>\n<li>Fri?skolan Vintergatan 65.2%<\/li>\n<li>F\u00e4rila skola 60.4%<\/li>\n<li>G\u00e4rde\u00e5s?skolan 69.0%<\/li>\n<li>Los skola 42.7%<\/li>\n<li>Nybo skola 65.1%<\/li>\n<li>Stenhamre?skolan 55.7%<\/li>\n<li>Tallbacken 42.7%<\/li>\n<li>Tall\u00e5sens skola 43.5%<\/li>\n<li>\u00d6je?skolan 58.3%<\/li>\n<\/ul>\n<p>Intressant \u00e4r att om man tittar p\u00e5 vilka skolor som har k\u00f6er, allts\u00e5 fler elever som vill g\u00e5 d\u00e4r \u00e4n som kan g\u00e5 d\u00e4r, s\u00e5 \u00e4r det p\u00e5 skolorna med l\u00e4gst l\u00e4rarbeh\u00f6righet.\u00a0 \u00c4r inte det ett ganska intressant faktum.\u00a0 Dumma f\u00f6r\u00e4ldrar. Dumma barn. Troligen&#8230;<\/p>\n<p>Allts\u00e5. En professor (en symbolperson f\u00f6r utbildad person) \u00e4r inte kunnigare \u00e4n n\u00e5gon annan f\u00f6r att hen \u00e4r professor. Det handlar om vad hen kan, hur hen kan f\u00e5 ut det hen kan, hur hen kom dit till den d\u00e4r positionen. Titeln s\u00e4ger inte ett skit om det. Det professorn g\u00f6r, publicerar, l\u00e4r ut, g\u00f6r d\u00e4remot det.<\/p>\n<p>Fast vem orkar argumentera i den d\u00e4r infekterade debatten. L\u00e4rare har mist friheten, loven, sj\u00e4lvbest\u00e4mmandet. Deras fack har hejat p\u00e5 det d\u00e4r. Allt f\u00f6r mer pengar i pl\u00e5nboken. Nu \u00e4r l\u00e4rarjobbet n\u00e4stan bara som vilket skitjobb som helst p\u00e5 vilken stor industri som helst d\u00e4r likformighet \u00e4r viktigare \u00e4n bra pedagogik och arbetsgl\u00e4dje och utveckling.<\/p>\n<p>Jo jag tror p\u00e5 utbildning. Utbildning \u00e4r nyckeln. Men den m\u00e5ste inte bara ske i skolan. Tjugofem \u00e5r p\u00e5 en arbetsplats ger ocks\u00e5 kunskap och f\u00e4rdigheter. Praktiska erfarenheter m\u00e5ste j\u00e4mst\u00e4llas med teoretiska.<\/p>\n<p>Fast G\u00e4sp!<\/p>\n<p>Nu. L\u00e5tsasjobb. P\u00e5 riktigt.<\/p>\n","protected":false},"excerpt":{"rendered":"<p>B\u00f6rjar dan med att skjutsa ned fru till ol\u00e5tsasjobb och forts\u00e4tter sen med att skotta sn\u00f6. Hon f\u00e5r vara referens till sn\u00f6h\u00f6gsh\u00f6jd f\u00f6rst. S\u00e5dana jobb ing\u00e5r f\u00f6r fruar och flickv\u00e4nner. Men mycket sn\u00f6. Japp, det \u00e4r det. Nu f\u00e5r det r\u00e4cka snart. Man t\u00e4nker s\u00e5 n\u00e4r man st\u00e5r d\u00e4r och skottar. K\u00e5ta sm\u00e5f\u00e5glar kvittrar frenetiskt [&hellip;]<\/p>\n","protected":false},"author":24,"featured_media":0,"comment_status":"open","ping_status":"open","sticky":false,"template":"","format":"standard","meta":{"_crdt_document":"","jetpack_post_was_ever_published":false,"_jetpack_newsletter_access":"","_jetpack_dont_email_post_to_subs":false,"_jetpack_newsletter_tier_id":0,"_jetpack_memberships_contains_paywalled_content":false,"_jetpack_memberships_contains_paid_content":false,"footnotes":"","jetpack_publicize_message":"","jetpack_publicize_feature_enabled":true,"jetpack_social_post_already_shared":true,"jetpack_social_options":{"image_generator_settings":{"template":"highway","default_image_id":0,"font":"","enabled":false},"version":2}},"categories":[24],"tags":[],"class_list":["post-27548","post","type-post","status-publish","format-standard","hentry","category-betraktelser"],"jetpack_publicize_connections":[],"jetpack_featured_media_url":"","jetpack_sharing_enabled":true,"jetpack_likes_enabled":true,"jetpack-related-posts":[{"id":10502,"url":"https:\/\/www.akehedman.se\/wordpress\/?p=10502","url_meta":{"origin":27548,"position":0},"title":"S\u00f6mnl\u00f6st","author":"\u00c5ke Hedman","date":"2013-10-14","format":false,"excerpt":"Sover d\u00e5ligt i natt. F\u00f6rst kan jag inte somna p\u00e5 flera timmar och sen vaknar jag alldeles kallsvettig och naturligtvis g\u00e5r det inte att somna om efter det heller. S\u00e5 nu sitter man h\u00e4r nedkommen till kontoret sent och som en tr\u00f6tt kodare. Bara hoppas att te \u00e5terst\u00e4ller en viss\u2026","rel":"","context":"In &quot;Betraktelser &amp; Ber\u00e4ttelse&quot;","block_context":{"text":"Betraktelser &amp; Ber\u00e4ttelse","link":"https:\/\/www.akehedman.se\/wordpress\/?cat=24"},"img":{"alt_text":"IMG_20130920_181716","src":"https:\/\/i0.wp.com\/www.eurosource.se\/akhe\/wordpress\/wp-content\/uploads\/2013\/09\/IMG_20130920_181716-1024x768.jpg?resize=350%2C200","width":350,"height":200,"srcset":"https:\/\/i0.wp.com\/www.eurosource.se\/akhe\/wordpress\/wp-content\/uploads\/2013\/09\/IMG_20130920_181716-1024x768.jpg?resize=350%2C200 1x, https:\/\/i0.wp.com\/www.eurosource.se\/akhe\/wordpress\/wp-content\/uploads\/2013\/09\/IMG_20130920_181716-1024x768.jpg?resize=525%2C300 1.5x"},"classes":[]},{"id":34281,"url":"https:\/\/www.akehedman.se\/wordpress\/?p=34281","url_meta":{"origin":27548,"position":1},"title":"S\u00e5 m\u00e5nga g\u00e5nger","author":"\u00c5ke Hedman","date":"2020-01-27","format":false,"excerpt":"Det h\u00f6r inte till vanligheterna att man g\u00e5r ut p\u00e5 kv\u00e4llen den tjugosjunde januari och det regnar ute. Ovanligt rent utav. Det b\u00f6rjar till och med bli s\u00e5 att en stor del av sn\u00f6n h\u00e4r p\u00e5 kullen nu \u00e4r borta. Lite aprilk\u00e4nsla \u00e4r det allt fast utan v\u00e5rlig sm\u00e5f\u00e5gels\u00e5ng och\u2026","rel":"","context":"In &quot;Betraktelser &amp; Ber\u00e4ttelse&quot;","block_context":{"text":"Betraktelser &amp; Ber\u00e4ttelse","link":"https:\/\/www.akehedman.se\/wordpress\/?cat=24"},"img":{"alt_text":"","src":"https:\/\/i0.wp.com\/www.akehedman.se\/wordpress\/wp-content\/uploads\/2020\/01\/Screenshot-from-2020-01-27-20-46-11.png?resize=350%2C200&ssl=1","width":350,"height":200,"srcset":"https:\/\/i0.wp.com\/www.akehedman.se\/wordpress\/wp-content\/uploads\/2020\/01\/Screenshot-from-2020-01-27-20-46-11.png?resize=350%2C200&ssl=1 1x, https:\/\/i0.wp.com\/www.akehedman.se\/wordpress\/wp-content\/uploads\/2020\/01\/Screenshot-from-2020-01-27-20-46-11.png?resize=525%2C300&ssl=1 1.5x, https:\/\/i0.wp.com\/www.akehedman.se\/wordpress\/wp-content\/uploads\/2020\/01\/Screenshot-from-2020-01-27-20-46-11.png?resize=700%2C400&ssl=1 2x, https:\/\/i0.wp.com\/www.akehedman.se\/wordpress\/wp-content\/uploads\/2020\/01\/Screenshot-from-2020-01-27-20-46-11.png?resize=1050%2C600&ssl=1 3x"},"classes":[]},{"id":11806,"url":"https:\/\/www.akehedman.se\/wordpress\/?p=11806","url_meta":{"origin":27548,"position":2},"title":"Sk\u00e5nev\u00e4der och mor\u00f6tter","author":"\u00c5ke Hedman","date":"2014-01-28","format":false,"excerpt":"Jag kan \u00e4nd\u00e5 inte l\u00e5ta bli att le lite n\u00e4r jag \u00e4ntrar kontoret h\u00e4r p\u00e5 morgonen med tekoppen i handen. F\u00f6rkyld s\u00e5 in i helskotta \u00e4r jag, det \u00e4r n\u00e4stan soffa + t\u00e4cke + bok + film l\u00e4ge och ute \u00e4r det rena sk\u00e5nevintern, ni vet en s\u00e5dan d\u00e4r med\u2026","rel":"","context":"In &quot;Betraktelser &amp; Ber\u00e4ttelse&quot;","block_context":{"text":"Betraktelser &amp; Ber\u00e4ttelse","link":"https:\/\/www.akehedman.se\/wordpress\/?cat=24"},"img":{"alt_text":"morot","src":"https:\/\/i0.wp.com\/www.eurosource.se\/akhe\/wordpress\/wp-content\/uploads\/2014\/01\/morot.jpg?resize=350%2C200","width":350,"height":200},"classes":[]},{"id":36373,"url":"https:\/\/www.akehedman.se\/wordpress\/?p=36373","url_meta":{"origin":27548,"position":3},"title":"Sn\u00f6","author":"\u00c5ke Hedman","date":"2020-10-08","format":false,"excerpt":"Fruktansv\u00e4rt sn\u00f6ov\u00e4der \u00f6ver kullen. Ja man skulle kunna skriva s\u00e5. Jag har aldrig lovat att skriva bara sanningen h\u00e4r p\u00e5 bloggen. Ja om man vill g\u00f6ra sig m\u00e4rkv\u00e4rdig allts\u00e5. Men har ingen lust med det. \u00c5tminstone inte idag. Nej, det sn\u00f6ar inte. Bara ett \u00e4kta h\u00f6stregn faller d\u00e4r ute som\u2026","rel":"","context":"In &quot;Betraktelser &amp; Ber\u00e4ttelse&quot;","block_context":{"text":"Betraktelser &amp; Ber\u00e4ttelse","link":"https:\/\/www.akehedman.se\/wordpress\/?cat=24"},"img":{"alt_text":"","src":"https:\/\/i0.wp.com\/www.akehedman.se\/wordpress\/wp-content\/uploads\/2020\/10\/IMG_20171025_145050603-EFFECTS.jpg?resize=350%2C200&ssl=1","width":350,"height":200,"srcset":"https:\/\/i0.wp.com\/www.akehedman.se\/wordpress\/wp-content\/uploads\/2020\/10\/IMG_20171025_145050603-EFFECTS.jpg?resize=350%2C200&ssl=1 1x, https:\/\/i0.wp.com\/www.akehedman.se\/wordpress\/wp-content\/uploads\/2020\/10\/IMG_20171025_145050603-EFFECTS.jpg?resize=525%2C300&ssl=1 1.5x"},"classes":[]},{"id":6176,"url":"https:\/\/www.akehedman.se\/wordpress\/?p=6176","url_meta":{"origin":27548,"position":4},"title":"R\u00f6r inte mina r\u00f6r eller jo&#8230;","author":"\u00c5ke Hedman","date":"2013-03-25","format":false,"excerpt":"P\u00e5 onsdag \u00e4r det fullm\u00e5ne. Men bl\u00e5ljuset var \u00f6ver oss redan ig\u00e5r natt. Sjuk som jag \u00e4r s\u00e5 kunde jag inte helt uppskatta det. Men jag s\u00e5g det och det var starkt. Starkare \u00e4n det brukar vara den h\u00e4r tiden p\u00e5 \u00e5ret. Men med en halv meter sn\u00f6 och v\u00e4ldigt\u2026","rel":"","context":"In &quot;Betraktelser &amp; Ber\u00e4ttelse&quot;","block_context":{"text":"Betraktelser &amp; Ber\u00e4ttelse","link":"https:\/\/www.akehedman.se\/wordpress\/?cat=24"},"img":{"alt_text":"IMG_06851-560x304","src":"https:\/\/i0.wp.com\/www.eurosource.se\/akhe\/wordpress\/wp-content\/uploads\/2013\/03\/IMG_06851-560x304.jpg?resize=350%2C200","width":350,"height":200,"srcset":"https:\/\/i0.wp.com\/www.eurosource.se\/akhe\/wordpress\/wp-content\/uploads\/2013\/03\/IMG_06851-560x304.jpg?resize=350%2C200 1x, https:\/\/i0.wp.com\/www.eurosource.se\/akhe\/wordpress\/wp-content\/uploads\/2013\/03\/IMG_06851-560x304.jpg?resize=525%2C300 1.5x"},"classes":[]},{"id":11482,"url":"https:\/\/www.akehedman.se\/wordpress\/?p=11482","url_meta":{"origin":27548,"position":5},"title":"Att inte hata","author":"\u00c5ke Hedman","date":"2013-12-21","format":false,"excerpt":"En domherre flyger in i rutan med en sm\u00e4ll. Jag h\u00f6r det p\u00e5 l\u00e5ngt avst\u00e5nd. Sen ligger den utslagen d\u00e4r i sn\u00f6n. Vardagsdramatik uppe p\u00e5 en kulle i Los. Den f\u00f6rsta reaktionen \u00e4r att g\u00e5 ut och ta r\u00e4tt p\u00e5 den men det \u00e4r b\u00e4ttre att l\u00e5ta den ligga. Inte\u2026","rel":"","context":"In &quot;Betraktelser &amp; Ber\u00e4ttelse&quot;","block_context":{"text":"Betraktelser &amp; Ber\u00e4ttelse","link":"https:\/\/www.akehedman.se\/wordpress\/?cat=24"},"img":{"alt_text":"download (2)","src":"https:\/\/i0.wp.com\/www.akehedman.se\/wordpress\/wp-content\/uploads\/2013\/12\/download-2.jpg?resize=350%2C200","width":350,"height":200},"classes":[]}],"jetpack_shortlink":"https:\/\/wp.me\/p68PL2-7ak","_links":{"self":[{"href":"https:\/\/www.akehedman.se\/wordpress\/index.php?rest_route=\/wp\/v2\/posts\/27548","targetHints":{"allow":["GET"]}}],"collection":[{"href":"https:\/\/www.akehedman.se\/wordpress\/index.php?rest_route=\/wp\/v2\/posts"}],"about":[{"href":"https:\/\/www.akehedman.se\/wordpress\/index.php?rest_route=\/wp\/v2\/types\/post"}],"author":[{"embeddable":true,"href":"https:\/\/www.akehedman.se\/wordpress\/index.php?rest_route=\/wp\/v2\/users\/24"}],"replies":[{"embeddable":true,"href":"https:\/\/www.akehedman.se\/wordpress\/index.php?rest_route=%2Fwp%2Fv2%2Fcomments&post=27548"}],"version-history":[{"count":2,"href":"https:\/\/www.akehedman.se\/wordpress\/index.php?rest_route=\/wp\/v2\/posts\/27548\/revisions"}],"predecessor-version":[{"id":40090,"href":"https:\/\/www.akehedman.se\/wordpress\/index.php?rest_route=\/wp\/v2\/posts\/27548\/revisions\/40090"}],"wp:attachment":[{"href":"https:\/\/www.akehedman.se\/wordpress\/index.php?rest_route=%2Fwp%2Fv2%2Fmedia&parent=27548"}],"wp:term":[{"taxonomy":"category","embeddable":true,"href":"https:\/\/www.akehedman.se\/wordpress\/index.php?rest_route=%2Fwp%2Fv2%2Fcategories&post=27548"},{"taxonomy":"post_tag","embeddable":true,"href":"https:\/\/www.akehedman.se\/wordpress\/index.php?rest_route=%2Fwp%2Fv2%2Ftags&post=27548"}],"curies":[{"name":"wp","href":"https:\/\/api.w.org\/{rel}","templated":true}]}}