{"id":27530,"date":"2018-03-12T11:24:34","date_gmt":"2018-03-12T10:24:34","guid":{"rendered":"http:\/\/www.akehedman.se\/wordpress\/?p=27530"},"modified":"2018-03-12T11:24:34","modified_gmt":"2018-03-12T10:24:34","slug":"domen-mot-fikru-maru-skjuts-upp-p4-gavleborg-sveriges-radio","status":"publish","type":"post","link":"https:\/\/www.akehedman.se\/wordpress\/?p=27530","title":{"rendered":"Domen mot Fikru Maru skjuts upp &#8211; P4 G\u00e4vleborg | Sveriges Radio"},"content":{"rendered":"<blockquote><p>Allts\u00e5, det d\u00e4r landet!!!<\/p>\n<p><a href=\"http:\/\/sverigesradio.se\/sida\/artikel.aspx?programid=83&amp;artikel=6904892\"><img data-recalc-dims=\"1\" decoding=\"async\" class=\"alignnone size-full\" src=\"https:\/\/i0.wp.com\/www.akehedman.se\/wordpress\/wp-content\/uploads\/2018\/03\/3342862_612_344.jpg?w=580\" alt=\"\" \/><\/a><\/p>\n<p>Domen\u00a0mot hj\u00e4rtl\u00e4karen Fikru Maru, fr\u00e5n Hudiksvall, som har suttit h\u00e4ktad i Etiopien i fyra \u00e5r och tio m\u00e5nader, \u00e4r skjuten p\u00e5 framtiden, erfar Ekot.<\/p><\/blockquote>\n<p>Source: <em><a href=\"http:\/\/sverigesradio.se\/sida\/artikel.aspx?programid=99&amp;artikel=6904892\">Domen mot Fikru Maru skjuts upp &#8211; P4 G\u00e4vleborg | Sveriges Radio<\/a><\/em><\/p>\n","protected":false},"excerpt":{"rendered":"<p>Allts\u00e5, det d\u00e4r landet!!! Domen\u00a0mot hj\u00e4rtl\u00e4karen Fikru Maru, fr\u00e5n Hudiksvall, som har suttit h\u00e4ktad i Etiopien i fyra \u00e5r och tio m\u00e5nader, \u00e4r skjuten p\u00e5 framtiden, erfar Ekot. Source: Domen mot Fikru Maru skjuts upp &#8211; P4 G\u00e4vleborg | Sveriges Radio<\/p>\n","protected":false},"author":24,"featured_media":0,"comment_status":"open","ping_status":"open","sticky":false,"template":"","format":"standard","meta":{"_crdt_document":"","jetpack_post_was_ever_published":false,"_jetpack_newsletter_access":"","_jetpack_dont_email_post_to_subs":false,"_jetpack_newsletter_tier_id":0,"_jetpack_memberships_contains_paywalled_content":false,"_jetpack_memberships_contains_paid_content":false,"footnotes":"","jetpack_publicize_message":"","jetpack_publicize_feature_enabled":true,"jetpack_social_post_already_shared":true,"jetpack_social_options":{"image_generator_settings":{"template":"highway","default_image_id":0,"font":"","enabled":false},"version":2}},"categories":[2],"tags":[],"class_list":["post-27530","post","type-post","status-publish","format-standard","hentry","category-swedish"],"jetpack_publicize_connections":[],"jetpack_featured_media_url":"","jetpack_sharing_enabled":true,"jetpack_likes_enabled":true,"jetpack-related-posts":[{"id":28430,"url":"https:\/\/www.akehedman.se\/wordpress\/?p=28430","url_meta":{"origin":27530,"position":0},"title":"Fikru Maru har sl\u00e4ppts &#8211; P4 G\u00e4vleborg | Sveriges Radio","author":"\u00c5ke Hedman","date":"2018-05-15","format":false,"excerpt":"Goda nyheter! Source: Fikru Maru har sl\u00e4ppts - P4 G\u00e4vleborg | Sveriges Radio","rel":"","context":"In &quot;Swedish&quot;","block_context":{"text":"Swedish","link":"https:\/\/www.akehedman.se\/wordpress\/?cat=2"},"img":{"alt_text":"","src":"","width":0,"height":0},"classes":[]},{"id":28372,"url":"https:\/\/www.akehedman.se\/wordpress\/?p=28372","url_meta":{"origin":27530,"position":1},"title":"\u00c4NTLIGEN! HURRA!","author":"\u00c5ke Hedman","date":"2018-05-11","format":false,"excerpt":"Source: Fikru Maru ska sl\u00e4ppas fri - P4 G\u00e4vleborg | Sveriges Radio","rel":"","context":"In &quot;Swedish&quot;","block_context":{"text":"Swedish","link":"https:\/\/www.akehedman.se\/wordpress\/?cat=2"},"img":{"alt_text":"","src":"","width":0,"height":0},"classes":[]},{"id":22416,"url":"https:\/\/www.akehedman.se\/wordpress\/?p=22416","url_meta":{"origin":27530,"position":2},"title":"Demonstration f\u00f6r Fikru Maru \u2013 vi lives\u00e4nder fr\u00e5n Etiopiens ambassad","author":"\u00c5ke Hedman","date":"2016-12-06","format":false,"excerpt":"Utm\u00e4rkt! P\u00e5 tisdagen samlas m\u00e4nniskor utanf\u00f6r Etiopiens ambassad f\u00f6r att demonstrera mot landets behandling av hj\u00e4rtsjuke l\u00e4karen Fikru Maru. Source: Demonstration f\u00f6r Fikru Maru \u2013 vi lives\u00e4nder fr\u00e5n Etiopiens ambassad","rel":"","context":"In &quot;Swedish&quot;","block_context":{"text":"Swedish","link":"https:\/\/www.akehedman.se\/wordpress\/?cat=2"},"img":{"alt_text":"","src":"","width":0,"height":0},"classes":[]},{"id":21749,"url":"https:\/\/www.akehedman.se\/wordpress\/?p=21749","url_meta":{"origin":27530,"position":3},"title":"Ingen dom mot sjuk Fikru Maru &#8211; f\u00f6rr\u00e4n han personligen inst\u00e4ller sig i domstolen","author":"\u00c5ke Hedman","date":"2016-10-06","format":false,"excerpt":"Det h\u00e4r m\u00e5ste ju f\u00f6rfan f\u00e5 en l\u00f6sning snart. Source: Ingen dom mot sjuk Fikru Maru - f\u00f6rr\u00e4n han personligen inst\u00e4ller sig i domstolen","rel":"","context":"In &quot;Swedish&quot;","block_context":{"text":"Swedish","link":"https:\/\/www.akehedman.se\/wordpress\/?cat=2"},"img":{"alt_text":"","src":"","width":0,"height":0},"classes":[]},{"id":23191,"url":"https:\/\/www.akehedman.se\/wordpress\/?p=23191","url_meta":{"origin":27530,"position":4},"title":"Fikru Marus situation togs upp i Davosm\u00f6tet: &#8220;Visa hur allvarligt vi ser p\u00e5 situationen&#8221;","author":"\u00c5ke Hedman","date":"2017-02-02","format":false,"excerpt":"Source: Fikru Marus situation togs upp i Davosm\u00f6tet: \"Visa hur allvarligt vi ser p\u00e5 situationen\"","rel":"","context":"In &quot;Swedish&quot;","block_context":{"text":"Swedish","link":"https:\/\/www.akehedman.se\/wordpress\/?cat=2"},"img":{"alt_text":"","src":"","width":0,"height":0},"classes":[]},{"id":21828,"url":"https:\/\/www.akehedman.se\/wordpress\/?p=21828","url_meta":{"origin":27530,"position":5},"title":"F\u00f6rhandlar om Fikru Maru p\u00e5 h\u00f6gsta niv\u00e5 | SVT Nyheter","author":"\u00c5ke Hedman","date":"2016-10-13","format":false,"excerpt":"\u00c4ntligen! Idag kommenterar statsminister Stefan L\u00f6fv\u00e9n situationen f\u00f6r svenska l\u00e4karen Fikru Maru, som \u00e4r f\u00e4ngslad i Etiopien. Source: F\u00f6rhandlar om Fikru Maru p\u00e5 h\u00f6gsta niv\u00e5 | SVT Nyheter","rel":"","context":"In &quot;Swedish&quot;","block_context":{"text":"Swedish","link":"https:\/\/www.akehedman.se\/wordpress\/?cat=2"},"img":{"alt_text":"","src":"","width":0,"height":0},"classes":[]}],"jetpack_shortlink":"https:\/\/wp.me\/p68PL2-7a2","_links":{"self":[{"href":"https:\/\/www.akehedman.se\/wordpress\/index.php?rest_route=\/wp\/v2\/posts\/27530","targetHints":{"allow":["GET"]}}],"collection":[{"href":"https:\/\/www.akehedman.se\/wordpress\/index.php?rest_route=\/wp\/v2\/posts"}],"about":[{"href":"https:\/\/www.akehedman.se\/wordpress\/index.php?rest_route=\/wp\/v2\/types\/post"}],"author":[{"embeddable":true,"href":"https:\/\/www.akehedman.se\/wordpress\/index.php?rest_route=\/wp\/v2\/users\/24"}],"replies":[{"embeddable":true,"href":"https:\/\/www.akehedman.se\/wordpress\/index.php?rest_route=%2Fwp%2Fv2%2Fcomments&post=27530"}],"version-history":[{"count":1,"href":"https:\/\/www.akehedman.se\/wordpress\/index.php?rest_route=\/wp\/v2\/posts\/27530\/revisions"}],"predecessor-version":[{"id":27532,"href":"https:\/\/www.akehedman.se\/wordpress\/index.php?rest_route=\/wp\/v2\/posts\/27530\/revisions\/27532"}],"wp:attachment":[{"href":"https:\/\/www.akehedman.se\/wordpress\/index.php?rest_route=%2Fwp%2Fv2%2Fmedia&parent=27530"}],"wp:term":[{"taxonomy":"category","embeddable":true,"href":"https:\/\/www.akehedman.se\/wordpress\/index.php?rest_route=%2Fwp%2Fv2%2Fcategories&post=27530"},{"taxonomy":"post_tag","embeddable":true,"href":"https:\/\/www.akehedman.se\/wordpress\/index.php?rest_route=%2Fwp%2Fv2%2Ftags&post=27530"}],"curies":[{"name":"wp","href":"https:\/\/api.w.org\/{rel}","templated":true}]}}