{"id":27365,"date":"2018-03-03T15:12:42","date_gmt":"2018-03-03T14:12:42","guid":{"rendered":"http:\/\/www.akehedman.se\/wordpress\/?p=27365"},"modified":"2018-03-04T16:32:46","modified_gmt":"2018-03-04T15:32:46","slug":"vill-inte-byta","status":"publish","type":"post","link":"https:\/\/www.akehedman.se\/wordpress\/?p=27365","title":{"rendered":"Vill inte byta"},"content":{"rendered":"<p><img data-recalc-dims=\"1\" loading=\"lazy\" decoding=\"async\" class=\"alignnone size-full wp-image-27366\" src=\"https:\/\/i0.wp.com\/www.akehedman.se\/wordpress\/wp-content\/uploads\/2018\/03\/Screenshot-from-2018-03-03-14-36-47.png?resize=580%2C325\" alt=\"\" width=\"580\" height=\"325\" \/><\/p>\n<p>Jag hugger in p\u00e5 den. Tar ett stort bett rakt \u00f6ver. Umami. <a href=\"https:\/\/www.max.se\/sv\/Kampanjer\/Just-nu-pa-Max\/?gclid=CjwKCAiArOnUBRBJEiwAX0rG_cTMajjTx54QnVh-pI96k6k-reZjt9xfsn_n4rWddxYyPq2Cv4-nHhoCzG8QAvD_BwE\">Grand Delux Umami<\/a>. Ja jag \u00e4r v\u00e4rd den. K sitter mitt emot. Hon har en pommes. Bara det. Har \u00e4tit p\u00e5 konferanshotell. Nyss. Orkar ingen Grand Delux Umami.<\/p>\n<p>Jod\u00e5. Den ser inte ut som p\u00e5 bilden. L\u00e5ngt d\u00e4rifr\u00e5n. Men det h\u00e4r \u00e4r i Bolln\u00e4s. Inte i en fotostudio. Jag skulle g\u00e4rna vilja ha lite mer dressing. G\u00e4rna emellan halomiskivorna Men annars s\u00e5. Den g\u00e5r i. Tillsammans med strips och en cola och all papp som man skall kasta efter avslutad m\u00e5ltid symboliserar den v\u00e4l v\u00e4stv\u00e4rldens \u00e5terv\u00e4ndsgr\u00e4nd. Ja ocks\u00e5 s\u00e5h\u00e4r vegetarisk. De k\u00e4nns galet, vansinnigt, tokigt. Klimatkompenserat eller inte.<\/p>\n<p>Men m\u00e4tt blir jag. \u00d6verm\u00e4tt. Men v\u00e4rd den allts\u00e5. Men det kanske bara \u00e4r inbillning. Egentligen. Liksom.<\/p>\n<p>Vid borden bredvid flickor i tretton\u00e5rs\u00e5lderns. Skockar. De kommer n\u00e4stan alltid i skockar i den \u00e5ldern. Det \u00e4r fredag. Man \u00e4r uppspelta. Mer \u00e4n vanligt. Jag h\u00f6r inte vad som s\u00e4gs men kan ana. Det \u00e4r mycket k\u00e4nslor i den \u00e5ldern. \u00c4n har man inte d\u00f6tt inombords och \u00f6verg\u00e5tt helt i d\u00f6d blick och\u00a0 &#8220;TR\u00c5KIGT&#8221;.\u00a0 Ja jag sitter d\u00e4r allts\u00e5 med alla mina \u00e5r. En gubbe. F\u00f6r f\u00f6rsta g\u00e5ngen i mitt liv k\u00e4nner jag att det fan \u00e4r sk\u00f6nt att sitta d\u00e4r och vara den jag \u00e4r, i den \u00e5lder jag \u00e4r, allts\u00e5 ist\u00e4llet f\u00f6r att finnas d\u00e4r i deras \u00e5lder. J\u00e4kla vad mycket de har kvar. S\u00e5 mycket jobbigt. S\u00e5 m\u00e5nga besvikelse. Ja och allt g\u00e5r ju s\u00e5 sakta fram\u00e5t\u00a0 i den d\u00e4r \u00e5ldern. Alla andra har ju hunnit s\u00e5 mycket l\u00e4ngre \u00e4n man sj\u00e4lv har. FRAM\u00c5T. Man vill ha hela v\u00e4rlden. NU!\u00a0 Klara av de d\u00e4r milstolparna. Bli vuxen. JA och s\u00e5 m\u00f6ter man den d\u00e4r v\u00e4rlden. Den bjussar p\u00e5 mycket skit. Massor. Visst mycket gott ocks\u00e5. Massor. Men allt det d\u00e4r jobbiga \u00e4r verkligen jobbigt. Riktigt jobbigt.<\/p>\n<p>Men nu sitter jag allts\u00e5 h\u00e4r som snart pension\u00e4r. Har det mesta av det d\u00e4r bakom mig. Det \u00e4r bara uppn\u00e5dd pensions\u00e5lder och d\u00f6den kvar som h\u00e5llpunkter faktiskt i mitt liv. Alla de andra \u00e4r avklarade. Ja or\u00e4knade f\u00f6rsta hj\u00e4rtattacken, f\u00f6rsta stroken, f\u00f6rsta cancerdiagnosen d\u00e5. Men \u00e4nd\u00e5. Jag jag finner den position jag befinner mig i vara sk\u00f6n. Nope, ville inte byta. Orkar inte ta s\u00e5 mycket skit mer. Blir glad av skockens livslust och fredagsh\u00f6ga mode hur som helst.<\/p>\n<p>Jag h\u00e4mtar K fr\u00e5n konferens allts\u00e5. Biblioteksfolk kan det d\u00e4r med konferenser och klackarna i taket. Kanske. Vad vet jag. &#8220;What happens on tour stays on tour&#8221; s\u00e4ger ju &#8220;vi&#8221; popstj\u00e4rnor. Konferensdeltagande borde v\u00e4l falla under samma paraply.<\/p>\n<p>Fyra pelargoner blir ink\u00f6pta. Kopieringspapper. Firmautgifter. Pelargoner \u00e4r faktiskt avdragsgilla. Tro det eller ej. Nope, inte ens l\u00e5tsasavdragsgilla.<\/p>\n<p>Handling st\u00e5r p\u00e5 schemat. M\u00e5nadshandling. Det skall fyllas upp i sk\u00e5p och hyllor. Har varit v\u00e4ldigt tomt ett tag. JB rusar f\u00f6rbi. Det var l\u00e4nge sedan vi sist s\u00e5gs. Han \u00e4r en oerh\u00f6rt duktig n\u00e4tverkstekniker som jag jobbade med i G\u00e4vle f\u00f6r ganska m\u00e5nga \u00e5r sedan, vi var b\u00e5da l\u00e4rare. Men trotts alla \u00e5r som g\u00e5tt s\u00e5 \u00e4r vi n\u00e4ra. Ja hela g\u00e4nget d\u00e4r p\u00e5 den d\u00e4r skolan k\u00e4nns n\u00e4ra. Jag t\u00e4nker ofta p\u00e5 dem. Vet att de ofta t\u00e4nker p\u00e5 mig ocks\u00e5. Det var n\u00e5got magiskt med st\u00e4mningen d\u00e4r. Jag \u00e4r s\u00e4ker p\u00e5 att det smittade av sig p\u00e5 eleverna ocks\u00e5. Man kan undra hur det blir s\u00e5. Har ju varit p\u00e5 ganska m\u00e5nga arbetsplatser vid det h\u00e4r laget och fr\u00e5n de flesta andra spar man en eller i b\u00e4sta fall tv\u00e5 personer. H\u00e4r \u00e4r det n\u00e4stan hela g\u00e4nget. Konstigt. Glad att ha f\u00e5tt uppleva de d\u00e4r \u00e5ren och l\u00e4ra k\u00e4nna de d\u00e4r m\u00e4nniskorna. En s\u00e5dan d\u00e4r ynnest som livet bjussar p\u00e5 ibland genom att sammanf\u00f6ra konstiga m\u00e4nniskor som liksom pusselbitar passar ihop.<\/p>\n<p>Det \u00e4r bra med JB. Jobbar i Hudiksvall. G\u00f6r storverk d\u00e4r \u00e4r jag helt s\u00e4ker p\u00e5. Han \u00e4r en av de b\u00e4sta p\u00e5 sitt omr\u00e5de. Han rusar hem till sitt. Har sm\u00e5barn. Ett liv.<\/p>\n<p>Ja liv har ju vi ocks\u00e5. Tv\u00e5 fulla kundvagnar drar vi\u00a0 genom kassan, in i bilen och sen vidare v\u00e4sterut. En tanke om att h\u00e4mta hem en lykta fr\u00e5n kyrkog\u00e5rden f\u00e5r vi ge upp. D\u00e4r ligger en meter sn\u00f6. Jag tror nog morsan och farsan urs\u00e4ktar att vi v\u00e4ntar tills de sm\u00e4lter fram igen.<\/p>\n<p>ABS lampan b\u00f6rjar lysa n\u00e5gonstans efter Voxna. Har man en \u00e5terbesiktning framf\u00f6r sig \u00e4r det inte ett gl\u00e4djens besked. Men man f\u00e5r v\u00e4l hoppas att den slocknar. Det har h\u00e4nt f\u00f6rr. En g\u00e5ng p\u00e5 v\u00e4g till just en \u00e5terbesiktning.<\/p>\n<p>Hemma sjunker vi ner i soffan. Mer blir det inte. Mer beh\u00f6vs inte. Det \u00e4r sk\u00f6nt att vara en ganska gammal man med f\u00e5 krav p\u00e5 sig. Ocks\u00e5 en s\u00e5dan insikt, att livet \u00e4r gott, trotts bristen p\u00e5 fina titlar och priser, \u00e4r en g\u00e5va. Kanske den st\u00f6rsta. F\u00f6rn\u00f6jsamhet. Jo man kan vilja saker \u00e4nd\u00e5. Allts\u00e5 utan att vara missn\u00f6jd med det man har. En hel hop m\u00e4nniskor kommer aldrig fatta det d\u00e4r. Jag kan tyv\u00e4rr inte hj\u00e4lpa en enda av dem.<\/p>\n<p>&nbsp;<\/p>\n<p>&nbsp;<\/p>\n","protected":false},"excerpt":{"rendered":"<p>Jag hugger in p\u00e5 den. Tar ett stort bett rakt \u00f6ver. Umami. Grand Delux Umami. Ja jag \u00e4r v\u00e4rd den. K sitter mitt emot. Hon har en pommes. Bara det. Har \u00e4tit p\u00e5 konferanshotell. Nyss. Orkar ingen Grand Delux Umami. Jod\u00e5. Den ser inte ut som p\u00e5 bilden. L\u00e5ngt d\u00e4rifr\u00e5n. Men det h\u00e4r \u00e4r i [&hellip;]<\/p>\n","protected":false},"author":24,"featured_media":0,"comment_status":"open","ping_status":"open","sticky":false,"template":"","format":"standard","meta":{"_crdt_document":"","jetpack_post_was_ever_published":false,"_jetpack_newsletter_access":"","_jetpack_dont_email_post_to_subs":false,"_jetpack_newsletter_tier_id":0,"_jetpack_memberships_contains_paywalled_content":false,"_jetpack_memberships_contains_paid_content":false,"footnotes":"","jetpack_publicize_message":"","jetpack_publicize_feature_enabled":true,"jetpack_social_post_already_shared":true,"jetpack_social_options":{"image_generator_settings":{"template":"highway","default_image_id":0,"font":"","enabled":false},"version":2}},"categories":[24],"tags":[],"class_list":["post-27365","post","type-post","status-publish","format-standard","hentry","category-betraktelser"],"jetpack_publicize_connections":[],"jetpack_featured_media_url":"","jetpack_sharing_enabled":true,"jetpack_likes_enabled":true,"jetpack-related-posts":[{"id":28377,"url":"https:\/\/www.akehedman.se\/wordpress\/?p=28377","url_meta":{"origin":27365,"position":0},"title":"Senast l\u00e4sta bok","author":"\u00c5ke Hedman","date":"2018-05-13","format":false,"excerpt":"\u00a0 Sotarens pojke av Barbara Vine Finns det inga b\u00f6cker i \"skall l\u00e4sa h\u00f6gen\" s\u00e5 f\u00e5r man hugga en ur bokhyllan. Sv\u00e5rt. Det mesta har man l\u00e4st. Men det finns \u00e4nd\u00e5 en hel del som bara K har l\u00e4st. Helst vill man allts\u00e5\u00a0 hitta en s\u00e5dan bok. Ja och det\u2026","rel":"","context":"In &quot;B\u00f6cker&quot;","block_context":{"text":"B\u00f6cker","link":"https:\/\/www.akehedman.se\/wordpress\/?cat=13"},"img":{"alt_text":"","src":"https:\/\/i0.wp.com\/www.akehedman.se\/wordpress\/wp-content\/uploads\/2018\/05\/IMG_20180513_095128227-576x1024.jpg?resize=350%2C200","width":350,"height":200,"srcset":"https:\/\/i0.wp.com\/www.akehedman.se\/wordpress\/wp-content\/uploads\/2018\/05\/IMG_20180513_095128227-576x1024.jpg?resize=350%2C200 1x, https:\/\/i0.wp.com\/www.akehedman.se\/wordpress\/wp-content\/uploads\/2018\/05\/IMG_20180513_095128227-576x1024.jpg?resize=525%2C300 1.5x"},"classes":[]},{"id":15126,"url":"https:\/\/www.akehedman.se\/wordpress\/?p=15126","url_meta":{"origin":27365,"position":1},"title":"Men vad skulle det g\u00f6ra mig till f\u00f6r slags m\u00e4nniska?","author":"\u00c5ke Hedman","date":"2014-10-17","format":false,"excerpt":"\u00c4r ner till aff\u00e4ren idag. Japp med visst besv\u00e4r skall erk\u00e4nnas. Bilen vill definitivt inte starta. Ni som har l\u00e4st de h\u00e4r sidorna f\u00f6rut minns min gl\u00e4dje \u00f6ver att ha fixat felet p\u00e5 den f\u00f6rra helgen. Jag misstr\u00f6star. Men jag \u00e4r inte den som ger upp. Japp br\u00e4nslem\u00e4taren har pekat\u2026","rel":"","context":"In &quot;Betraktelser &amp; Ber\u00e4ttelse&quot;","block_context":{"text":"Betraktelser &amp; Ber\u00e4ttelse","link":"https:\/\/www.akehedman.se\/wordpress\/?cat=24"},"img":{"alt_text":"sadesarla","src":"https:\/\/i0.wp.com\/www.eurosource.se\/akhe\/wordpress\/wp-content\/uploads\/2013\/08\/sadesarla.jpg?resize=350%2C200","width":350,"height":200,"srcset":"https:\/\/i0.wp.com\/www.eurosource.se\/akhe\/wordpress\/wp-content\/uploads\/2013\/08\/sadesarla.jpg?resize=350%2C200 1x, https:\/\/i0.wp.com\/www.eurosource.se\/akhe\/wordpress\/wp-content\/uploads\/2013\/08\/sadesarla.jpg?resize=525%2C300 1.5x"},"classes":[]},{"id":41472,"url":"https:\/\/www.akehedman.se\/wordpress\/?p=41472","url_meta":{"origin":27365,"position":2},"title":"Sj\u00e4lva k\u00e4rnan","author":"\u00c5ke Hedman","date":"2022-03-08","format":false,"excerpt":"Det blir liksom inte s\u00e5 mycket p\u00e5 \"riktigt\" idag. F\u00f6rst H\u00e4lsingetoppen, sen ljudkortet. Har inte tid med n\u00e5gon av dom d\u00e4r men det blir s\u00e5 \u00e4nd\u00e5. Just det d\u00e4r med H\u00e4lsingetoppen har jag funderat p\u00e5 l\u00e4nge. Jod\u00e5 trotts att man sj\u00e4lv f\u00f6r evigt har en plats d\u00e4r bland bottenskrapet. Nope\u2026","rel":"","context":"In &quot;Betraktelser &amp; Ber\u00e4ttelse&quot;","block_context":{"text":"Betraktelser &amp; Ber\u00e4ttelse","link":"https:\/\/www.akehedman.se\/wordpress\/?cat=24"},"img":{"alt_text":"","src":"https:\/\/i0.wp.com\/www.akehedman.se\/wordpress\/wp-content\/uploads\/2022\/03\/1646738059275.jpeg?resize=350%2C200&ssl=1","width":350,"height":200,"srcset":"https:\/\/i0.wp.com\/www.akehedman.se\/wordpress\/wp-content\/uploads\/2022\/03\/1646738059275.jpeg?resize=350%2C200&ssl=1 1x, https:\/\/i0.wp.com\/www.akehedman.se\/wordpress\/wp-content\/uploads\/2022\/03\/1646738059275.jpeg?resize=525%2C300&ssl=1 1.5x, https:\/\/i0.wp.com\/www.akehedman.se\/wordpress\/wp-content\/uploads\/2022\/03\/1646738059275.jpeg?resize=700%2C400&ssl=1 2x"},"classes":[]},{"id":22875,"url":"https:\/\/www.akehedman.se\/wordpress\/?p=22875","url_meta":{"origin":27365,"position":3},"title":"M\u00e5nen och uberperspektiv.","author":"\u00c5ke Hedman","date":"2017-01-13","format":false,"excerpt":"Klockan \u00e4r inte halv \u00e5tta \u00e4nnu. Kaffet puttrar p\u00e5 i den gamle kaffebryggaren jag \u00e4rvde efter systrarna i T\u00e4by, fastrar, \u00e4lskade, de som \u00e4lskade tillbaks, fanns d\u00e4r, som tog in K i sl\u00e4ktgemenskapen med en sj\u00e4lvklarhet utan fr\u00e5getecken, best\u00e4mde vad hon skulle ha som sitt, och gav men aldrig tog,\u2026","rel":"","context":"In &quot;Betraktelser &amp; Ber\u00e4ttelse&quot;","block_context":{"text":"Betraktelser &amp; Ber\u00e4ttelse","link":"https:\/\/www.akehedman.se\/wordpress\/?cat=24"},"img":{"alt_text":"","src":"https:\/\/i0.wp.com\/www.akehedman.se\/wordpress\/wp-content\/uploads\/2017\/01\/20170113_073242-e1484289841434-576x1024.jpg?resize=350%2C200","width":350,"height":200,"srcset":"https:\/\/i0.wp.com\/www.akehedman.se\/wordpress\/wp-content\/uploads\/2017\/01\/20170113_073242-e1484289841434-576x1024.jpg?resize=350%2C200 1x, https:\/\/i0.wp.com\/www.akehedman.se\/wordpress\/wp-content\/uploads\/2017\/01\/20170113_073242-e1484289841434-576x1024.jpg?resize=525%2C300 1.5x"},"classes":[]},{"id":10889,"url":"https:\/\/www.akehedman.se\/wordpress\/?p=10889","url_meta":{"origin":27365,"position":4},"title":"Stockholmsl\u00e4ngtan","author":"\u00c5ke Hedman","date":"2013-11-11","format":false,"excerpt":"Greps av en otrolig Stockholmsl\u00e4ngtan ig\u00e5r. Det beh\u00f6vs bara bilder p\u00e5 en av stadens gator den h\u00e4r tiden p\u00e5 \u00e5ret f\u00f6r att det skall b\u00f6rja suga till i mig av sv\u00e5rsl\u00e4ckt l\u00e4ngtan efter storstadspuls. Varf\u00f6r den kommer \u00f6ver mig p\u00e5 h\u00f6sten \u00e4r l\u00e4tt att f\u00f6rst\u00e5. Teater, musik, krogar, museer och\u2026","rel":"","context":"In &quot;Betraktelser &amp; Ber\u00e4ttelse&quot;","block_context":{"text":"Betraktelser &amp; Ber\u00e4ttelse","link":"https:\/\/www.akehedman.se\/wordpress\/?cat=24"},"img":{"alt_text":"hotell-stockholm","src":"https:\/\/i0.wp.com\/www.eurosource.se\/akhe\/wordpress\/wp-content\/uploads\/2013\/11\/hotell-stockholm.jpg?resize=350%2C200","width":350,"height":200},"classes":[]},{"id":12376,"url":"https:\/\/www.akehedman.se\/wordpress\/?p=12376","url_meta":{"origin":27365,"position":5},"title":"En hel or\u00f6rd helg fram\u00f6ver","author":"\u00c5ke Hedman","date":"2014-03-07","format":false,"excerpt":"Dagens plus \u00e4r sn\u00f6dropparna som tittat fram d\u00e4r de st\u00e5r mot v\u00e4ggen och tjuvar pelletsv\u00e4rme vid det stora gula huset p\u00e5 kullen. Lite f\u00f6rsiktigt st\u00e5r de d\u00e4r och g\u00f6r det med en sj\u00e4lvklarhet och uppnosighet mot allt och alla som bara en blommande v\u00e4xt kan uppvisa. De vet sin plats\u2026","rel":"","context":"In &quot;Betraktelser &amp; Ber\u00e4ttelse&quot;","block_context":{"text":"Betraktelser &amp; Ber\u00e4ttelse","link":"https:\/\/www.akehedman.se\/wordpress\/?cat=24"},"img":{"alt_text":"chips","src":"https:\/\/i0.wp.com\/www.eurosource.se\/akhe\/wordpress\/wp-content\/uploads\/2014\/03\/chips.jpg?resize=350%2C200","width":350,"height":200},"classes":[]}],"jetpack_shortlink":"https:\/\/wp.me\/p68PL2-77n","_links":{"self":[{"href":"https:\/\/www.akehedman.se\/wordpress\/index.php?rest_route=\/wp\/v2\/posts\/27365","targetHints":{"allow":["GET"]}}],"collection":[{"href":"https:\/\/www.akehedman.se\/wordpress\/index.php?rest_route=\/wp\/v2\/posts"}],"about":[{"href":"https:\/\/www.akehedman.se\/wordpress\/index.php?rest_route=\/wp\/v2\/types\/post"}],"author":[{"embeddable":true,"href":"https:\/\/www.akehedman.se\/wordpress\/index.php?rest_route=\/wp\/v2\/users\/24"}],"replies":[{"embeddable":true,"href":"https:\/\/www.akehedman.se\/wordpress\/index.php?rest_route=%2Fwp%2Fv2%2Fcomments&post=27365"}],"version-history":[{"count":3,"href":"https:\/\/www.akehedman.se\/wordpress\/index.php?rest_route=\/wp\/v2\/posts\/27365\/revisions"}],"predecessor-version":[{"id":27394,"href":"https:\/\/www.akehedman.se\/wordpress\/index.php?rest_route=\/wp\/v2\/posts\/27365\/revisions\/27394"}],"wp:attachment":[{"href":"https:\/\/www.akehedman.se\/wordpress\/index.php?rest_route=%2Fwp%2Fv2%2Fmedia&parent=27365"}],"wp:term":[{"taxonomy":"category","embeddable":true,"href":"https:\/\/www.akehedman.se\/wordpress\/index.php?rest_route=%2Fwp%2Fv2%2Fcategories&post=27365"},{"taxonomy":"post_tag","embeddable":true,"href":"https:\/\/www.akehedman.se\/wordpress\/index.php?rest_route=%2Fwp%2Fv2%2Ftags&post=27365"}],"curies":[{"name":"wp","href":"https:\/\/api.w.org\/{rel}","templated":true}]}}