{"id":27136,"date":"2018-02-13T22:53:48","date_gmt":"2018-02-13T21:53:48","guid":{"rendered":"http:\/\/www.akehedman.se\/wordpress\/?p=27136"},"modified":"2018-02-13T22:53:48","modified_gmt":"2018-02-13T21:53:48","slug":"dagar-av-skam","status":"publish","type":"post","link":"https:\/\/www.akehedman.se\/wordpress\/?p=27136","title":{"rendered":"Dagar av skam"},"content":{"rendered":"<p>&nbsp;<\/p>\n<p><img data-recalc-dims=\"1\" loading=\"lazy\" decoding=\"async\" class=\"alignnone size-large wp-image-27139\" src=\"https:\/\/i0.wp.com\/www.akehedman.se\/wordpress\/wp-content\/uploads\/2018\/02\/gammel_ake-964x1024.png?resize=580%2C616\" alt=\"\" width=\"580\" height=\"616\" srcset=\"https:\/\/i0.wp.com\/www.akehedman.se\/wordpress\/wp-content\/uploads\/2018\/02\/gammel_ake.png?resize=964%2C1024&amp;ssl=1 964w, https:\/\/i0.wp.com\/www.akehedman.se\/wordpress\/wp-content\/uploads\/2018\/02\/gammel_ake.png?resize=282%2C300&amp;ssl=1 282w, https:\/\/i0.wp.com\/www.akehedman.se\/wordpress\/wp-content\/uploads\/2018\/02\/gammel_ake.png?resize=768%2C816&amp;ssl=1 768w, https:\/\/i0.wp.com\/www.akehedman.se\/wordpress\/wp-content\/uploads\/2018\/02\/gammel_ake.png?w=1353&amp;ssl=1 1353w, https:\/\/i0.wp.com\/www.akehedman.se\/wordpress\/wp-content\/uploads\/2018\/02\/gammel_ake.png?w=1160&amp;ssl=1 1160w\" sizes=\"auto, (max-width: 580px) 100vw, 580px\" \/><\/p>\n<p>Det finns dagar d\u00e5 det inte h\u00e4nder n\u00e5got av v\u00e4rde. \u00c4nd\u00e5 h\u00e4nder det saker av v\u00e4rde s\u00e5klart. Det ramlar in en massa besked. Bra och d\u00e5liga. Bara bra f\u00f6r mig. D\u00e5liga f\u00f6r andra. Sj\u00e4lv flyter jag som semmelgr\u00e4dde ovanf\u00f6r alla de d\u00e4r beskeden allts\u00e5. Alla m\u00f6jliga och om\u00f6jliga fyller j\u00e4mnt. Det firas till h\u00f6ger och v\u00e4nster. Alla \u00e4ter semlor. Mer \u00e4n en. Men Mats Q. \u00e4ter ingen. Kapitalistv\u00e4grar. Snabbkolhydratsv\u00e4grar.\u00a0 Jag skottar mig tr\u00f6tt. Men inte hj\u00e4lper det. V\u00e4l inne igen letar jag inspirationen. G\u00f6r det hala dan. Letar och letar. Men inte g\u00e5r den att finna. Inte ens under mattan \u00e4r den. Eller bakom d\u00f6rren in till servern. Eller i en dator n\u00e4ra mig.\u00a0 S\u00e5 jag vandrar runt lite. G\u00e5r ut och fyller f\u00e5gelmat. Fint v\u00e4der \u00e4r det. En s\u00e5dan d\u00e4r underbar februarivinterdag \u00e4r det n\u00e4r till och jag kan tycka en vinterdag \u00e4r OK. Men ingenstans kommer man. N\u00e4r det \u00e4r vinter sitter man fast p\u00e5 g\u00e5rdsplanen. Det \u00e4r liksom ingen ide att h\u00e5llas ute. S\u00e5 in igen. Vandrar runt. Letar lite. Sl\u00f6surfar lite. F\u00f6rs\u00f6ker hitta en ing\u00e5ngstr\u00e5d om och om igen. Det blir v\u00e4l n\u00e5gon oinspirerad kodrad. Jovisst. S\u00e5 ringer sotaren och st\u00e4ller in f\u00f6r imorgon. Jag f\u00e5r sovmorgon till sju. Eller halv. Eller sex. Men i alla fall sovmorgon. S\u00e5 upp och laga mat. Sen h\u00e4mta K. Rapport och s\u00e5 ner igen. Inget nu heller. Twitter. Twitter. Twitter. Aftonbladet. Twitter. Twitter. Twitter. Mail. Twitter. Twitter. Twitter. Aftonbaldet. Twitter. Twitter. Twitter. Mail. En kodrad. Twitter. Twitter. Twitter. Ja s\u00e5d\u00e4r. Ingenting. Inte blir det m\u00e5nga stenar lagda p\u00e5 andra stenar inte. Noll. Eller en artondels sten. Ett gruskorn n\u00e4stan. S\u00e5 nu sitter jag h\u00e4r. \u00c4r det n\u00e5gon ide att sitta kvar? Skall man ge sig? Skita i det h\u00e4r? Hoppas p\u00e5 morgondagen? D\u00e5 kanske!? Jag har en bra bok. En s\u00e5dan d\u00e4r som man bara m\u00e5ste l\u00e4sa ett till kapitel n\u00e4r ett \u00e4r utl\u00e4st. Inget bra n\u00e4r man skall sova. Underbart annars. Men ingen semla idag. Hoppas p\u00e5 morgondagen. En tjuga skall man v\u00e4l kunna undvara. Coop. Kaffe och semla f\u00f6r en Selma. Samtidigt kan jag lyssna in g\u00e4nget som tr\u00e4ffas d\u00e4r. L\u00e4ra mig n\u00e5got av livet. Hinner nog runt Kyrksj\u00f6n ocks\u00e5. ja och en sv\u00e4ng p\u00e5 biblioteket. Kanske Granng\u00e5rn ocks\u00e5. Jord. Det skall planteras om. \u00d6verallt. V\u00e5ren kommer. Sommaren kommer. Blommor skall ha att v\u00e4xa i. M\u00e5ste v\u00e4l ta tag i det h\u00e4r p\u00e5 kontoret ocks\u00e5. Pelargonerna. Sydafrikanerna. Vissa fr\u00e5n m\u00e5nga sl\u00e4ktled tillbaka. F\u00f6r det \u00e4r ju s\u00e5. Skott efter skott som vandrar genom generationer. Fantastiskt egentligen. Men jag tror nog att jag ger mig i alla fall. Fyller pellets och vandrar upp f\u00f6r trapporna. Men det var visst n\u00e5got som skull lastas ur bilen ocks\u00e5. F\u00e5r v\u00e4l ta det ocks\u00e5 allts\u00e5. Nattjobb. Eller i alla fall kv\u00e4llsjobb. L\u00e4ngtar bort. L\u00e5ngt bort. Dit d\u00e4r vindarna \u00e4r varma. Ja havet f\u00e5r g\u00e4rna var varmt det ocks\u00e5. Om det finns d\u00e4r. Annars kan det f\u00e5 vara kallt. Fast helst hav s\u00e5klart. Det drar. Alltid. Vattnet vill ha oss tillbaks. En dag tar det oss. S\u00e5klart. Vi spolas ner med b\u00e4ckar och \u00e5ar. Men det tar ett tag. Fast ge sig var det allts\u00e5. Hungrig. Utan anledning. Men det suger i magen. Stor mage stort sug. Liten mage litet sug. Ja som det \u00e4r. Men man f\u00e5r\u00a0 v\u00e4l h\u00e5lla sig. Jod\u00e5. Kan det ibland. Men s\u00e4llan s\u00e5klart. Det ser var och en som m\u00f6ter mig. Karakt\u00e4ren. D\u00e5lig. Obefintlig. Men som det \u00e4r. Man borde kanske ge upp. S\u00e4tta sig bara. V\u00e4nta. P\u00e5 n\u00e5got annat. Eller kolla p\u00e5 farmen och melodifestivalen.\u00a0 L\u00e4ra sig alla bidrag genom \u00e5ren utantill. Som en vanlig m\u00e4nniska. Som en riktig m\u00e4nniska. Ja det d\u00e4r t\u00e5l att t\u00e4nkas p\u00e5. Det f\u00e5r jag g\u00f6ra inatt. N\u00e4r jag sover. T\u00e4nka. Fundera. Men sova. Imorgon \u00e4r en ny dag. I Ljusdal. T\u00e4nk. Vad man f\u00e5r se. N\u00e4r man g\u00e5r i mina skor, Godnatt!<\/p>\n","protected":false},"excerpt":{"rendered":"<p>&nbsp; Det finns dagar d\u00e5 det inte h\u00e4nder n\u00e5got av v\u00e4rde. \u00c4nd\u00e5 h\u00e4nder det saker av v\u00e4rde s\u00e5klart. Det ramlar in en massa besked. Bra och d\u00e5liga. Bara bra f\u00f6r mig. D\u00e5liga f\u00f6r andra. Sj\u00e4lv flyter jag som semmelgr\u00e4dde ovanf\u00f6r alla de d\u00e4r beskeden allts\u00e5. Alla m\u00f6jliga och om\u00f6jliga fyller j\u00e4mnt. Det firas till h\u00f6ger [&hellip;]<\/p>\n","protected":false},"author":24,"featured_media":0,"comment_status":"open","ping_status":"open","sticky":false,"template":"","format":"standard","meta":{"_crdt_document":"","jetpack_post_was_ever_published":false,"_jetpack_newsletter_access":"","_jetpack_dont_email_post_to_subs":false,"_jetpack_newsletter_tier_id":0,"_jetpack_memberships_contains_paywalled_content":false,"_jetpack_memberships_contains_paid_content":false,"footnotes":"","jetpack_publicize_message":"","jetpack_publicize_feature_enabled":true,"jetpack_social_post_already_shared":true,"jetpack_social_options":{"image_generator_settings":{"template":"highway","default_image_id":0,"font":"","enabled":false},"version":2}},"categories":[24],"tags":[],"class_list":["post-27136","post","type-post","status-publish","format-standard","hentry","category-betraktelser"],"jetpack_publicize_connections":[],"jetpack_featured_media_url":"","jetpack_sharing_enabled":true,"jetpack_likes_enabled":true,"jetpack-related-posts":[{"id":19191,"url":"https:\/\/www.akehedman.se\/wordpress\/?p=19191","url_meta":{"origin":27136,"position":0},"title":"Upprepningens makt","author":"\u00c5ke Hedman","date":"2015-12-09","format":false,"excerpt":"Letar strumpor i omakal\u00e5dan eftersom mitt sista par \u00e4r mer h\u00e5l \u00e4n strumpa och kommer p\u00e5 en (bra) plot till en novell. Skall bara f\u00e5 tid att skriva den ocks\u00e5. Just d\u00e4r skulle jag velat ha mer tid. Men har inte och det \u00e4r s\u00e5klart som det \u00e4r med det.\u2026","rel":"","context":"In &quot;Betraktelser &amp; Ber\u00e4ttelse&quot;","block_context":{"text":"Betraktelser &amp; Ber\u00e4ttelse","link":"https:\/\/www.akehedman.se\/wordpress\/?cat=24"},"img":{"alt_text":"2015-12-09_09-22-05","src":"https:\/\/i0.wp.com\/www.akehedman.se\/wordpress\/wp-content\/uploads\/2015\/12\/2015-12-09_09-22-05.png?resize=350%2C200","width":350,"height":200,"srcset":"https:\/\/i0.wp.com\/www.akehedman.se\/wordpress\/wp-content\/uploads\/2015\/12\/2015-12-09_09-22-05.png?resize=350%2C200 1x, https:\/\/i0.wp.com\/www.akehedman.se\/wordpress\/wp-content\/uploads\/2015\/12\/2015-12-09_09-22-05.png?resize=525%2C300 1.5x, https:\/\/i0.wp.com\/www.akehedman.se\/wordpress\/wp-content\/uploads\/2015\/12\/2015-12-09_09-22-05.png?resize=700%2C400 2x"},"classes":[]},{"id":20423,"url":"https:\/\/www.akehedman.se\/wordpress\/?p=20423","url_meta":{"origin":27136,"position":1},"title":"En dag att minnas, fel, att gl\u00f6mma.","author":"\u00c5ke Hedman","date":"2016-05-18","format":false,"excerpt":"Vissa dagar vill man inte minnas. Det h\u00e4r \u00e4r en s\u00e5dan. Ja och jag visste det redan n\u00e4r jag vaknade. Snart bortforslad och avf\u00f6rd nu. Tack och lov. Men vet att det kommer fler. En hel r\u00e4cka. Det \u00e4r jag s\u00e4ker p\u00e5. Men d\u00e4refter bara bra dagar. In i evigheten.\u2026","rel":"","context":"In &quot;Betraktelser &amp; Ber\u00e4ttelse&quot;","block_context":{"text":"Betraktelser &amp; Ber\u00e4ttelse","link":"https:\/\/www.akehedman.se\/wordpress\/?cat=24"},"img":{"alt_text":"BugsLifeWallpaper800","src":"https:\/\/i0.wp.com\/www.akehedman.se\/wordpress\/wp-content\/uploads\/2014\/08\/BugsLifeWallpaper800.jpg?resize=350%2C200","width":350,"height":200,"srcset":"https:\/\/i0.wp.com\/www.akehedman.se\/wordpress\/wp-content\/uploads\/2014\/08\/BugsLifeWallpaper800.jpg?resize=350%2C200 1x, https:\/\/i0.wp.com\/www.akehedman.se\/wordpress\/wp-content\/uploads\/2014\/08\/BugsLifeWallpaper800.jpg?resize=525%2C300 1.5x, https:\/\/i0.wp.com\/www.akehedman.se\/wordpress\/wp-content\/uploads\/2014\/08\/BugsLifeWallpaper800.jpg?resize=700%2C400 2x"},"classes":[]},{"id":28380,"url":"https:\/\/www.akehedman.se\/wordpress\/?p=28380","url_meta":{"origin":27136,"position":2},"title":"Jo visst","author":"\u00c5ke Hedman","date":"2018-05-13","format":false,"excerpt":"Jag vaknar ibland och \u00e4r verkligen ganska bra i min axel. S\u00e5d\u00e4r f\u00f6rv\u00e5nande bra. S\u00e5 g\u00e5r jag ut och byter d\u00e4ck p\u00e5 bilen, g\u00f6r lite annat och sen \u00e4r jag s\u00e5klart inte speciellt bra i axeln l\u00e4ngre. Men de d\u00e4r stunderna n\u00e4r det k\u00e4nns f\u00f6rv\u00e5nande bra s\u00e5 tror jag tamefan\u2026","rel":"","context":"In &quot;Betraktelser &amp; Ber\u00e4ttelse&quot;","block_context":{"text":"Betraktelser &amp; Ber\u00e4ttelse","link":"https:\/\/www.akehedman.se\/wordpress\/?cat=24"},"img":{"alt_text":"","src":"https:\/\/i0.wp.com\/www.akehedman.se\/wordpress\/wp-content\/uploads\/2018\/05\/IMG_20180513_142128045-576x1024.jpg?resize=350%2C200","width":350,"height":200,"srcset":"https:\/\/i0.wp.com\/www.akehedman.se\/wordpress\/wp-content\/uploads\/2018\/05\/IMG_20180513_142128045-576x1024.jpg?resize=350%2C200 1x, https:\/\/i0.wp.com\/www.akehedman.se\/wordpress\/wp-content\/uploads\/2018\/05\/IMG_20180513_142128045-576x1024.jpg?resize=525%2C300 1.5x"},"classes":[]},{"id":36645,"url":"https:\/\/www.akehedman.se\/wordpress\/?p=36645","url_meta":{"origin":27136,"position":3},"title":"365","author":"\u00c5ke Hedman","date":"2020-11-02","format":false,"excerpt":"Livet \u00e4r gott h\u00e4r p\u00e5 kullen. Jod\u00e5. Men jag \u00e4r tr\u00f6tt idag denna regnet och vindarnas dag. \"Tr\u00f6tt gubbe med grusiga \u00f6gon\" kan jag nog beskrivas som vid en eventuell efterlysning. Men om jag kom bort tackade v\u00e4l de flesta sin lyckliga stj\u00e4rna, och det blev ingen efterlysning, jag kunde\u2026","rel":"","context":"In &quot;Betraktelser &amp; Ber\u00e4ttelse&quot;","block_context":{"text":"Betraktelser &amp; Ber\u00e4ttelse","link":"https:\/\/www.akehedman.se\/wordpress\/?cat=24"},"img":{"alt_text":"","src":"https:\/\/i0.wp.com\/www.akehedman.se\/wordpress\/wp-content\/uploads\/2020\/10\/IMG_20171025_145050603-EFFECTS.jpg?resize=350%2C200&ssl=1","width":350,"height":200,"srcset":"https:\/\/i0.wp.com\/www.akehedman.se\/wordpress\/wp-content\/uploads\/2020\/10\/IMG_20171025_145050603-EFFECTS.jpg?resize=350%2C200&ssl=1 1x, https:\/\/i0.wp.com\/www.akehedman.se\/wordpress\/wp-content\/uploads\/2020\/10\/IMG_20171025_145050603-EFFECTS.jpg?resize=525%2C300&ssl=1 1.5x"},"classes":[]},{"id":45610,"url":"https:\/\/www.akehedman.se\/wordpress\/?p=45610","url_meta":{"origin":27136,"position":4},"title":"Gud","author":"\u00c5ke Hedman","date":"2023-07-31","format":false,"excerpt":"Photo by Spoortesh Honey on Pexels.com Gud tror jag bara p\u00e5 n\u00e4r det g\u00e5r \u00e5t helvete. D\u00e5 faller jag p\u00e5 kn\u00e4, kn\u00e4pper h\u00e4nderna, b\u00f6jer huvudet och ber (innerligt) om n\u00e5d. Ja om en l\u00f6sning ocks\u00e5 kanske. Om jag tror det finns n\u00e5gon s\u00e5dan. Lite l\u00e4mpligt s\u00e5d\u00e4r. Kn\u00e4ppta h\u00e4nder p\u00e5 amerikansk\u2026","rel":"","context":"In &quot;Swedish&quot;","block_context":{"text":"Swedish","link":"https:\/\/www.akehedman.se\/wordpress\/?cat=2"},"img":{"alt_text":"photo of monumental sculpture","src":"https:\/\/i0.wp.com\/www.akehedman.se\/wordpress\/wp-content\/uploads\/2023\/07\/pexels-photo-3810915.jpeg?resize=350%2C200&ssl=1","width":350,"height":200,"srcset":"https:\/\/i0.wp.com\/www.akehedman.se\/wordpress\/wp-content\/uploads\/2023\/07\/pexels-photo-3810915.jpeg?resize=350%2C200&ssl=1 1x, https:\/\/i0.wp.com\/www.akehedman.se\/wordpress\/wp-content\/uploads\/2023\/07\/pexels-photo-3810915.jpeg?resize=525%2C300&ssl=1 1.5x, https:\/\/i0.wp.com\/www.akehedman.se\/wordpress\/wp-content\/uploads\/2023\/07\/pexels-photo-3810915.jpeg?resize=700%2C400&ssl=1 2x"},"classes":[]},{"id":12805,"url":"https:\/\/www.akehedman.se\/wordpress\/?p=12805","url_meta":{"origin":27136,"position":5},"title":"Ett kilo bok v\u00e4ger inte ens delar av ett gram i hj\u00e4rnan.","author":"\u00c5ke Hedman","date":"2014-04-12","format":false,"excerpt":"Vi letar desperat en film ikv\u00e4ll. G\u00e5r fr\u00e5n Engelsk till Amerikansk, \u00f6ver till Dansk, \u00f6ver till Amerikansk igen, men inget fungerar. Jag somnar ifr\u00e5n alltihop. Den sista kastar jag \u00f6ver till TV'n med Chromcast. Fr\u00e4nt! Men \u00e4nnu b\u00e4ttre om filmen varit det ist\u00e4llet. Men det \u00e4r s\u00e5d\u00e4r. S\u00e5 det f\u00e5r\u2026","rel":"","context":"In &quot;Betraktelser &amp; Ber\u00e4ttelse&quot;","block_context":{"text":"Betraktelser &amp; Ber\u00e4ttelse","link":"https:\/\/www.akehedman.se\/wordpress\/?cat=24"},"img":{"alt_text":"bok","src":"https:\/\/i0.wp.com\/www.eurosource.se\/akhe\/wordpress\/wp-content\/uploads\/2014\/04\/bok.jpg?resize=350%2C200","width":350,"height":200},"classes":[]}],"jetpack_shortlink":"https:\/\/wp.me\/p68PL2-73G","_links":{"self":[{"href":"https:\/\/www.akehedman.se\/wordpress\/index.php?rest_route=\/wp\/v2\/posts\/27136","targetHints":{"allow":["GET"]}}],"collection":[{"href":"https:\/\/www.akehedman.se\/wordpress\/index.php?rest_route=\/wp\/v2\/posts"}],"about":[{"href":"https:\/\/www.akehedman.se\/wordpress\/index.php?rest_route=\/wp\/v2\/types\/post"}],"author":[{"embeddable":true,"href":"https:\/\/www.akehedman.se\/wordpress\/index.php?rest_route=\/wp\/v2\/users\/24"}],"replies":[{"embeddable":true,"href":"https:\/\/www.akehedman.se\/wordpress\/index.php?rest_route=%2Fwp%2Fv2%2Fcomments&post=27136"}],"version-history":[{"count":1,"href":"https:\/\/www.akehedman.se\/wordpress\/index.php?rest_route=\/wp\/v2\/posts\/27136\/revisions"}],"predecessor-version":[{"id":27140,"href":"https:\/\/www.akehedman.se\/wordpress\/index.php?rest_route=\/wp\/v2\/posts\/27136\/revisions\/27140"}],"wp:attachment":[{"href":"https:\/\/www.akehedman.se\/wordpress\/index.php?rest_route=%2Fwp%2Fv2%2Fmedia&parent=27136"}],"wp:term":[{"taxonomy":"category","embeddable":true,"href":"https:\/\/www.akehedman.se\/wordpress\/index.php?rest_route=%2Fwp%2Fv2%2Fcategories&post=27136"},{"taxonomy":"post_tag","embeddable":true,"href":"https:\/\/www.akehedman.se\/wordpress\/index.php?rest_route=%2Fwp%2Fv2%2Ftags&post=27136"}],"curies":[{"name":"wp","href":"https:\/\/api.w.org\/{rel}","templated":true}]}}