{"id":27126,"date":"2018-02-13T11:20:50","date_gmt":"2018-02-13T10:20:50","guid":{"rendered":"http:\/\/www.akehedman.se\/wordpress\/?p=27126"},"modified":"2021-09-27T11:45:09","modified_gmt":"2021-09-27T10:45:09","slug":"det-ar-gott-3","status":"publish","type":"post","link":"https:\/\/www.akehedman.se\/wordpress\/?p=27126","title":{"rendered":"Det \u00e4r gott"},"content":{"rendered":"<p><img data-recalc-dims=\"1\" loading=\"lazy\" decoding=\"async\" class=\"alignnone size-large wp-image-27129\" src=\"https:\/\/i0.wp.com\/www.akehedman.se\/wordpress\/wp-content\/uploads\/2018\/02\/Screenshot-from-2018-02-13-10-14-23-1024x688.png?resize=580%2C389\" alt=\"\" width=\"580\" height=\"389\" srcset=\"https:\/\/i0.wp.com\/www.akehedman.se\/wordpress\/wp-content\/uploads\/2018\/02\/Screenshot-from-2018-02-13-10-14-23.png?resize=1024%2C688&amp;ssl=1 1024w, https:\/\/i0.wp.com\/www.akehedman.se\/wordpress\/wp-content\/uploads\/2018\/02\/Screenshot-from-2018-02-13-10-14-23.png?resize=300%2C201&amp;ssl=1 300w, https:\/\/i0.wp.com\/www.akehedman.se\/wordpress\/wp-content\/uploads\/2018\/02\/Screenshot-from-2018-02-13-10-14-23.png?resize=768%2C516&amp;ssl=1 768w, https:\/\/i0.wp.com\/www.akehedman.se\/wordpress\/wp-content\/uploads\/2018\/02\/Screenshot-from-2018-02-13-10-14-23.png?resize=447%2C300&amp;ssl=1 447w, https:\/\/i0.wp.com\/www.akehedman.se\/wordpress\/wp-content\/uploads\/2018\/02\/Screenshot-from-2018-02-13-10-14-23.png?w=1029&amp;ssl=1 1029w\" sizes=\"auto, (max-width: 580px) 100vw, 580px\" \/><\/p>\n<p>Det \u00e4r gott. Jod\u00e5 det skulle s\u00e4kert kunnat vara p\u00e5 n\u00e5got annat s\u00e4tt. Men det \u00e4r som det \u00e4r. Gott eller el\u00e4ndigt kan man best\u00e4mma sj\u00e4lv. F\u00f6r det mesta. S\u00e5 jag best\u00e4mmer mig f\u00f6r gott. F\u00f6r att det k\u00e4nns s\u00e5.<\/p>\n<p>Sn\u00f6n singlar inte ned l\u00e4ngre.\u00a0 Det \u00e4r bra. M\u00e5ste ut och skotta det som damp ner. Pl\u00e5ga axel. Leva genom det som g\u00f6r ont.<\/p>\n<p>Hittar tv\u00e5 bilder av en slump.\u00a0 F\u00f6rst den ovan. Fr\u00e5n 1971. Jag g\u00e5r i \u00e5ttan. Det \u00e4r jag d\u00e4r till h\u00f6ger. T\u00e4nka sig. Invigning av Edsbyns museum i nedre planet p\u00e5 Celsiusskolan i Edsbyn. Jag hade hj\u00e4lpt till att st\u00e4lla i ordning f\u00f6r den d\u00e4r dan. Jag och n\u00e5gra andra. Man ser sig sj\u00e4lv och undrar vem man var. En helt annan \u00e4n nu. S\u00e5klart. Skulle bli fotograf. Det fanns ingen annan v\u00e4g.<\/p>\n<p>Sen hittar jag den h\u00e4r. Celsiusskolan Edsbyn.<\/p>\n<p><img data-recalc-dims=\"1\" loading=\"lazy\" decoding=\"async\" class=\"alignnone size-full wp-image-27128\" src=\"https:\/\/i0.wp.com\/www.akehedman.se\/wordpress\/wp-content\/uploads\/2018\/02\/Screenshot-from-2018-02-13-10-11-07.png?resize=580%2C592\" alt=\"\" width=\"580\" height=\"592\" srcset=\"https:\/\/i0.wp.com\/www.akehedman.se\/wordpress\/wp-content\/uploads\/2018\/02\/Screenshot-from-2018-02-13-10-11-07.png?w=873&amp;ssl=1 873w, https:\/\/i0.wp.com\/www.akehedman.se\/wordpress\/wp-content\/uploads\/2018\/02\/Screenshot-from-2018-02-13-10-11-07.png?resize=294%2C300&amp;ssl=1 294w, https:\/\/i0.wp.com\/www.akehedman.se\/wordpress\/wp-content\/uploads\/2018\/02\/Screenshot-from-2018-02-13-10-11-07.png?resize=768%2C784&amp;ssl=1 768w\" sizes=\"auto, (max-width: 580px) 100vw, 580px\" \/><\/p>\n<p>Det \u00e4r jag som \u00e4r den tjocke. Morsans m\u00e5nga bullar hade satt sig i kroppen runt den h\u00e4r tiden. \u00c5ret \u00e4r1969 s\u00e4ger bildtexten. Jag g\u00e5r i sexan allts\u00e5. Skolan \u00e4r nybyggd. Vi har haft lektionssal i en gammal barack i n\u00e4rheten under de \u00e5r den byggdes. Precis slutat med undervisning p\u00e5 l\u00f6rdagarna. \u00c5ret f\u00f6re hade femdagarsvecka inf\u00f6rts i skolorna i Sverige. F\u00f6re det gick vi halvdagar ocks\u00e5 p\u00e5 l\u00f6rdagarna<\/p>\n<p>Sluggo (glas\u00f6gon i mitten) och Reidar (nere till v\u00e4nster) kommer jag att spela i olika band med senare. Det vet jag inte h\u00e4r. Men d\u00e4r borta, fyra, fem \u00e5r senare, har vi musiken gemensamt. H\u00e4r har vi ingen aning om det. Tommy i de rutiga byxorna \u00e4r min b\u00e4ste v\u00e4n. Han \u00e4r med i Maranata. Religi\u00f6s familj. Det \u00e4r d\u00e4r jag l\u00e4r mig mycket om den v\u00e4rldens ondska. Tommy kommer bryta sig ur det d\u00e4r. Ge sig in i dansmusiken. Jag vet inte vilkets om var v\u00e4rst egentligen.<\/p>\n<p>Nej jag k\u00e4nner inte igen alla. Men n\u00e5gonstans h\u00e4r st\u00e5r Thomas. Ekonomichefens son. Om jag gjort n\u00e5got bra n\u00e5gon g\u00e5ng i livet s\u00e5 \u00e4r det att hindrat grabbarna p\u00e5 den h\u00e4r bilden fr\u00e5n att mobba honom. Jag sa ifr\u00e5n. Man lydde. Varf\u00f6r d\u00e5? Jag tror inte Thomas m\u00e4rkte av det ens. Men han gick fri. Efter det. Kanske ensam, men definitivt inte mobbad.<\/p>\n<p>L\u00e4raren. En gammal soldat. Varit ute p\u00e5 fredsuppdrag och kommit hem igen. Idrottsintresserad. Tr\u00e4ningsintresserad. Favoriserade alla med idrottsintresse. Ignorerade oss andra. Men lika bra det. Jag levde i min egen v\u00e4rld redan d\u00e5. Hur skulle man kunna bry sig om en stridspitts \u00e5sikter.<\/p>\n<p>Jod\u00e5, det var kameran och bilderna\/filmerna som g\u00e4llde h\u00e4r ocks\u00e5. Tommy h\u00e4ngde p\u00e5.\u00a0 Men f\u00f6r det mesta gick jag min egen v\u00e4g. D\u00e5 som nu. Men aldrig mobbad, aldrig retad f\u00f6r att vara tjock. Jag m\u00e5ste undra varf\u00f6r n\u00e4r jag ser den h\u00e4r bilden. Borde jag inte ha varit ett l\u00e4tt offer.<\/p>\n<p>Lustigt nog kommer mycket av sj\u00e4lvbilden fr\u00e5n de h\u00e4r \u00e5ren. P\u00e5 den h\u00e4r bilden,<\/p>\n<p><img data-recalc-dims=\"1\" loading=\"lazy\" decoding=\"async\" class=\"alignnone size-full wp-image-27130\" src=\"https:\/\/i0.wp.com\/www.akehedman.se\/wordpress\/wp-content\/uploads\/2018\/02\/Atmosphere-small.jpg?resize=473%2C344\" alt=\"\" width=\"473\" height=\"344\" srcset=\"https:\/\/i0.wp.com\/www.akehedman.se\/wordpress\/wp-content\/uploads\/2018\/02\/Atmosphere-small.jpg?w=473&amp;ssl=1 473w, https:\/\/i0.wp.com\/www.akehedman.se\/wordpress\/wp-content\/uploads\/2018\/02\/Atmosphere-small.jpg?resize=300%2C218&amp;ssl=1 300w, https:\/\/i0.wp.com\/www.akehedman.se\/wordpress\/wp-content\/uploads\/2018\/02\/Atmosphere-small.jpg?resize=413%2C300&amp;ssl=1 413w\" sizes=\"auto, (max-width: 473px) 100vw, 473px\" \/><\/p>\n<p>tagen n\u00e5gra \u00e5r senare, jag till h\u00f6ger, ser jag sj\u00e4lv den d\u00e4r kroppen som jag har d\u00e4r p\u00e5 kortet fr\u00e5n 1969. Inte idag s\u00e5klart. Men d\u00e5, innan ton\u00e5rshormonerna omformade oss. Jag skulle aldrig ta av mig en skjorta eller tr\u00f6ja offentligt h\u00e4r. F\u00f6r den tjocka magens skull. Ja och den sj\u00e4lvbilden h\u00e4nger med hela livet. Konstigt hur man fungerar inuti skallen. Ja numera har jag ju hunnit ikapp den. Lika bra det kanske.<\/p>\n<p>Men \u00e4nd\u00e5 \u00e4r jag r\u00e4tt lycklig d\u00e4r. Kanske just f\u00f6r att jag \u00e4r i min egen v\u00e4rld. Brorsan har f\u00e5tt barn \u00e5ret f\u00f6re. Hon sexton. Han arton. Det har varit ett j\u00e4vla liv hemma hela \u00e5ret. Skammen. Det formar hela mitt umg\u00e4nge med kvinnor. Egentligen borde jag kanske inte vara s\u00e5 lycklig. Men r\u00e4ddar mig allts\u00e5 in i &#8220;\u00c5kes v\u00e4rld&#8221;.<\/p>\n<p>Ja och vad blev det av alla de andra. Sven kommer att sl\u00e5 s\u00f6nder inredningen p\u00e5 ungdomsg\u00e5rden n\u00e5gra \u00e5r senare i ett fylleslag. Men blir en bra m\u00e4nniska han med s\u00e5klart som de flesta. N\u00e5gon annans far tar sitt liv. N\u00e5gra blir chefer, men de flesta bara vanliga gr\u00e5a medborgare i landet Sverige. Alla sprids de \u00f6ver v\u00e4rlden. Sluggo blir distriktssk\u00f6terska. Det finns ingen p\u00e5 den h\u00e4r bilden som skulle gissa det den h\u00e4r dagen lika lite som de antagligen skulle se mig som en av de fysikstuderande p\u00e5 Uppsala Universitet.<\/p>\n<p>Jod\u00e5. Edsbyns naturfoto har jag nog startat h\u00e4r. F\u00f6retagare har jag varit n\u00e4stan ett helt liv \u00e4nd\u00e5, s\u00e5 hur skall jag kunna sluta nu fast snart pension\u00e4r. Lek d\u00e5 och lek nu s\u00e5klart. Jag har aldrig blivit vuxen som de andra.<\/p>\n<p>Men m\u00e5nga \u00e5r sedan. Det finns ett liv mellan den d\u00e4r bilden och den person som sitter och skriver om det h\u00e4r nu. Kamp och gl\u00e4dje s\u00e5klart i mitt liv som i alla andras. Sorg och lycka. Som v\u00e5gformer i tiden.\u00a0 Nej, jag skulle nog inte vilja byta liv med n\u00e5gon av de andra p\u00e5 den h\u00e4r bilden. Alla har s\u00e4kert haft sitt. Man beh\u00f6ver inte alltid g\u00e5 i n\u00e5gon annans skor f\u00f6r att f\u00f6rst\u00e5 det.<\/p>\n<p>Man knatar p\u00e5 och g\u00f6r s\u00e5 gott man kan. Ja och fram\u00e5t &#8211; inte bak\u00e5t, men det kan vara kul att springa p\u00e5 n\u00e5gra s\u00e5dana h\u00e4r bilder \u00e4nd\u00e5 ibland. Men man f\u00e5r inte fasta d\u00e4r. Tycker man att &#8220;det d\u00e4r var ens b\u00e4sta tid&#8221; \u00e4r det dags att leta fram revolvern, gapa och trycka av. Den b\u00e4sta tiden i ett liv \u00e4r alltid \u00e4nnu olevd n\u00e4mligen.<\/p>\n","protected":false},"excerpt":{"rendered":"<p>Det \u00e4r gott. Jod\u00e5 det skulle s\u00e4kert kunnat vara p\u00e5 n\u00e5got annat s\u00e4tt. Men det \u00e4r som det \u00e4r. Gott eller el\u00e4ndigt kan man best\u00e4mma sj\u00e4lv. F\u00f6r det mesta. S\u00e5 jag best\u00e4mmer mig f\u00f6r gott. F\u00f6r att det k\u00e4nns s\u00e5. Sn\u00f6n singlar inte ned l\u00e4ngre.\u00a0 Det \u00e4r bra. M\u00e5ste ut och skotta det som damp [&hellip;]<\/p>\n","protected":false},"author":24,"featured_media":0,"comment_status":"open","ping_status":"open","sticky":false,"template":"","format":"standard","meta":{"_crdt_document":"","jetpack_post_was_ever_published":false,"_jetpack_newsletter_access":"","_jetpack_dont_email_post_to_subs":false,"_jetpack_newsletter_tier_id":0,"_jetpack_memberships_contains_paywalled_content":false,"_jetpack_memberships_contains_paid_content":false,"footnotes":"","jetpack_publicize_message":"","jetpack_publicize_feature_enabled":true,"jetpack_social_post_already_shared":true,"jetpack_social_options":{"image_generator_settings":{"template":"highway","default_image_id":0,"font":"","enabled":false},"version":2}},"categories":[24],"tags":[],"class_list":["post-27126","post","type-post","status-publish","format-standard","hentry","category-betraktelser"],"jetpack_publicize_connections":[],"jetpack_featured_media_url":"","jetpack_sharing_enabled":true,"jetpack_likes_enabled":true,"jetpack-related-posts":[{"id":17174,"url":"https:\/\/www.akehedman.se\/wordpress\/?p=17174","url_meta":{"origin":27126,"position":0},"title":"Buttkotte","author":"\u00c5ke Hedman","date":"2015-03-23","format":false,"excerpt":"Man har det lyxigt. \u00c4ldste sonen lagar god lunch. Sj\u00e4lv \u00e4r det bara att g\u00e5 upp och s\u00e4tta sig och \u00e4ta. Supergott, veganskt, starkt och nyttigt. Tack f\u00f6r det. Annars stressar jag. Skall leverera grejer och s\u00e5 fungerar inte en bootloader. Fr\u00e5gan \u00e4r varf\u00f6r och jag har st\u00e4llt den fr\u00e5gan\u2026","rel":"","context":"In &quot;Betraktelser &amp; Ber\u00e4ttelse&quot;","block_context":{"text":"Betraktelser &amp; Ber\u00e4ttelse","link":"https:\/\/www.akehedman.se\/wordpress\/?cat=24"},"img":{"alt_text":"220px-Pigne_Landes","src":"https:\/\/i0.wp.com\/www.eurosource.se\/akhe\/wordpress\/wp-content\/uploads\/2015\/03\/220px-Pigne_Landes.jpg?resize=350%2C200","width":350,"height":200},"classes":[]},{"id":17216,"url":"https:\/\/www.akehedman.se\/wordpress\/?p=17216","url_meta":{"origin":27126,"position":1},"title":"Tur som en tok","author":"\u00c5ke Hedman","date":"2015-03-26","format":false,"excerpt":"Vinden g\u00e5r rakt igenom mig n\u00e4r jag kommer ut d\u00e4r utanf\u00f6r d\u00f6rren. Som ett \u00f6verljudsplan som inte ens m\u00e4rker att jag st\u00e5r d\u00e4r forsar den igenom mig.\u00a0 Jag b\u00f6rjar omedelbart hacka t\u00e4nder. Ja jag \u00e4r redan nedfrusen. F\u00f6nstret jag sitter vid p\u00e5 kontoret \u00e4r inte det t\u00e4taste i v\u00e4rlden. Sjuttiotals,\u2026","rel":"","context":"In &quot;Betraktelser &amp; Ber\u00e4ttelse&quot;","block_context":{"text":"Betraktelser &amp; Ber\u00e4ttelse","link":"https:\/\/www.akehedman.se\/wordpress\/?cat=24"},"img":{"alt_text":"400b_210h_\u00e4lg","src":"https:\/\/i0.wp.com\/www.eurosource.se\/akhe\/wordpress\/wp-content\/uploads\/2014\/05\/400b_210h_%C3%A4lg.jpg?resize=350%2C200","width":350,"height":200},"classes":[]},{"id":18325,"url":"https:\/\/www.akehedman.se\/wordpress\/?p=18325","url_meta":{"origin":27126,"position":2},"title":"Noll. Zip. Zero.","author":"\u00c5ke Hedman","date":"2015-07-25","format":false,"excerpt":"Tekniskt sett s\u00e5 \u00e4r ju min semester \u00f6ver. Det g\u00e5r inte komma ifr\u00e5n det. Men gr\u00e4sklippare, fika ute och en stund i h\u00e4ngmattan idag liknar v\u00e4ldigt mycket ledighet. Semester. Synonymer. V\u00e4ntan p\u00e5 regn. Himlen drar liksom ihop sig efter hand som dagen g\u00e5r. Jo jag t\u00e4nkte studio halva dan men\u2026","rel":"","context":"In &quot;Betraktelser &amp; Ber\u00e4ttelse&quot;","block_context":{"text":"Betraktelser &amp; Ber\u00e4ttelse","link":"https:\/\/www.akehedman.se\/wordpress\/?cat=24"},"img":{"alt_text":"Clipboard01","src":"https:\/\/i0.wp.com\/www.akehedman.se\/wordpress\/wp-content\/uploads\/2015\/07\/Clipboard01-1024x968.png?resize=350%2C200","width":350,"height":200,"srcset":"https:\/\/i0.wp.com\/www.akehedman.se\/wordpress\/wp-content\/uploads\/2015\/07\/Clipboard01-1024x968.png?resize=350%2C200 1x, https:\/\/i0.wp.com\/www.akehedman.se\/wordpress\/wp-content\/uploads\/2015\/07\/Clipboard01-1024x968.png?resize=525%2C300 1.5x"},"classes":[]},{"id":15879,"url":"https:\/\/www.akehedman.se\/wordpress\/?p=15879","url_meta":{"origin":27126,"position":3},"title":"Slutet","author":"\u00c5ke Hedman","date":"2014-12-28","format":false,"excerpt":"Stalin d\u00f6dade 40 miljoner m\u00e4nniskor i Sovjetunionen, 2:a v\u00e4rldskriget kostade ytterligare 8 miljoner. Fyrtio miljoner m\u00e4nniskor d\u00f6dade. De flesta med 9 gram i nacken. D\u00f6dade pga av skvaller, f\u00f6r att de t\u00e4nkte annorlunda, f\u00f6r att de var \"de andra\" (japp ni k\u00e4nner igen det va?), f\u00f6r att en galning sl\u00e4ppte\u2026","rel":"","context":"In &quot;Betraktelser &amp; Ber\u00e4ttelse&quot;","block_context":{"text":"Betraktelser &amp; Ber\u00e4ttelse","link":"https:\/\/www.akehedman.se\/wordpress\/?cat=24"},"img":{"alt_text":"fender-strat-custom-shop-65-relic-150-2900-828-1","src":"https:\/\/i0.wp.com\/www.eurosource.se\/akhe\/wordpress\/wp-content\/uploads\/2014\/12\/fender-strat-custom-shop-65-relic-150-2900-828-1-1024x614.jpg?resize=350%2C200","width":350,"height":200,"srcset":"https:\/\/i0.wp.com\/www.eurosource.se\/akhe\/wordpress\/wp-content\/uploads\/2014\/12\/fender-strat-custom-shop-65-relic-150-2900-828-1-1024x614.jpg?resize=350%2C200 1x, https:\/\/i0.wp.com\/www.eurosource.se\/akhe\/wordpress\/wp-content\/uploads\/2014\/12\/fender-strat-custom-shop-65-relic-150-2900-828-1-1024x614.jpg?resize=525%2C300 1.5x"},"classes":[]},{"id":50054,"url":"https:\/\/www.akehedman.se\/wordpress\/?p=50054","url_meta":{"origin":27126,"position":4},"title":"I v\u00e4ntan p\u00e5 etapp tv\u00e5","author":"\u00c5ke Hedman","date":"2025-07-21","format":false,"excerpt":"Photo by David Bartus on Pexels.com Andra kv\u00e4llen i studion. Ja \"studion\" d\u00e5 s\u00e5 ingen blir uppr\u00f6rd. Jag njuter b\u00e5de med och utan citationstecken. Gott liv. FAST... idag. K\u00f6r fast lite. Men det finns n\u00e5gra timmar kvar p\u00e5 den h\u00e4r kv\u00e4llen. Skriver det h\u00e4r blogginl\u00e4gget och \u00e5terg\u00e5r lite senare till\u2026","rel":"","context":"In &quot;Betraktelser &amp; Ber\u00e4ttelse&quot;","block_context":{"text":"Betraktelser &amp; Ber\u00e4ttelse","link":"https:\/\/www.akehedman.se\/wordpress\/?cat=24"},"img":{"alt_text":"black audio mixer","src":"https:\/\/i0.wp.com\/www.akehedman.se\/wordpress\/wp-content\/uploads\/2025\/07\/pexels-photo-690779.jpeg?resize=350%2C200&ssl=1","width":350,"height":200,"srcset":"https:\/\/i0.wp.com\/www.akehedman.se\/wordpress\/wp-content\/uploads\/2025\/07\/pexels-photo-690779.jpeg?resize=350%2C200&ssl=1 1x, https:\/\/i0.wp.com\/www.akehedman.se\/wordpress\/wp-content\/uploads\/2025\/07\/pexels-photo-690779.jpeg?resize=525%2C300&ssl=1 1.5x, https:\/\/i0.wp.com\/www.akehedman.se\/wordpress\/wp-content\/uploads\/2025\/07\/pexels-photo-690779.jpeg?resize=700%2C400&ssl=1 2x, https:\/\/i0.wp.com\/www.akehedman.se\/wordpress\/wp-content\/uploads\/2025\/07\/pexels-photo-690779.jpeg?resize=1050%2C600&ssl=1 3x, https:\/\/i0.wp.com\/www.akehedman.se\/wordpress\/wp-content\/uploads\/2025\/07\/pexels-photo-690779.jpeg?resize=1400%2C800&ssl=1 4x"},"classes":[]},{"id":45264,"url":"https:\/\/www.akehedman.se\/wordpress\/?p=45264","url_meta":{"origin":27126,"position":5},"title":"M\u00f6ter godheten","author":"\u00c5ke Hedman","date":"2023-06-11","format":false,"excerpt":"Vi sitter under l\u00f6nnen, den bortr\u00f6vade, och njuter en kvargl\u00f6md bit pizza fr\u00e5n fredagskv\u00e4llen, K och jag. Kaffe p\u00e5 det. Oslagbart s\u00e5klart. Inget \u00e4r s\u00e5 gott som en kopp kaffe ute under l\u00f6nnen. Det fungerar f.\u00f6. mycket bra med kaffe ute p\u00e5 andra st\u00e4llen ocks\u00e5. Kaffe + ute = Gott.\u2026","rel":"","context":"In &quot;Swedish&quot;","block_context":{"text":"Swedish","link":"https:\/\/www.akehedman.se\/wordpress\/?cat=2"},"img":{"alt_text":"","src":"https:\/\/i0.wp.com\/www.akehedman.se\/wordpress\/wp-content\/uploads\/2023\/06\/IMG_20230608_165822-scaled.jpg?resize=350%2C200&ssl=1","width":350,"height":200,"srcset":"https:\/\/i0.wp.com\/www.akehedman.se\/wordpress\/wp-content\/uploads\/2023\/06\/IMG_20230608_165822-scaled.jpg?resize=350%2C200&ssl=1 1x, https:\/\/i0.wp.com\/www.akehedman.se\/wordpress\/wp-content\/uploads\/2023\/06\/IMG_20230608_165822-scaled.jpg?resize=525%2C300&ssl=1 1.5x, https:\/\/i0.wp.com\/www.akehedman.se\/wordpress\/wp-content\/uploads\/2023\/06\/IMG_20230608_165822-scaled.jpg?resize=700%2C400&ssl=1 2x, https:\/\/i0.wp.com\/www.akehedman.se\/wordpress\/wp-content\/uploads\/2023\/06\/IMG_20230608_165822-scaled.jpg?resize=1050%2C600&ssl=1 3x, https:\/\/i0.wp.com\/www.akehedman.se\/wordpress\/wp-content\/uploads\/2023\/06\/IMG_20230608_165822-scaled.jpg?resize=1400%2C800&ssl=1 4x"},"classes":[]}],"jetpack_shortlink":"https:\/\/wp.me\/p68PL2-73w","_links":{"self":[{"href":"https:\/\/www.akehedman.se\/wordpress\/index.php?rest_route=\/wp\/v2\/posts\/27126","targetHints":{"allow":["GET"]}}],"collection":[{"href":"https:\/\/www.akehedman.se\/wordpress\/index.php?rest_route=\/wp\/v2\/posts"}],"about":[{"href":"https:\/\/www.akehedman.se\/wordpress\/index.php?rest_route=\/wp\/v2\/types\/post"}],"author":[{"embeddable":true,"href":"https:\/\/www.akehedman.se\/wordpress\/index.php?rest_route=\/wp\/v2\/users\/24"}],"replies":[{"embeddable":true,"href":"https:\/\/www.akehedman.se\/wordpress\/index.php?rest_route=%2Fwp%2Fv2%2Fcomments&post=27126"}],"version-history":[{"count":2,"href":"https:\/\/www.akehedman.se\/wordpress\/index.php?rest_route=\/wp\/v2\/posts\/27126\/revisions"}],"predecessor-version":[{"id":39947,"href":"https:\/\/www.akehedman.se\/wordpress\/index.php?rest_route=\/wp\/v2\/posts\/27126\/revisions\/39947"}],"wp:attachment":[{"href":"https:\/\/www.akehedman.se\/wordpress\/index.php?rest_route=%2Fwp%2Fv2%2Fmedia&parent=27126"}],"wp:term":[{"taxonomy":"category","embeddable":true,"href":"https:\/\/www.akehedman.se\/wordpress\/index.php?rest_route=%2Fwp%2Fv2%2Fcategories&post=27126"},{"taxonomy":"post_tag","embeddable":true,"href":"https:\/\/www.akehedman.se\/wordpress\/index.php?rest_route=%2Fwp%2Fv2%2Ftags&post=27126"}],"curies":[{"name":"wp","href":"https:\/\/api.w.org\/{rel}","templated":true}]}}