{"id":27086,"date":"2018-02-11T17:33:58","date_gmt":"2018-02-11T16:33:58","guid":{"rendered":"http:\/\/www.akehedman.se\/wordpress\/?p=27086"},"modified":"2018-02-11T20:53:21","modified_gmt":"2018-02-11T19:53:21","slug":"senast-lasta-bok-carinabergfeldt","status":"publish","type":"post","link":"https:\/\/www.akehedman.se\/wordpress\/?p=27086","title":{"rendered":"Senast l\u00e4sta bok @carinabergfeldt"},"content":{"rendered":"<p><img data-recalc-dims=\"1\" loading=\"lazy\" decoding=\"async\" class=\"alignnone size-full wp-image-27087\" src=\"https:\/\/i0.wp.com\/www.akehedman.se\/wordpress\/wp-content\/uploads\/2018\/02\/fadersmord.jpg?resize=201%2C313\" alt=\"\" width=\"201\" height=\"313\" srcset=\"https:\/\/i0.wp.com\/www.akehedman.se\/wordpress\/wp-content\/uploads\/2018\/02\/fadersmord.jpg?w=201&amp;ssl=1 201w, https:\/\/i0.wp.com\/www.akehedman.se\/wordpress\/wp-content\/uploads\/2018\/02\/fadersmord.jpg?resize=193%2C300&amp;ssl=1 193w\" sizes=\"auto, (max-width: 201px) 100vw, 201px\" \/><\/p>\n<p><a href=\"https:\/\/www.bokus.com\/bok\/9789187441912\/fadersmord\/\">Fadersmord<\/a> av Carina Bergfeldt<\/p>\n<p>Ibland blir jag f\u00f6rbannad. Det h\u00e4r \u00e4r en s\u00e5dan g\u00e5ng. Jag f\u00f6ljer Carina sedan l\u00e4nge p\u00e5 b\u00e5de nyhetss\u00e4ndningar och p\u00e5 Twitter och det r\u00e4cker med det liksom. En beg\u00e5vad ung m\u00e4nniska som g\u00f6r ett f\u00f6rbannat bra jobb, som sitter p\u00e5 en position som inte \u00e4r helt l\u00e4tt, men klarar allt det d\u00e4r galant, g\u00f6r det bra, delar med sig,bjuder p\u00e5 sitt liv, g\u00f6r ocks\u00e5 det bra och med glimten i \u00f6gat.<\/p>\n<p>Ja min fru f\u00f6ljer henne ocks\u00e5 och vi pratar ofta om var Carina gjort senast h\u00e4r i huset nu f\u00f6r tiden. Ja jag vet, lite patetiskt, men nu bor vi mitt ute i skogen och h\u00e4r h\u00e4nder inte mycket annat. Men viktigast av allt vi gillar m\u00e4nniskor som g\u00f6r mer \u00e4n vad som f\u00f6rv\u00e4ntas av dem. H\u00e4r \u00e4r en sj\u00e4lvklar s\u00e5dan person. En &#8220;icketr\u00f6tting&#8221;.<\/p>\n<p>S\u00e5klart \u00e4r hon f\u00f6rfattare ocks\u00e5. Ja ger mig fan p\u00e5 att hon spelar tre fyra instrument och m\u00e5lar helt underbara tavlor ocks\u00e5. Men just det vet jag inget om. F\u00f6rfattarskapet manar i alla fall till utforskande. K l\u00e4ser och gillar. Jag l\u00e4ser ut i helgen och gillar. Ja och det \u00e4r allts\u00e5 d\u00e4r jag blir f\u00f6rbannad. Allts\u00e5 p\u00e5 en han\/hon\/det\/gud som jag visserligen resonerar med r\u00e4tt ofta men som jag inte direkt har n\u00e5gon relation till men som naturligtvis \u00e4r ansvarig f\u00f6r att den del m\u00e4nniskor som Carina f\u00e5r alla g\u00e5vor medans gamla ocoola gubbar och andra blir utan det mesta. Ja eller om det bara \u00e4r gener. Vilket kanske \u00e4r troligare. Gener och j\u00e4rnvilja.<\/p>\n<p>Jag l\u00e4ser med full bildgenerering i huvudet, det \u00e4r bra l\u00e4sning. Jo det tycker jag. Finurligt och man fattar att h\u00e4r har det jobbats. Ja och det \u00e4r ju s\u00e5, att det jobbas, det \u00e4r lika med det d\u00e4r USA korrandet, det jobbas, det \u00e4r det som ger resultat. Inget av det h\u00e4r kommer gratis. H\u00e4r har vi en h\u00e5rdjobbare helt enkelt. Jobbar man och sliter skiten ur sig s\u00e5 ger det till slut resultat. N\u00e5ja, ibland, f\u00f6r n\u00e5gra, ja och chansen \u00f6kar \u00e5tminstone.<\/p>\n<p>Slutsats <strong>L\u00e4s<\/strong>! Men ocks\u00e5 f\u00f6lj ocks\u00e5 g\u00e4rna Carina p\u00e5 fejjan eller p\u00e5 Twitter. En rolig person att f\u00f6lja helt enkelt. En person skrattar med, l\u00e4r sig av och beundrar som m\u00e4nniska. S\u00e5dana vi beh\u00f6ver fler av. Japp, kommer sj\u00e4lvklart l\u00e4sa mer fr\u00e5n den h\u00e4r pennan.<\/p>\n<p>Alla andra b\u00f6cker jag l\u00e4st finns <a href=\"http:\/\/www.akehedman.se\/wordpress\/?cat=13\">h\u00e4r<\/a>.<\/p>\n","protected":false},"excerpt":{"rendered":"<p>Fadersmord av Carina Bergfeldt Ibland blir jag f\u00f6rbannad. Det h\u00e4r \u00e4r en s\u00e5dan g\u00e5ng. Jag f\u00f6ljer Carina sedan l\u00e4nge p\u00e5 b\u00e5de nyhetss\u00e4ndningar och p\u00e5 Twitter och det r\u00e4cker med det liksom. En beg\u00e5vad ung m\u00e4nniska som g\u00f6r ett f\u00f6rbannat bra jobb, som sitter p\u00e5 en position som inte \u00e4r helt l\u00e4tt, men klarar allt det [&hellip;]<\/p>\n","protected":false},"author":24,"featured_media":0,"comment_status":"open","ping_status":"open","sticky":false,"template":"","format":"standard","meta":{"_crdt_document":"","jetpack_post_was_ever_published":false,"_jetpack_newsletter_access":"","_jetpack_dont_email_post_to_subs":false,"_jetpack_newsletter_tier_id":0,"_jetpack_memberships_contains_paywalled_content":false,"_jetpack_memberships_contains_paid_content":false,"footnotes":"","jetpack_publicize_message":"","jetpack_publicize_feature_enabled":true,"jetpack_social_post_already_shared":true,"jetpack_social_options":{"image_generator_settings":{"template":"highway","default_image_id":0,"font":"","enabled":false},"version":2}},"categories":[13],"tags":[],"class_list":["post-27086","post","type-post","status-publish","format-standard","hentry","category-bocker"],"jetpack_publicize_connections":[],"jetpack_featured_media_url":"","jetpack_sharing_enabled":true,"jetpack_likes_enabled":true,"jetpack-related-posts":[{"id":10904,"url":"https:\/\/www.akehedman.se\/wordpress\/?p=10904","url_meta":{"origin":27086,"position":0},"title":"Jag vinner litteraturpriset den h\u00e4r lunchen.","author":"\u00c5ke Hedman","date":"2013-11-12","format":false,"excerpt":"Lena Andersson vinner SVD's bokpris f\u00f6r romanen \"Egenm\u00e4ktigt f\u00f6rfarande\". V\u00e4lf\u00f6rtj\u00e4nt \u00e4r jag helt s\u00e4ker p\u00e5 att det \u00e4r men har inte l\u00e4st boken s\u00e5 jag kan egentligen inte ha en \u00e5sikt om saken. Men jag imponeras av dessa vinnare och kan inte, trots att jag helt saknar litter\u00e4ra ambitioner det\u2026","rel":"","context":"In &quot;Betraktelser &amp; Ber\u00e4ttelse&quot;","block_context":{"text":"Betraktelser &amp; Ber\u00e4ttelse","link":"https:\/\/www.akehedman.se\/wordpress\/?cat=24"},"img":{"alt_text":"6498409997_9de2589a92_m","src":"https:\/\/i0.wp.com\/www.eurosource.se\/akhe\/wordpress\/wp-content\/uploads\/2013\/11\/6498409997_9de2589a92_m.jpg?resize=350%2C200","width":350,"height":200},"classes":[]},{"id":15266,"url":"https:\/\/www.akehedman.se\/wordpress\/?p=15266","url_meta":{"origin":27086,"position":1},"title":"Tror jag p\u00e5 han\/hon\/det\/gud?","author":"\u00c5ke Hedman","date":"2014-11-04","format":false,"excerpt":"Man kan tro p\u00e5 mycket. Tomten t.ex, eller p\u00e5 Gud, eller p\u00e5 Dj\u00e4vlar, eller p\u00e5 k\u00e4rleken eller p\u00e5 konton fyllda med st\u00e5lar. Ja en massa andra saker ocks\u00e5 s\u00e5klart. Sj\u00e4lv tror jag definitivt p\u00e5 tomten. Ja dj\u00e4vlar har man ju tr\u00e4ffat sin besk\u00e4rda del av under sina dagar ocks\u00e5. St\u00e5larna\u2026","rel":"","context":"In &quot;Betraktelser &amp; Ber\u00e4ttelse&quot;","block_context":{"text":"Betraktelser &amp; Ber\u00e4ttelse","link":"https:\/\/www.akehedman.se\/wordpress\/?cat=24"},"img":{"alt_text":"IMG_20141023_093642","src":"https:\/\/i0.wp.com\/www.eurosource.se\/akhe\/wordpress\/wp-content\/uploads\/2014\/10\/IMG_20141023_093642-1024x768.jpg?resize=350%2C200","width":350,"height":200,"srcset":"https:\/\/i0.wp.com\/www.eurosource.se\/akhe\/wordpress\/wp-content\/uploads\/2014\/10\/IMG_20141023_093642-1024x768.jpg?resize=350%2C200 1x, https:\/\/i0.wp.com\/www.eurosource.se\/akhe\/wordpress\/wp-content\/uploads\/2014\/10\/IMG_20141023_093642-1024x768.jpg?resize=525%2C300 1.5x"},"classes":[]},{"id":20995,"url":"https:\/\/www.akehedman.se\/wordpress\/?p=20995","url_meta":{"origin":27086,"position":2},"title":"JA! s\u00e4ger jag","author":"\u00c5ke Hedman","date":"2016-07-11","format":false,"excerpt":"Regnv\u00e4dersdag. Jobbdag allts\u00e5. Och jag jobbar. Men det \u00e4r inte med den vanliga koncentrationen. Men det \u00e4r som det \u00e4r. Fram\u00e5t g\u00e5r det i alla fall \u00e4ven om det tycks r\u00f6ra sig d\u00e4r\u00e5t med snigelfart. Jag beh\u00f6ver komma loss. En bekant r\u00f6r sig genom Sverige med l\u00e4tthet nu i dagarna.\u2026","rel":"","context":"In &quot;Betraktelser &amp; Ber\u00e4ttelse&quot;","block_context":{"text":"Betraktelser &amp; Ber\u00e4ttelse","link":"https:\/\/www.akehedman.se\/wordpress\/?cat=24"},"img":{"alt_text":"3303064_1200_675","src":"https:\/\/i0.wp.com\/www.akehedman.se\/wordpress\/wp-content\/uploads\/2016\/07\/3303064_1200_675.jpg?resize=350%2C200","width":350,"height":200,"srcset":"https:\/\/i0.wp.com\/www.akehedman.se\/wordpress\/wp-content\/uploads\/2016\/07\/3303064_1200_675.jpg?resize=350%2C200 1x, https:\/\/i0.wp.com\/www.akehedman.se\/wordpress\/wp-content\/uploads\/2016\/07\/3303064_1200_675.jpg?resize=525%2C300 1.5x"},"classes":[]},{"id":34018,"url":"https:\/\/www.akehedman.se\/wordpress\/?p=34018","url_meta":{"origin":27086,"position":3},"title":"Man kan ju undra","author":"\u00c5ke Hedman","date":"2020-01-06","format":false,"excerpt":"Har lite sv\u00e5rt att tillgodog\u00f6ra mig olika filmer och serier p\u00e5 TV numera. Jod\u00e5 Engelskspr\u00e5kiga och Svenska fungerar r\u00e4tt bra men \u00e4r det minsta lilla text eller prat p\u00e5 dialekt eller om det \u00e4r otydligt p\u00e5 annat s\u00e4tt s\u00e5 \u00e4r man borta. K l\u00e4ser en del h\u00f6gt f\u00f6r mig. Det\u2026","rel":"","context":"In &quot;Betraktelser &amp; Ber\u00e4ttelse&quot;","block_context":{"text":"Betraktelser &amp; Ber\u00e4ttelse","link":"https:\/\/www.akehedman.se\/wordpress\/?cat=24"},"img":{"alt_text":"","src":"https:\/\/i0.wp.com\/www.akehedman.se\/wordpress\/wp-content\/uploads\/2020\/01\/IMG_20200106_215444957-scaled.jpg?resize=350%2C200&ssl=1","width":350,"height":200,"srcset":"https:\/\/i0.wp.com\/www.akehedman.se\/wordpress\/wp-content\/uploads\/2020\/01\/IMG_20200106_215444957-scaled.jpg?resize=350%2C200&ssl=1 1x, https:\/\/i0.wp.com\/www.akehedman.se\/wordpress\/wp-content\/uploads\/2020\/01\/IMG_20200106_215444957-scaled.jpg?resize=525%2C300&ssl=1 1.5x, https:\/\/i0.wp.com\/www.akehedman.se\/wordpress\/wp-content\/uploads\/2020\/01\/IMG_20200106_215444957-scaled.jpg?resize=700%2C400&ssl=1 2x, https:\/\/i0.wp.com\/www.akehedman.se\/wordpress\/wp-content\/uploads\/2020\/01\/IMG_20200106_215444957-scaled.jpg?resize=1050%2C600&ssl=1 3x, https:\/\/i0.wp.com\/www.akehedman.se\/wordpress\/wp-content\/uploads\/2020\/01\/IMG_20200106_215444957-scaled.jpg?resize=1400%2C800&ssl=1 4x"},"classes":[]},{"id":18714,"url":"https:\/\/www.akehedman.se\/wordpress\/?p=18714","url_meta":{"origin":27086,"position":4},"title":"Fredag i &#8220;paradiset&#8221;","author":"\u00c5ke Hedman","date":"2015-10-02","format":false,"excerpt":"Fredag igen. Den g\u00e5r f\u00f6r snabbt. Tiden. Jag hinner inte med. Tisdag hade varit b\u00e4ttre. Japp. Helvetes klocka. Sakta ner. Livet rinner ut. Snart sextio och s\u00e5 mycket kvar att g\u00f6ra. Men fredag allts\u00e5. Jag m\u00e5ste st\u00e4da innan jag forts\u00e4tter med det som m\u00e5ste g\u00f6ras. Som om jag hade tid\u2026","rel":"","context":"In &quot;Betraktelser &amp; Ber\u00e4ttelse&quot;","block_context":{"text":"Betraktelser &amp; Ber\u00e4ttelse","link":"https:\/\/www.akehedman.se\/wordpress\/?cat=24"},"img":{"alt_text":"Jorden2","src":"https:\/\/i0.wp.com\/www.akehedman.se\/wordpress\/wp-content\/uploads\/2013\/05\/Jorden2.jpg?resize=350%2C200","width":350,"height":200,"srcset":"https:\/\/i0.wp.com\/www.akehedman.se\/wordpress\/wp-content\/uploads\/2013\/05\/Jorden2.jpg?resize=350%2C200 1x, https:\/\/i0.wp.com\/www.akehedman.se\/wordpress\/wp-content\/uploads\/2013\/05\/Jorden2.jpg?resize=525%2C300 1.5x, https:\/\/i0.wp.com\/www.akehedman.se\/wordpress\/wp-content\/uploads\/2013\/05\/Jorden2.jpg?resize=700%2C400 2x"},"classes":[]},{"id":14162,"url":"https:\/\/www.akehedman.se\/wordpress\/?p=14162","url_meta":{"origin":27086,"position":5},"title":"F\u00f6rra g\u00e5ngen kr\u00e4ktes hunden nu gr\u00e5ter alla","author":"\u00c5ke Hedman","date":"2014-07-25","format":false,"excerpt":"Jag \u00e5ker ner mot Ovan\u00e5ker ganska tidigt. Vill ha tid p\u00e5 mig utifall spr\u00e4ngfyllningen plockar fler d\u00e4ck. Men det g\u00e5r bra. Kommer ned med god marginal. Jag \u00e4r p\u00e5 v\u00e4g till en gammal v\u00e4ns begravning. Skall sjunga tv\u00e5 l\u00e5tar - med Peter Sub\u00e4ck p\u00e5 komp. - p\u00e5 Lars Jons\u00e4lls begravning.\u2026","rel":"","context":"In &quot;Betraktelser &amp; Ber\u00e4ttelse&quot;","block_context":{"text":"Betraktelser &amp; Ber\u00e4ttelse","link":"https:\/\/www.akehedman.se\/wordpress\/?cat=24"},"img":{"alt_text":"tarar","src":"https:\/\/i0.wp.com\/www.eurosource.se\/akhe\/wordpress\/wp-content\/uploads\/2014\/07\/tarar.jpg?resize=350%2C200","width":350,"height":200},"classes":[]}],"jetpack_shortlink":"https:\/\/wp.me\/p68PL2-72S","_links":{"self":[{"href":"https:\/\/www.akehedman.se\/wordpress\/index.php?rest_route=\/wp\/v2\/posts\/27086","targetHints":{"allow":["GET"]}}],"collection":[{"href":"https:\/\/www.akehedman.se\/wordpress\/index.php?rest_route=\/wp\/v2\/posts"}],"about":[{"href":"https:\/\/www.akehedman.se\/wordpress\/index.php?rest_route=\/wp\/v2\/types\/post"}],"author":[{"embeddable":true,"href":"https:\/\/www.akehedman.se\/wordpress\/index.php?rest_route=\/wp\/v2\/users\/24"}],"replies":[{"embeddable":true,"href":"https:\/\/www.akehedman.se\/wordpress\/index.php?rest_route=%2Fwp%2Fv2%2Fcomments&post=27086"}],"version-history":[{"count":3,"href":"https:\/\/www.akehedman.se\/wordpress\/index.php?rest_route=\/wp\/v2\/posts\/27086\/revisions"}],"predecessor-version":[{"id":27090,"href":"https:\/\/www.akehedman.se\/wordpress\/index.php?rest_route=\/wp\/v2\/posts\/27086\/revisions\/27090"}],"wp:attachment":[{"href":"https:\/\/www.akehedman.se\/wordpress\/index.php?rest_route=%2Fwp%2Fv2%2Fmedia&parent=27086"}],"wp:term":[{"taxonomy":"category","embeddable":true,"href":"https:\/\/www.akehedman.se\/wordpress\/index.php?rest_route=%2Fwp%2Fv2%2Fcategories&post=27086"},{"taxonomy":"post_tag","embeddable":true,"href":"https:\/\/www.akehedman.se\/wordpress\/index.php?rest_route=%2Fwp%2Fv2%2Ftags&post=27086"}],"curies":[{"name":"wp","href":"https:\/\/api.w.org\/{rel}","templated":true}]}}