{"id":26858,"date":"2018-01-26T12:45:44","date_gmt":"2018-01-26T11:45:44","guid":{"rendered":"http:\/\/www.akehedman.se\/wordpress\/?p=26858"},"modified":"2018-01-26T12:45:44","modified_gmt":"2018-01-26T11:45:44","slug":"jag-skall-bara","status":"publish","type":"post","link":"https:\/\/www.akehedman.se\/wordpress\/?p=26858","title":{"rendered":"&#8220;Jag skall bara&#8230;&#8221;"},"content":{"rendered":"<p><img data-recalc-dims=\"1\" loading=\"lazy\" decoding=\"async\" class=\"alignnone size-full wp-image-26859\" src=\"https:\/\/i0.wp.com\/www.akehedman.se\/wordpress\/wp-content\/uploads\/2018\/01\/IMG_20180126_112915022_HDR.png?resize=580%2C325\" alt=\"\" width=\"580\" height=\"325\" srcset=\"https:\/\/i0.wp.com\/www.akehedman.se\/wordpress\/wp-content\/uploads\/2018\/01\/IMG_20180126_112915022_HDR.png?w=640&amp;ssl=1 640w, https:\/\/i0.wp.com\/www.akehedman.se\/wordpress\/wp-content\/uploads\/2018\/01\/IMG_20180126_112915022_HDR.png?resize=300%2C168&amp;ssl=1 300w, https:\/\/i0.wp.com\/www.akehedman.se\/wordpress\/wp-content\/uploads\/2018\/01\/IMG_20180126_112915022_HDR.png?resize=500%2C280&amp;ssl=1 500w\" sizes=\"auto, (max-width: 580px) 100vw, 580px\" \/><\/p>\n<p>&#8220;Jag skall bara&#8230;&#8221; det \u00e4r precis d\u00e4r jag \u00e4r nu. Innan 13.0.0 skeppas. Ja det \u00e4r nu ingen stor sak, men ganska mycket knappande. Ett \u00e5r. femton, sexton timmar per dag, sex dar i veckan, n\u00e5ja s\u00e4g tolv per dag f\u00f6r att kompensera f\u00f6r ledigheter, fredagskv\u00e4llar och s\u00e5nt. Allts\u00e5 52*6*12 = 3744 timmar. En ot\u00e4ck siffra.<\/p>\n<p>Ja och <strong>varf\u00f6r<\/strong> d\u00e5 kan man fr\u00e5ga!? Ja bara f\u00f6r att man kan. Bara f\u00f6r att man \u00e4r nyfiken sj\u00e4lv hur l\u00e5ngt det g\u00e5r. Ja fira t\u00e4nker jag g\u00f6ra med ett glas saft och en pepparkaka. Som vanligt vid releaser. Sen k\u00f6r vi igen.\u00a0 Mer \u00e4r det inte med det. L\u00e5tsasjobb. Sten p\u00e5 sten.<\/p>\n<p>Man skall definitivt inte t\u00e4nka efter f\u00f6r mycket. Liksom.<\/p>\n<p>Soligt h\u00e4r. Varmgrader. Ja, l\u00f6gn. Det \u00e4r nollgradigt. S\u00e5 n\u00e4stan d\u00e5. Liksom. N\u00e4ra behov att dra ner persienner. Det \u00e4r inte varje dag.<\/p>\n<p>Annars fredag. En kv\u00e4ll med vila. Se ikapp en del serier som vi f\u00f6ljer b\u00e5de K och jag. Om jag inte somnar f\u00f6r h\u00e5rt p\u00e5 gr\u00f6n IKEA soffa. Men ofta kan det r\u00e4cka med en timme mellan tjugo och tjugoett. K suckar. Hennes man \u00e4r inte som hennes pigga kamrater.<\/p>\n<p>Paris sv\u00e4mmar \u00f6ver. V\u00e4n i f\u00f6rorterna simmar till jobbet. Men om man tittar p\u00e5 hygrometern i hans hus s\u00e5 har han det ganska fuktigt under resten av \u00e5ret ocks\u00e5. Tr\u00e4hus kontra stenhus har vi kommit fram till. Ja, kylan h\u00e4r har v\u00e4l sin inverkan ocks\u00e5 s\u00e5klart. H\u00e4r \u00e4r det ju \u00f6kenklimat \u00e5 andra sidan. Inne allts\u00e5.<\/p>\n<p>Drar ned persiennerna. Jod\u00e5!<\/p>\n<p>Men gott att leva. Japp, det \u00e4r det. Liksom.<\/p>\n<p>&nbsp;<\/p>\n","protected":false},"excerpt":{"rendered":"<p>&#8220;Jag skall bara&#8230;&#8221; det \u00e4r precis d\u00e4r jag \u00e4r nu. Innan 13.0.0 skeppas. Ja det \u00e4r nu ingen stor sak, men ganska mycket knappande. Ett \u00e5r. femton, sexton timmar per dag, sex dar i veckan, n\u00e5ja s\u00e4g tolv per dag f\u00f6r att kompensera f\u00f6r ledigheter, fredagskv\u00e4llar och s\u00e5nt. Allts\u00e5 52*6*12 = 3744 timmar. En ot\u00e4ck [&hellip;]<\/p>\n","protected":false},"author":24,"featured_media":0,"comment_status":"open","ping_status":"open","sticky":false,"template":"","format":"standard","meta":{"_crdt_document":"","jetpack_post_was_ever_published":false,"_jetpack_newsletter_access":"","_jetpack_dont_email_post_to_subs":false,"_jetpack_newsletter_tier_id":0,"_jetpack_memberships_contains_paywalled_content":false,"_jetpack_memberships_contains_paid_content":false,"footnotes":"","jetpack_publicize_message":"","jetpack_publicize_feature_enabled":true,"jetpack_social_post_already_shared":true,"jetpack_social_options":{"image_generator_settings":{"template":"highway","default_image_id":0,"font":"","enabled":false},"version":2}},"categories":[24],"tags":[],"class_list":["post-26858","post","type-post","status-publish","format-standard","hentry","category-betraktelser"],"jetpack_publicize_connections":[],"jetpack_featured_media_url":"","jetpack_sharing_enabled":true,"jetpack_likes_enabled":true,"jetpack-related-posts":[{"id":23527,"url":"https:\/\/www.akehedman.se\/wordpress\/?p=23527","url_meta":{"origin":26858,"position":0},"title":"M\u00f6tesplats","author":"\u00c5ke Hedman","date":"2017-03-02","format":false,"excerpt":"Dricker kaffe, nu den h\u00e4r tiden, det \u00e4r\u00a0 ett misstag, ett stort misstag. Men jag dricker i alla fall. Allt mot b\u00e4ttre vetande. Vore jag en m\u00e4nniska som t\u00e4nkte efter f\u00f6re skulle jag inte g\u00f6ra mycket. Nej inte dricka kaffe nu den h\u00e4r tiden heller. Jag vet ju hur det\u2026","rel":"","context":"In &quot;Betraktelser &amp; Ber\u00e4ttelse&quot;","block_context":{"text":"Betraktelser &amp; Ber\u00e4ttelse","link":"https:\/\/www.akehedman.se\/wordpress\/?cat=24"},"img":{"alt_text":"","src":"https:\/\/i0.wp.com\/www.akehedman.se\/wordpress\/wp-content\/uploads\/2014\/09\/kaffe.jpg?resize=350%2C200","width":350,"height":200},"classes":[]},{"id":31156,"url":"https:\/\/www.akehedman.se\/wordpress\/?p=31156","url_meta":{"origin":26858,"position":1},"title":"Stens funderingar","author":"\u00c5ke Hedman","date":"2018-12-23","format":false,"excerpt":"Om man nu bara \u00e4r en sten. Ja en bumling till sten. Inget annat. En stor stolt gr\u00e5sten med lite mossa p\u00e5. Miljarder \u00e5r p\u00e5 nacken. Inte miljoner. Om man nu \u00e4r det. Ung. F\u00f6r att vara en sten allts\u00e5. Om man ligger d\u00e4r p\u00e5 en bergskam fast f\u00f6rankrad med\u2026","rel":"","context":"In &quot;Noveller&quot;","block_context":{"text":"Noveller","link":"https:\/\/www.akehedman.se\/wordpress\/?cat=57"},"img":{"alt_text":"","src":"","width":0,"height":0},"classes":[]},{"id":27234,"url":"https:\/\/www.akehedman.se\/wordpress\/?p=27234","url_meta":{"origin":26858,"position":2},"title":"St\u00f6ld och en ny skiva","author":"\u00c5ke Hedman","date":"2018-02-18","format":false,"excerpt":"Vore det inte en s\u00e5dan uppenbar st\u00f6ld s\u00e5 skulle jag stj\u00e4la The fool on the hill som namn p\u00e5 den h\u00e4r bloggen. Ja byta. \u00c4ndra efter alla \u00e5r. Aldrig har v\u00e4l en l\u00e5t passat b\u00e4ttre som beskrivning av mig h\u00e4r p\u00e5 kullen. Ja, jag har annars en lista med andra\u2026","rel":"","context":"In &quot;Betraktelser &amp; Ber\u00e4ttelse&quot;","block_context":{"text":"Betraktelser &amp; Ber\u00e4ttelse","link":"https:\/\/www.akehedman.se\/wordpress\/?cat=24"},"img":{"alt_text":"","src":"https:\/\/i0.wp.com\/www.akehedman.se\/wordpress\/wp-content\/uploads\/2018\/02\/IMG_20180215_123558636_HDR-1024x576.jpg?resize=350%2C200","width":350,"height":200,"srcset":"https:\/\/i0.wp.com\/www.akehedman.se\/wordpress\/wp-content\/uploads\/2018\/02\/IMG_20180215_123558636_HDR-1024x576.jpg?resize=350%2C200 1x, https:\/\/i0.wp.com\/www.akehedman.se\/wordpress\/wp-content\/uploads\/2018\/02\/IMG_20180215_123558636_HDR-1024x576.jpg?resize=525%2C300 1.5x"},"classes":[]},{"id":40844,"url":"https:\/\/www.akehedman.se\/wordpress\/?p=40844","url_meta":{"origin":26858,"position":3},"title":"Tid f\u00f6r dom tappra","author":"\u00c5ke Hedman","date":"2022-01-10","format":false,"excerpt":"Photo by Ricardo Esquivel on Pexels.com Oxdragarveckor f\u00f6r\u00f6ver. Femton veckor till p\u00e5sk. Extra ledig tid f\u00f6rst d\u00e5. Sen kristi (propeller)flygare i maj. En dag. Nationaldag i juni. En dag. Kanske kan en del ocks\u00e5 smita ifr\u00e5n p\u00e5 midsommarafton. I alla fall tj\u00e4nstem\u00e4nnen. De privilegierade. H\u00e5rda veckor f\u00f6r alla. Jag v\u00e4lkomnar.\u2026","rel":"","context":"In &quot;Betraktelser &amp; Ber\u00e4ttelse&quot;","block_context":{"text":"Betraktelser &amp; Ber\u00e4ttelse","link":"https:\/\/www.akehedman.se\/wordpress\/?cat=24"},"img":{"alt_text":"","src":"https:\/\/i0.wp.com\/www.akehedman.se\/wordpress\/wp-content\/uploads\/2022\/01\/Screenshot-from-2022-01-10-08-42-27.png?resize=350%2C200&ssl=1","width":350,"height":200,"srcset":"https:\/\/i0.wp.com\/www.akehedman.se\/wordpress\/wp-content\/uploads\/2022\/01\/Screenshot-from-2022-01-10-08-42-27.png?resize=350%2C200&ssl=1 1x, https:\/\/i0.wp.com\/www.akehedman.se\/wordpress\/wp-content\/uploads\/2022\/01\/Screenshot-from-2022-01-10-08-42-27.png?resize=525%2C300&ssl=1 1.5x, https:\/\/i0.wp.com\/www.akehedman.se\/wordpress\/wp-content\/uploads\/2022\/01\/Screenshot-from-2022-01-10-08-42-27.png?resize=700%2C400&ssl=1 2x"},"classes":[]},{"id":23374,"url":"https:\/\/www.akehedman.se\/wordpress\/?p=23374","url_meta":{"origin":26858,"position":4},"title":"Att f\u00f6r\u00e4ndra v\u00e4rlden","author":"\u00c5ke Hedman","date":"2017-02-16","format":false,"excerpt":"Jod\u00e5, jag fick en dag till. Man inser det n\u00e4r man sl\u00e5r upp \u00f6gonen d\u00e4r i s\u00e4ngen. Tack uttalar man viskande. En torsdag till i livet. Torsdag \u00e4r de nya fredagarna h\u00e4r i huset. S\u00e5 k\u00e4nns det. Eller i alla fall en till fredag i veckan. Kan man ha f\u00f6r\u2026","rel":"","context":"In &quot;Betraktelser &amp; Ber\u00e4ttelse&quot;","block_context":{"text":"Betraktelser &amp; Ber\u00e4ttelse","link":"https:\/\/www.akehedman.se\/wordpress\/?cat=24"},"img":{"alt_text":"","src":"https:\/\/i0.wp.com\/www.akehedman.se\/wordpress\/wp-content\/uploads\/2017\/02\/3336570-steve-jobs-quote-crazy.jpg?resize=350%2C200","width":350,"height":200,"srcset":"https:\/\/i0.wp.com\/www.akehedman.se\/wordpress\/wp-content\/uploads\/2017\/02\/3336570-steve-jobs-quote-crazy.jpg?resize=350%2C200 1x, https:\/\/i0.wp.com\/www.akehedman.se\/wordpress\/wp-content\/uploads\/2017\/02\/3336570-steve-jobs-quote-crazy.jpg?resize=525%2C300 1.5x"},"classes":[]},{"id":23273,"url":"https:\/\/www.akehedman.se\/wordpress\/?p=23273","url_meta":{"origin":26858,"position":5},"title":"Sprickor","author":"\u00c5ke Hedman","date":"2017-02-08","format":false,"excerpt":"Jod\u00e5 jag sitter h\u00e4r. Knappar l\u00e5ngsamt. Inte snabbt som annars. Tecken f\u00f6r tecken med tvekan just nu. Inte ovanligt efter att n\u00e5got \u00e4r \"klart\". Jag \u00e4r en slow starter.\u00a0 Var bilen lika sv\u00e5rstartad som jag \u00e4r s\u00e5 skulle man alltid komma fram en halv dag senare \u00e4n man t\u00e4nkt. \u00c5\u2026","rel":"","context":"In &quot;Betraktelser &amp; Ber\u00e4ttelse&quot;","block_context":{"text":"Betraktelser &amp; Ber\u00e4ttelse","link":"https:\/\/www.akehedman.se\/wordpress\/?cat=24"},"img":{"alt_text":"","src":"https:\/\/i0.wp.com\/www.akehedman.se\/wordpress\/wp-content\/uploads\/2017\/02\/sprickor-p-torr-jord-53579842.jpg?resize=350%2C200","width":350,"height":200},"classes":[]}],"jetpack_shortlink":"https:\/\/wp.me\/p68PL2-6Zc","_links":{"self":[{"href":"https:\/\/www.akehedman.se\/wordpress\/index.php?rest_route=\/wp\/v2\/posts\/26858","targetHints":{"allow":["GET"]}}],"collection":[{"href":"https:\/\/www.akehedman.se\/wordpress\/index.php?rest_route=\/wp\/v2\/posts"}],"about":[{"href":"https:\/\/www.akehedman.se\/wordpress\/index.php?rest_route=\/wp\/v2\/types\/post"}],"author":[{"embeddable":true,"href":"https:\/\/www.akehedman.se\/wordpress\/index.php?rest_route=\/wp\/v2\/users\/24"}],"replies":[{"embeddable":true,"href":"https:\/\/www.akehedman.se\/wordpress\/index.php?rest_route=%2Fwp%2Fv2%2Fcomments&post=26858"}],"version-history":[{"count":1,"href":"https:\/\/www.akehedman.se\/wordpress\/index.php?rest_route=\/wp\/v2\/posts\/26858\/revisions"}],"predecessor-version":[{"id":26860,"href":"https:\/\/www.akehedman.se\/wordpress\/index.php?rest_route=\/wp\/v2\/posts\/26858\/revisions\/26860"}],"wp:attachment":[{"href":"https:\/\/www.akehedman.se\/wordpress\/index.php?rest_route=%2Fwp%2Fv2%2Fmedia&parent=26858"}],"wp:term":[{"taxonomy":"category","embeddable":true,"href":"https:\/\/www.akehedman.se\/wordpress\/index.php?rest_route=%2Fwp%2Fv2%2Fcategories&post=26858"},{"taxonomy":"post_tag","embeddable":true,"href":"https:\/\/www.akehedman.se\/wordpress\/index.php?rest_route=%2Fwp%2Fv2%2Ftags&post=26858"}],"curies":[{"name":"wp","href":"https:\/\/api.w.org\/{rel}","templated":true}]}}