{"id":26848,"date":"2018-01-25T17:32:13","date_gmt":"2018-01-25T16:32:13","guid":{"rendered":"http:\/\/www.akehedman.se\/wordpress\/?p=26848"},"modified":"2018-01-25T17:32:13","modified_gmt":"2018-01-25T16:32:13","slug":"nar-fan-blir-gammal","status":"publish","type":"post","link":"https:\/\/www.akehedman.se\/wordpress\/?p=26848","title":{"rendered":"N\u00e4r fan blir gammal"},"content":{"rendered":"<p><img data-recalc-dims=\"1\" loading=\"lazy\" decoding=\"async\" class=\"alignnone size-large wp-image-26849\" src=\"https:\/\/i0.wp.com\/www.akehedman.se\/wordpress\/wp-content\/uploads\/2018\/01\/ljusdals_kyrka4-1024x515.png?resize=580%2C292\" alt=\"\" width=\"580\" height=\"292\" srcset=\"https:\/\/i0.wp.com\/www.akehedman.se\/wordpress\/wp-content\/uploads\/2018\/01\/ljusdals_kyrka4.png?resize=1024%2C515&amp;ssl=1 1024w, https:\/\/i0.wp.com\/www.akehedman.se\/wordpress\/wp-content\/uploads\/2018\/01\/ljusdals_kyrka4.png?resize=300%2C151&amp;ssl=1 300w, https:\/\/i0.wp.com\/www.akehedman.se\/wordpress\/wp-content\/uploads\/2018\/01\/ljusdals_kyrka4.png?resize=768%2C386&amp;ssl=1 768w, https:\/\/i0.wp.com\/www.akehedman.se\/wordpress\/wp-content\/uploads\/2018\/01\/ljusdals_kyrka4.png?resize=500%2C251&amp;ssl=1 500w, https:\/\/i0.wp.com\/www.akehedman.se\/wordpress\/wp-content\/uploads\/2018\/01\/ljusdals_kyrka4.png?w=1160&amp;ssl=1 1160w, https:\/\/i0.wp.com\/www.akehedman.se\/wordpress\/wp-content\/uploads\/2018\/01\/ljusdals_kyrka4.png?w=1740&amp;ssl=1 1740w\" sizes=\"auto, (max-width: 580px) 100vw, 580px\" \/><\/p>\n<p>Det s\u00e4gs att n\u00e4r fan blir gammal s\u00e5 blir han religi\u00f6s. Allts\u00e5 \u00e4r jag inte gammal \u00e4nnu. M\u00f6jligen inte (en) &#8220;fan&#8221; heller.\u00a0 Eller n\u00e5t. Religi\u00f6s \u00e4r jag i alla fall inte \u00e4nnu. De ondaste m\u00e4nniskor jag tr\u00e4ffat i mitt liv har varit religi\u00f6sa och jag \u00e4r helt s\u00e4ker p\u00e5 att v\u00e4rlden vore ett b\u00e4ttre st\u00e4lle utan en massa s\u00e5dan strunt. Uppv\u00e4xt i Edsbyn. Lilla Jerusalem. Numera \u00e4r det visst Gnosj\u00f6 som \u00e4r det. Eller J\u00f6nk\u00f6ping. Men &#8220;byn&#8221; kommer inte l\u00e5ngt efter. N\u00e4h\u00e4d\u00e5.<\/p>\n<p>Jod\u00e5 jag har tr\u00e4ffat n\u00e5gra s\u00e4rdeles goda religi\u00f6sa m\u00e4nniskor ocks\u00e5. Ja och de flesta andra i den d\u00e4r v\u00e4rlden \u00e4r v\u00e4l n\u00e4stan som oss andra fast oftare med kn\u00e4ppta h\u00e4nder och b\u00f6ner om en ny Mercedes och tiotusen extra p\u00e5 kontot.<\/p>\n<p>Nog om det. Man b\u00f6r f\u00e5 vara den man \u00e4r. Ocks\u00e5 om man vill h\u00e5lla han\/hon\/det\/gud i handen som om det verkligen var den d\u00e4r sk\u00e4ggige farbrorn.<\/p>\n<p>\u00c4nnu finns det tid att bli religi\u00f6s dessutom. Det finns m\u00e5nga av min sort som legat p\u00e5 d\u00f6dsb\u00e4dden och h\u00f6gt och innerligt ropat efter gud. Tro mig.<\/p>\n<p>H\u00e4r \u00e4r det v\u00e4rme. Jod\u00e5. Flera grader. Fyra. Hett. Halt. Farligt. K har broddar. Jag f\u00e5r v\u00e4nta tills jag blir sextiofem f\u00f6r d\u00e5 delar kommun ut gratis.\u00a0 Men visst, jaha och jovisst. Jag fryser lik f\u00f6rbannat. Vinterhelvete!<\/p>\n<p>Liksom.<\/p>\n<p>Kyrkan d\u00e4r uppe \u00e4r Ljusdals kyrka f\u00f6rresten. D\u00e4r har man inte sjungit. Men kamrater har b\u00e5de spelat och sjungit. D\u00e4r.<\/p>\n<p>Som om det nu var en nyhet. Som om det intresserade n\u00e5gon.<\/p>\n<p>Men inte m\u00e5nga nyheter kommer fr\u00e5n min penna. Jag \u00e4r som en hemmafru numera. Min v\u00e4rld \u00e4r begr\u00e4nsad. N\u00e4r jag bem\u00f6ter er som lever i den riktiga v\u00e4rlden verkar min platt. S\u00e5klart. Er d\u00e4remot s\u00e5 sp\u00e4nnande och intensiv och livsbejakande. S\u00e5 mest &#8220;prat&#8221; h\u00e4r.<\/p>\n<p>Fattas bara annat. Nyheter h\u00f6r de unga till. De som gl\u00f6mt att det som \u00e4r nytt var gammalt f\u00f6r n\u00e5gra \u00e5r sedan. N\u00e5ja, en del nyheter dyker ju upp. Ibland.<\/p>\n<p>SMHI har gjort en site d\u00e4r man presenterar resultatet av flera modeller som talar om m\u00e4ngden nederb\u00f6rd, temperatur osv. Jag \u00e4r s\u00e4ker p\u00e5 att m\u00e5nga k\u00f6per de d\u00e4r siffrorna. Sj\u00e4lv n\u00f6jer jag mig med en skaplig v\u00e4derprognos f\u00f6r n\u00e4sta vecka. S\u00e4g +-5 grader.<\/p>\n<p>N\u00e4stan alla som f\u00f6rutsp\u00e5r framtiden har fel. Det vet jag i alla fall.<\/p>\n<p>&#8220;Oprah Winfrey vill inte blir USA:s n\u00e4sta president.&#8221;&#8230; ja och inte jag heller. M\u00e5nga med mig dessutom. Kan jag i alla fall t\u00e4nka mig. Trump borde dessutom inte blivit president heller. Mest f\u00f6rv\u00e5nad blev han nog sj\u00e4lv. Snacka om stolpskott. Men det d\u00e4r att snyggast, k\u00e4ndast, rikast blir &#8220;den store ledaren&#8221; trenden \u00e4 orov\u00e4ckande tycker jag. Hur l\u00e5ngt skall h\u00f6gstadiekulturen str\u00e4cka sig. Skall vi aldrig f\u00e5 l\u00e4mna den v\u00e4rlden bakom oss d\u00e4r de d\u00e4r naiva f\u00f6rest\u00e4llningarna om hur v\u00e4rlden ser ut lever.<\/p>\n<p>Nittonhundrasjuttiotv\u00e5 gick jag ut genom Celsiusskolans d\u00f6rrar. H\u00f6gstadiet var \u00f6ver. Har aldrig l\u00e4ngtat tillbaks sen dess. De som s\u00e4ger att den d\u00e4r tiden var &#8220;den b\u00e4sta tiden i mitt liv&#8221; \u00e4r det synd om. Vart tog det riktiga livet v\u00e4gen d\u00e5 egentligen? Det som b\u00f6rjar n\u00e4r man gick ut genom de d\u00e4r d\u00f6rrarna. Det som fortfarande p\u00e5g\u00e5r. Den b\u00e4sta tiden p\u00e5g\u00e5r ju st\u00e4ndigt. Ja och den finns bakom h\u00f6rnet ocks\u00e5. Ju. Liksom.<\/p>\n<p>Fast s\u00e5d\u00e4r skall man inte snacka. Det skall vara underg\u00e5ng och kris. &#8220;Det var b\u00e4ttre f\u00f6rr&#8221;. Pyttsan!<\/p>\n<p>Jag bodde i <a href=\"https:\/\/www.hitta.se\/kartan\/pl\/H%C3%A4gern%C3%A4s%20T%C3%A4by!~59.45024,18.12103,18.280107334973145z\/tr!i=9HkGUAR4\/search!st=plc!q=H%C3%A4gern%C3%A4s%20T%C3%A4by!b=53.95609:-9.49219,69.73333:25.00488!t=combined!ai=2001311856!aic=59.44558:18.12494\">H\u00e4gern\u00e4s<\/a> en g\u00e5ng i tiden. N\u00e4ra Stockholm. Rent utav &#8220;Stockholm&#8221; f\u00f6r en norrl\u00e4nning. Ja mitten av 80-talet bodde vi d\u00e4r. Under den tiden f\u00f6rsvann en aff\u00e4r, ett apotek, en post och lite annat fr\u00e5n centrum d\u00e4r ute. N\u00e5gra \u00e5r senare f\u00f6rsvann en aff\u00e4r, ett apotek och posten h\u00e4r uppe i Los. Det \u00e4r inte s\u00e5 j\u00e4vla olika. Men p\u00e5 b\u00e5da orterna kan vi nu f\u00e5 apoteksvarorna i postl\u00e5dan dan efter best\u00e4llning. H\u00e4r i Los kan vi dessutom h\u00e4mta de vanligaste medicinerna i aff\u00e4ren. Posten har lantbrevb\u00e4rning h\u00e4r ute. Sicken lyx. Det har inte H\u00e4gern\u00e4s, det kan jag lova. Ja aff\u00e4ren \u00e4r kvar h\u00e4r och \u00e4r v\u00e4lm\u00e5ende. Om jag tittar p\u00e5 kartan ser det ut som den \u00e4r kvar i H\u00e4gern\u00e4s ocks\u00e5. Men inte s\u00e5 f\u00f6rbannat olika.<\/p>\n<p>Saker blir annorlunda \u00f6ver tid &#8211; inte alltid bara s\u00e4mre.<\/p>\n<p>Fast alla de som tycker att det blir s\u00e4mre f\u00e5r g\u00e4rna tycka det. Jag stannar h\u00e4r d\u00e4r jag \u00e4r. Jag tror vi blir smartare och att v\u00e4rlden blir b\u00e4ttre. S\u00e5 det s\u00e5.<\/p>\n<p>Fast vem bryr sig om vad jag tycker om s\u00e5nt d\u00e4r. Ingen. S\u00e5klart. Som sig b\u00f6r. Men de som skriver b\u00f6cker om allts underg\u00e5ng, som sitter i debatterna och pratar om allts underg\u00e5ng, De som samlar skarorna i f\u00f6redragssalarna och pratar om allts underg\u00e5ng&#8230; ja de \u00e4r inte mer trov\u00e4rdiga de heller. Tro mig&#8230;<\/p>\n<p>&#8220;allts&#8221; finns tydligen inte som ord. Men nu finns det. Det \u00e4r en fri v\u00e4rld vi lever i. Man f\u00e5r till och med hitta p\u00e5 nya ord.<\/p>\n<p>S\u00e5-det-s\u00e5.<\/p>\n<p>Nu skal jag l\u00e5tsas g\u00f6ra lite nytta. Ja och jag vet att &#8220;skal&#8221; stavas &#8220;skall&#8221;. Men mina fingrar har ingen aning om det. Eller m\u00f6jligen tangentbordet. F\u00f6r \u00e4r det n\u00e5got jag r\u00e4ttar v\u00e4ldigt ofta s\u00e5 \u00e4r det dubbelslag. Slinker n\u00e5gra med beror det enbart p\u00e5 min sl\u00f6het att inte l\u00e4sa igenom det jag skrivit tillr\u00e4ckligt noggrant. ja eller ocks\u00e5 \u00e4r jag bara dum i huvudet. Det har v\u00e4l folk konstaterat f\u00f6rut. S\u00e5 varf\u00f6r inte. Diagnoser \u00e4r ju bra f\u00f6r sj\u00e4lvk\u00e4nnedomen. S\u00e4gs det.<\/p>\n<p>&nbsp;<\/p>\n","protected":false},"excerpt":{"rendered":"<p>Det s\u00e4gs att n\u00e4r fan blir gammal s\u00e5 blir han religi\u00f6s. Allts\u00e5 \u00e4r jag inte gammal \u00e4nnu. M\u00f6jligen inte (en) &#8220;fan&#8221; heller.\u00a0 Eller n\u00e5t. Religi\u00f6s \u00e4r jag i alla fall inte \u00e4nnu. De ondaste m\u00e4nniskor jag tr\u00e4ffat i mitt liv har varit religi\u00f6sa och jag \u00e4r helt s\u00e4ker p\u00e5 att v\u00e4rlden vore ett b\u00e4ttre st\u00e4lle [&hellip;]<\/p>\n","protected":false},"author":24,"featured_media":0,"comment_status":"open","ping_status":"open","sticky":false,"template":"","format":"standard","meta":{"_crdt_document":"","jetpack_post_was_ever_published":false,"_jetpack_newsletter_access":"","_jetpack_dont_email_post_to_subs":false,"_jetpack_newsletter_tier_id":0,"_jetpack_memberships_contains_paywalled_content":false,"_jetpack_memberships_contains_paid_content":false,"footnotes":"","jetpack_publicize_message":"","jetpack_publicize_feature_enabled":true,"jetpack_social_post_already_shared":true,"jetpack_social_options":{"image_generator_settings":{"template":"highway","default_image_id":0,"font":"","enabled":false},"version":2}},"categories":[24],"tags":[],"class_list":["post-26848","post","type-post","status-publish","format-standard","hentry","category-betraktelser"],"jetpack_publicize_connections":[],"jetpack_featured_media_url":"","jetpack_sharing_enabled":true,"jetpack_likes_enabled":true,"jetpack-related-posts":[{"id":19027,"url":"https:\/\/www.akehedman.se\/wordpress\/?p=19027","url_meta":{"origin":26848,"position":0},"title":"Gud \u00e4r inte st\u00f6rre. Gud \u00e4r vi.","author":"\u00c5ke Hedman","date":"2015-11-16","format":false,"excerpt":"Sn\u00f6. Oundvikligt s\u00e5klart. Den kommer till slut. Varje \u00e5r.\u00a0 Mentalt blir det kallare. Med sn\u00f6n tar sig kylan in i m\u00e4rgen ocks\u00e5. Fast att vi klarat oss s\u00e5h\u00e4r l\u00e5ngt f\u00e5r man s\u00e5klart ta som en g\u00e5va fr\u00e5n gudarna. Om dom nu har ett endaste dugg med det d\u00e4r att g\u00f6ra.\u2026","rel":"","context":"In &quot;Betraktelser &amp; Ber\u00e4ttelse&quot;","block_context":{"text":"Betraktelser &amp; Ber\u00e4ttelse","link":"https:\/\/www.akehedman.se\/wordpress\/?cat=24"},"img":{"alt_text":"15","src":"https:\/\/i0.wp.com\/www.akehedman.se\/wordpress\/wp-content\/uploads\/2015\/11\/15-1024x768.jpg?resize=350%2C200","width":350,"height":200,"srcset":"https:\/\/i0.wp.com\/www.akehedman.se\/wordpress\/wp-content\/uploads\/2015\/11\/15-1024x768.jpg?resize=350%2C200 1x, https:\/\/i0.wp.com\/www.akehedman.se\/wordpress\/wp-content\/uploads\/2015\/11\/15-1024x768.jpg?resize=525%2C300 1.5x"},"classes":[]},{"id":26109,"url":"https:\/\/www.akehedman.se\/wordpress\/?p=26109","url_meta":{"origin":26848,"position":1},"title":"&#8220;Rockring till alla&#8221;","author":"\u00c5ke Hedman","date":"2017-11-29","format":false,"excerpt":"\u00a0 Sn\u00f6v\u00e4der, lite sn\u00f6v\u00e4der fr\u00e5n helvetet just nu. Fast normaltillst\u00e5nd nu. Har det redan ramlat ner lite s\u00e5 normaliseras det som kommer sen. F\u00f6rr var allt normalt. Det kunde regna en hel sommar utan... nehej f\u00f6rresten... nog fan pratade man om att en ny istid var p\u00e5 v\u00e4g med stor\u2026","rel":"","context":"In &quot;Betraktelser &amp; Ber\u00e4ttelse&quot;","block_context":{"text":"Betraktelser &amp; Ber\u00e4ttelse","link":"https:\/\/www.akehedman.se\/wordpress\/?cat=24"},"img":{"alt_text":"","src":"https:\/\/i0.wp.com\/www.akehedman.se\/wordpress\/wp-content\/uploads\/2017\/11\/004-EFFECTS-1024x768.jpg?resize=350%2C200","width":350,"height":200,"srcset":"https:\/\/i0.wp.com\/www.akehedman.se\/wordpress\/wp-content\/uploads\/2017\/11\/004-EFFECTS-1024x768.jpg?resize=350%2C200 1x, https:\/\/i0.wp.com\/www.akehedman.se\/wordpress\/wp-content\/uploads\/2017\/11\/004-EFFECTS-1024x768.jpg?resize=525%2C300 1.5x"},"classes":[]},{"id":25773,"url":"https:\/\/www.akehedman.se\/wordpress\/?p=25773","url_meta":{"origin":26848,"position":2},"title":"&#8220;Godricka&#8221; och godhet","author":"\u00c5ke Hedman","date":"2017-10-29","format":false,"excerpt":"Jag hinner knappt posta min senaste l\u00e4sta bok och g\u00e5 ut sen stannar en ok\u00e4nd bil och han vandrar ut. K och jag binder om v\u00e4xter som skydd inf\u00f6r vinterns r\u00e5djursattacker och \u00e4r d\u00e4rf\u00f6r ute. Jag ropar. Han viker av. Jag k\u00e4nner inte igen. Som vanligt. Jehovas vittne kanske? Men,\u2026","rel":"","context":"In &quot;Betraktelser &amp; Ber\u00e4ttelse&quot;","block_context":{"text":"Betraktelser &amp; Ber\u00e4ttelse","link":"https:\/\/www.akehedman.se\/wordpress\/?cat=24"},"img":{"alt_text":"","src":"https:\/\/i0.wp.com\/www.akehedman.se\/wordpress\/wp-content\/uploads\/2017\/10\/IMG_20171029_134403997-768x1024.jpg?resize=350%2C200","width":350,"height":200},"classes":[]},{"id":15266,"url":"https:\/\/www.akehedman.se\/wordpress\/?p=15266","url_meta":{"origin":26848,"position":3},"title":"Tror jag p\u00e5 han\/hon\/det\/gud?","author":"\u00c5ke Hedman","date":"2014-11-04","format":false,"excerpt":"Man kan tro p\u00e5 mycket. Tomten t.ex, eller p\u00e5 Gud, eller p\u00e5 Dj\u00e4vlar, eller p\u00e5 k\u00e4rleken eller p\u00e5 konton fyllda med st\u00e5lar. Ja en massa andra saker ocks\u00e5 s\u00e5klart. Sj\u00e4lv tror jag definitivt p\u00e5 tomten. Ja dj\u00e4vlar har man ju tr\u00e4ffat sin besk\u00e4rda del av under sina dagar ocks\u00e5. St\u00e5larna\u2026","rel":"","context":"In &quot;Betraktelser &amp; Ber\u00e4ttelse&quot;","block_context":{"text":"Betraktelser &amp; Ber\u00e4ttelse","link":"https:\/\/www.akehedman.se\/wordpress\/?cat=24"},"img":{"alt_text":"IMG_20141023_093642","src":"https:\/\/i0.wp.com\/www.eurosource.se\/akhe\/wordpress\/wp-content\/uploads\/2014\/10\/IMG_20141023_093642-1024x768.jpg?resize=350%2C200","width":350,"height":200,"srcset":"https:\/\/i0.wp.com\/www.eurosource.se\/akhe\/wordpress\/wp-content\/uploads\/2014\/10\/IMG_20141023_093642-1024x768.jpg?resize=350%2C200 1x, https:\/\/i0.wp.com\/www.eurosource.se\/akhe\/wordpress\/wp-content\/uploads\/2014\/10\/IMG_20141023_093642-1024x768.jpg?resize=525%2C300 1.5x"},"classes":[]},{"id":17978,"url":"https:\/\/www.akehedman.se\/wordpress\/?p=17978","url_meta":{"origin":26848,"position":4},"title":"En del d\u00f6r f\u00f6r unga och elharpan som bara samlar damm","author":"\u00c5ke Hedman","date":"2015-05-28","format":false,"excerpt":"Poeten l\u00e5ter sig omslutas av havet och v\u00e5gor fr\u00e5n Ryssland. Snart. Han f\u00e5r kyssa det \u00e5t mig. En l\u00e5ng bl\u00f6t med tunga. Smaka p\u00e5 s\u00e4ltan och rapportera. I sommar f\u00f6ljer vi efter. K och jag. Men till en annan \u00f6. Kanske. Eller inte. Man vet aldrig hur det blir med\u2026","rel":"","context":"In &quot;Betraktelser &amp; Ber\u00e4ttelse&quot;","block_context":{"text":"Betraktelser &amp; Ber\u00e4ttelse","link":"https:\/\/www.akehedman.se\/wordpress\/?cat=24"},"img":{"alt_text":"Gok03_original","src":"https:\/\/i0.wp.com\/www.akehedman.se\/wordpress\/wp-content\/uploads\/2015\/05\/Gok03_original.jpg?resize=350%2C200","width":350,"height":200,"srcset":"https:\/\/i0.wp.com\/www.akehedman.se\/wordpress\/wp-content\/uploads\/2015\/05\/Gok03_original.jpg?resize=350%2C200 1x, https:\/\/i0.wp.com\/www.akehedman.se\/wordpress\/wp-content\/uploads\/2015\/05\/Gok03_original.jpg?resize=525%2C300 1.5x, https:\/\/i0.wp.com\/www.akehedman.se\/wordpress\/wp-content\/uploads\/2015\/05\/Gok03_original.jpg?resize=700%2C400 2x"},"classes":[]},{"id":51455,"url":"https:\/\/www.akehedman.se\/wordpress\/?p=51455","url_meta":{"origin":26848,"position":5},"title":"Inte som f\u00f6rr","author":"\u00c5ke Hedman","date":"2026-03-20","format":false,"excerpt":"Photo by Crisher P.H on Pexels.com Fredag, man b\u00f6rjar n\u00e4rma sig slutet. Tror det \u00e4r pizza idag. Hemgjord. Gott. Tv\u00e5 bitar f\u00e5r man i sig numera. F\u00f6rr kunde man l\u00e4tt \u00e4tit en hel pl\u00e5t. Om man f\u00e5tt och inte beh\u00f6vt dela med andra. Men ocks\u00e5 jag ut\/av-vecklas. Glupsk \u00e4r jag\u2026","rel":"","context":"In &quot;Betraktelser &amp; Ber\u00e4ttelse&quot;","block_context":{"text":"Betraktelser &amp; Ber\u00e4ttelse","link":"https:\/\/www.akehedman.se\/wordpress\/?cat=24"},"img":{"alt_text":"brown eyes peeking behind the yellow paper","src":"https:\/\/i0.wp.com\/www.akehedman.se\/wordpress\/wp-content\/uploads\/2026\/03\/pexels-photo-6891102.jpeg?resize=350%2C200&ssl=1","width":350,"height":200,"srcset":"https:\/\/i0.wp.com\/www.akehedman.se\/wordpress\/wp-content\/uploads\/2026\/03\/pexels-photo-6891102.jpeg?resize=350%2C200&ssl=1 1x, https:\/\/i0.wp.com\/www.akehedman.se\/wordpress\/wp-content\/uploads\/2026\/03\/pexels-photo-6891102.jpeg?resize=525%2C300&ssl=1 1.5x, https:\/\/i0.wp.com\/www.akehedman.se\/wordpress\/wp-content\/uploads\/2026\/03\/pexels-photo-6891102.jpeg?resize=700%2C400&ssl=1 2x, https:\/\/i0.wp.com\/www.akehedman.se\/wordpress\/wp-content\/uploads\/2026\/03\/pexels-photo-6891102.jpeg?resize=1050%2C600&ssl=1 3x, https:\/\/i0.wp.com\/www.akehedman.se\/wordpress\/wp-content\/uploads\/2026\/03\/pexels-photo-6891102.jpeg?resize=1400%2C800&ssl=1 4x"},"classes":[]}],"jetpack_shortlink":"https:\/\/wp.me\/p68PL2-6Z2","_links":{"self":[{"href":"https:\/\/www.akehedman.se\/wordpress\/index.php?rest_route=\/wp\/v2\/posts\/26848","targetHints":{"allow":["GET"]}}],"collection":[{"href":"https:\/\/www.akehedman.se\/wordpress\/index.php?rest_route=\/wp\/v2\/posts"}],"about":[{"href":"https:\/\/www.akehedman.se\/wordpress\/index.php?rest_route=\/wp\/v2\/types\/post"}],"author":[{"embeddable":true,"href":"https:\/\/www.akehedman.se\/wordpress\/index.php?rest_route=\/wp\/v2\/users\/24"}],"replies":[{"embeddable":true,"href":"https:\/\/www.akehedman.se\/wordpress\/index.php?rest_route=%2Fwp%2Fv2%2Fcomments&post=26848"}],"version-history":[{"count":1,"href":"https:\/\/www.akehedman.se\/wordpress\/index.php?rest_route=\/wp\/v2\/posts\/26848\/revisions"}],"predecessor-version":[{"id":26850,"href":"https:\/\/www.akehedman.se\/wordpress\/index.php?rest_route=\/wp\/v2\/posts\/26848\/revisions\/26850"}],"wp:attachment":[{"href":"https:\/\/www.akehedman.se\/wordpress\/index.php?rest_route=%2Fwp%2Fv2%2Fmedia&parent=26848"}],"wp:term":[{"taxonomy":"category","embeddable":true,"href":"https:\/\/www.akehedman.se\/wordpress\/index.php?rest_route=%2Fwp%2Fv2%2Fcategories&post=26848"},{"taxonomy":"post_tag","embeddable":true,"href":"https:\/\/www.akehedman.se\/wordpress\/index.php?rest_route=%2Fwp%2Fv2%2Ftags&post=26848"}],"curies":[{"name":"wp","href":"https:\/\/api.w.org\/{rel}","templated":true}]}}