{"id":26674,"date":"2018-01-12T13:14:32","date_gmt":"2018-01-12T12:14:32","guid":{"rendered":"http:\/\/www.akehedman.se\/wordpress\/?p=26674"},"modified":"2018-01-12T13:14:32","modified_gmt":"2018-01-12T12:14:32","slug":"pentagon-tiger-om-elon-musks-forsvunna-spionraket","status":"publish","type":"post","link":"https:\/\/www.akehedman.se\/wordpress\/?p=26674","title":{"rendered":"Pentagon tiger om Elon Musks f\u00f6rsvunna spionraket"},"content":{"rendered":"<blockquote><p>\u00c4r den nu hemlig s\u00e5 kan man ju tycka att det \u00e4r just &#8220;f\u00f6rsvinna&#8221; som den borde g\u00f6ra den d\u00e4r lasten.<\/p>\n<p><a href=\"https:\/\/www.breakit.se\/artikel\/10894\/pentagon-tiger-om-elon-musks-forsvunna-spionraket\"><img data-recalc-dims=\"1\" decoding=\"async\" class=\"alignnone size-full\" src=\"https:\/\/i0.wp.com\/www.akehedman.se\/wordpress\/wp-content\/uploads\/2018\/01\/8e006422c9f27beb9c09e344477e0065.jpg?w=580\" alt=\"\" \/><\/a>Sk\u00f6ts upp och f\u00f6rsvann i f\u00f6rra veckan.<\/p><\/blockquote>\n<p>Source: <em><a href=\"https:\/\/www.breakit.se\/artikel\/10894\/pentagon-tiger-om-elon-musks-forsvunna-spionraket\">Pentagon tiger om Elon Musks f\u00f6rsvunna spionraket<\/a><\/em><\/p>\n","protected":false},"excerpt":{"rendered":"<p>\u00c4r den nu hemlig s\u00e5 kan man ju tycka att det \u00e4r just &#8220;f\u00f6rsvinna&#8221; som den borde g\u00f6ra den d\u00e4r lasten. Sk\u00f6ts upp och f\u00f6rsvann i f\u00f6rra veckan. Source: Pentagon tiger om Elon Musks f\u00f6rsvunna spionraket<\/p>\n","protected":false},"author":24,"featured_media":0,"comment_status":"open","ping_status":"open","sticky":false,"template":"","format":"standard","meta":{"_crdt_document":"","jetpack_post_was_ever_published":false,"_jetpack_newsletter_access":"","_jetpack_dont_email_post_to_subs":false,"_jetpack_newsletter_tier_id":0,"_jetpack_memberships_contains_paywalled_content":false,"_jetpack_memberships_contains_paid_content":false,"footnotes":"","jetpack_publicize_message":"","jetpack_publicize_feature_enabled":true,"jetpack_social_post_already_shared":true,"jetpack_social_options":{"image_generator_settings":{"template":"highway","default_image_id":0,"font":"","enabled":false},"version":2}},"categories":[2],"tags":[],"class_list":["post-26674","post","type-post","status-publish","format-standard","hentry","category-swedish"],"jetpack_publicize_connections":[],"jetpack_featured_media_url":"","jetpack_sharing_enabled":true,"jetpack_likes_enabled":true,"jetpack-related-posts":[{"id":26976,"url":"https:\/\/www.akehedman.se\/wordpress\/?p=26976","url_meta":{"origin":26674,"position":0},"title":"Musks nya monsterraket till rymden \u2013 med en Tesla i lasten","author":"\u00c5ke Hedman","date":"2018-02-05","format":false,"excerpt":"S\u00e4ga vad man vill om Elon Musk men uppfriskande \u00e4r han onekligen. \u00a0 \"Kommer vara i rymden i en miljard \u00e5r \u2013 om den inte spr\u00e4ngs\" Source: Musks nya monsterraket till rymden \u2013 med en Tesla i lasten","rel":"","context":"In &quot;Swedish&quot;","block_context":{"text":"Swedish","link":"https:\/\/www.akehedman.se\/wordpress\/?cat=2"},"img":{"alt_text":"","src":"","width":0,"height":0},"classes":[]},{"id":36786,"url":"https:\/\/www.akehedman.se\/wordpress\/?p=36786","url_meta":{"origin":26674,"position":1},"title":"Elon Musks corona-utspel \u00e4r farligare \u00e4n vi tror | Aftonbladet","author":"\u00c5ke Hedman","date":"2020-11-13","format":false,"excerpt":"Elon Musk, den notoriske kn\u00e4ppg\u00f6ken Source: Elon Musks corona-utspel \u00e4r farligare \u00e4n vi tror | Aftonbladet","rel":"","context":"In &quot;Swedish&quot;","block_context":{"text":"Swedish","link":"https:\/\/www.akehedman.se\/wordpress\/?cat=2"},"img":{"alt_text":"","src":"","width":0,"height":0},"classes":[]},{"id":49005,"url":"https:\/\/www.akehedman.se\/wordpress\/?p=49005","url_meta":{"origin":26674,"position":2},"title":"Bj\u00f6rn Wiman: Elon Musks h\u00f6jda h\u00f6gerarm \u00e4r bara b\u00f6rjan &#8211; DN.se","author":"\u00c5ke Hedman","date":"2025-01-21","format":false,"excerpt":"N\u00e4r Elon Musk h\u00f6jer h\u00f6gerarmen i en v\u00e4lbekant gest \u00e4r det ett tecken p\u00e5 att Donald Trumps regim f\u00e5r m\u00e4nniskor att sl\u00e4ppa alla h\u00e4mningar, skriver Bj\u00f6rn Source: Bj\u00f6rn Wiman: Elon Musks h\u00f6jda h\u00f6gerarm \u00e4r bara b\u00f6rjan - DN.se","rel":"","context":"In &quot;Swedish&quot;","block_context":{"text":"Swedish","link":"https:\/\/www.akehedman.se\/wordpress\/?cat=2"},"img":{"alt_text":"","src":"","width":0,"height":0},"classes":[]},{"id":48719,"url":"https:\/\/www.akehedman.se\/wordpress\/?p=48719","url_meta":{"origin":26674,"position":3},"title":"Medier bojkottar Musk: &#8220;Toxisk&#8221; &#8211; Realtid","author":"\u00c5ke Hedman","date":"2024-11-15","format":false,"excerpt":"Alla borde bojkotta den allt d\u00e4rifr\u00e5n! Med Elon Musk som \u00e4gare f\u00e5r h\u00f6gerradikala konspirationsteorier och rasism fritt spelrum p\u00e5 X. Det menar mediehus som bojkottar plattformen. Source: Medier bojkottar Musk: \"Toxisk\" - Realtid","rel":"","context":"In &quot;Swedish&quot;","block_context":{"text":"Swedish","link":"https:\/\/www.akehedman.se\/wordpress\/?cat=2"},"img":{"alt_text":"","src":"","width":0,"height":0},"classes":[]},{"id":48698,"url":"https:\/\/www.akehedman.se\/wordpress\/?p=48698","url_meta":{"origin":26674,"position":4},"title":"Musk g\u00e5r in i Trumps regering: \u201dEn perfekt g\u00e5va till USA\u201d &#8211; DN.se","author":"\u00c5ke Hedman","date":"2024-11-13","format":false,"excerpt":"Elon Musk f\u00e5r Donald Trumps f\u00e5r n\u00e5gon slags ministerpost i USA:s regering, meddelade den tilltr\u00e4dande presidenten p\u00e5 tisdagskv\u00e4llen. Source: Musk g\u00e5r in i Trumps regering: \u201dEn perfekt g\u00e5va till USA\u201d - DN.se","rel":"","context":"In &quot;Swedish&quot;","block_context":{"text":"Swedish","link":"https:\/\/www.akehedman.se\/wordpress\/?cat=2"},"img":{"alt_text":"","src":"","width":0,"height":0},"classes":[]},{"id":23824,"url":"https:\/\/www.akehedman.se\/wordpress\/?p=23824","url_meta":{"origin":26674,"position":5},"title":"Instagram video by Elon Musk \u2022 Feb 19, 2017 at 9:20 PM","author":"\u00c5ke Hedman","date":"2017-03-23","format":false,"excerpt":"Lite cool \u00e4r det nu \u00e4nd\u00e5. Ja jag vet jag \u00e4r en n\u00f6rd men... Source: Instagram video by Elon Musk \u2022 Feb 19, 2017 at 9:20 PM","rel":"","context":"In &quot;Swedish&quot;","block_context":{"text":"Swedish","link":"https:\/\/www.akehedman.se\/wordpress\/?cat=2"},"img":{"alt_text":"","src":"","width":0,"height":0},"classes":[]}],"jetpack_shortlink":"https:\/\/wp.me\/p68PL2-6We","_links":{"self":[{"href":"https:\/\/www.akehedman.se\/wordpress\/index.php?rest_route=\/wp\/v2\/posts\/26674","targetHints":{"allow":["GET"]}}],"collection":[{"href":"https:\/\/www.akehedman.se\/wordpress\/index.php?rest_route=\/wp\/v2\/posts"}],"about":[{"href":"https:\/\/www.akehedman.se\/wordpress\/index.php?rest_route=\/wp\/v2\/types\/post"}],"author":[{"embeddable":true,"href":"https:\/\/www.akehedman.se\/wordpress\/index.php?rest_route=\/wp\/v2\/users\/24"}],"replies":[{"embeddable":true,"href":"https:\/\/www.akehedman.se\/wordpress\/index.php?rest_route=%2Fwp%2Fv2%2Fcomments&post=26674"}],"version-history":[{"count":1,"href":"https:\/\/www.akehedman.se\/wordpress\/index.php?rest_route=\/wp\/v2\/posts\/26674\/revisions"}],"predecessor-version":[{"id":26676,"href":"https:\/\/www.akehedman.se\/wordpress\/index.php?rest_route=\/wp\/v2\/posts\/26674\/revisions\/26676"}],"wp:attachment":[{"href":"https:\/\/www.akehedman.se\/wordpress\/index.php?rest_route=%2Fwp%2Fv2%2Fmedia&parent=26674"}],"wp:term":[{"taxonomy":"category","embeddable":true,"href":"https:\/\/www.akehedman.se\/wordpress\/index.php?rest_route=%2Fwp%2Fv2%2Fcategories&post=26674"},{"taxonomy":"post_tag","embeddable":true,"href":"https:\/\/www.akehedman.se\/wordpress\/index.php?rest_route=%2Fwp%2Fv2%2Ftags&post=26674"}],"curies":[{"name":"wp","href":"https:\/\/api.w.org\/{rel}","templated":true}]}}