{"id":26667,"date":"2018-01-12T11:55:15","date_gmt":"2018-01-12T10:55:15","guid":{"rendered":"http:\/\/www.akehedman.se\/wordpress\/?p=26667"},"modified":"2018-01-12T11:55:15","modified_gmt":"2018-01-12T10:55:15","slug":"skitkallt","status":"publish","type":"post","link":"https:\/\/www.akehedman.se\/wordpress\/?p=26667","title":{"rendered":"Skitkallt"},"content":{"rendered":"<p><img data-recalc-dims=\"1\" loading=\"lazy\" decoding=\"async\" class=\"alignnone size-full wp-image-26668\" src=\"https:\/\/i0.wp.com\/www.akehedman.se\/wordpress\/wp-content\/uploads\/2018\/01\/Screenshot-from-2018-01-12-10-42-47.png?resize=580%2C528\" alt=\"\" width=\"580\" height=\"528\" srcset=\"https:\/\/i0.wp.com\/www.akehedman.se\/wordpress\/wp-content\/uploads\/2018\/01\/Screenshot-from-2018-01-12-10-42-47.png?w=907&amp;ssl=1 907w, https:\/\/i0.wp.com\/www.akehedman.se\/wordpress\/wp-content\/uploads\/2018\/01\/Screenshot-from-2018-01-12-10-42-47.png?resize=300%2C273&amp;ssl=1 300w, https:\/\/i0.wp.com\/www.akehedman.se\/wordpress\/wp-content\/uploads\/2018\/01\/Screenshot-from-2018-01-12-10-42-47.png?resize=768%2C699&amp;ssl=1 768w, https:\/\/i0.wp.com\/www.akehedman.se\/wordpress\/wp-content\/uploads\/2018\/01\/Screenshot-from-2018-01-12-10-42-47.png?resize=329%2C300&amp;ssl=1 329w\" sizes=\"auto, (max-width: 580px) 100vw, 580px\" \/><\/p>\n<p>Det \u00e4r skitkallt h\u00e4r. Ner mot tjugo under natten. Men nu runt minus femton. Vinterhelvete! Men det skall ge sig. Fram mot helgen. Men sen kommer det rikligt med sn\u00f6 ist\u00e4llet. Och vindar. Den d\u00e4r andra virveln jag visade h\u00e4r ni vet. F\u00f6r n\u00e5gra dar sedan. Sn\u00f6smockavirveln. Sn\u00f6vinter i \u00e5r tydligen. Man f\u00e5r st\u00e5 ut. Om man nu d\u00e5 skall bo h\u00e4r. Det g\u00e5r det med. Snart \u00e4r det sommar igen.<\/p>\n<p>Runt sydpolen \u00e4r det v\u00e4rre. Det \u00e4r alltid v\u00e4rre kring sydpolen. Ja, om det nu kan vara n\u00e5gon tr\u00f6st. Ibland kan det vara det. Tycker jag. Att det finns v\u00e4rre st\u00e4llen. Stackars pingvinerna liksom.<\/p>\n<p>Kortmeningar. Gillar fortfarande. Kan inte hj\u00e4lpa det. Ulf Lundell gillar l\u00e5nga. Jag \u00e4r inte Ulf Lundell. Liksom.<\/p>\n<p>L\u00e4ngtar till soffan. Den gr\u00f6na fr\u00e5n IKEA. Fast jag satt d\u00e4r i g\u00e5r kv\u00e4ll ocks\u00e5. Tr\u00f6tt som en b\u00e4ver efter en l\u00e5ng aspf\u00e4llardag. Andra kv\u00e4llen, allts\u00e5 under b\u00e4sta l\u00e5tsasarbetstid, den h\u00e4r veckan. Illa. Inte ens l\u00e5tsasarbete g\u00f6r klart sig sj\u00e4lv skall ni veta. Liksom.<\/p>\n<p>G\u00e5r vidare. V\u00e4gen \u00e4r en fredag anno 2018 i en gammal ocool gubbes liv. Coolt liksom.<\/p>\n","protected":false},"excerpt":{"rendered":"<p>Det \u00e4r skitkallt h\u00e4r. Ner mot tjugo under natten. Men nu runt minus femton. Vinterhelvete! Men det skall ge sig. Fram mot helgen. Men sen kommer det rikligt med sn\u00f6 ist\u00e4llet. Och vindar. Den d\u00e4r andra virveln jag visade h\u00e4r ni vet. F\u00f6r n\u00e5gra dar sedan. Sn\u00f6smockavirveln. Sn\u00f6vinter i \u00e5r tydligen. Man f\u00e5r st\u00e5 ut. [&hellip;]<\/p>\n","protected":false},"author":24,"featured_media":0,"comment_status":"open","ping_status":"open","sticky":false,"template":"","format":"standard","meta":{"_crdt_document":"","jetpack_post_was_ever_published":false,"_jetpack_newsletter_access":"","_jetpack_dont_email_post_to_subs":false,"_jetpack_newsletter_tier_id":0,"_jetpack_memberships_contains_paywalled_content":false,"_jetpack_memberships_contains_paid_content":false,"footnotes":"","jetpack_publicize_message":"","jetpack_publicize_feature_enabled":true,"jetpack_social_post_already_shared":true,"jetpack_social_options":{"image_generator_settings":{"template":"highway","default_image_id":0,"font":"","enabled":false},"version":2}},"categories":[24],"tags":[],"class_list":["post-26667","post","type-post","status-publish","format-standard","hentry","category-betraktelser"],"jetpack_publicize_connections":[],"jetpack_featured_media_url":"","jetpack_sharing_enabled":true,"jetpack_likes_enabled":true,"jetpack-related-posts":[{"id":28780,"url":"https:\/\/www.akehedman.se\/wordpress\/?p=28780","url_meta":{"origin":26667,"position":0},"title":"Senast l\u00e4sta bok","author":"\u00c5ke Hedman","date":"2018-06-03","format":false,"excerpt":"Vardagar av Ulf Lundell \/ Fint f\u00f6rlag skall det vara. Man kan ju t\u00e4nka att det h\u00e4r, det h\u00e4r gn\u00e4llet, de h\u00e4r f\u00e5gelobservationerna, de h\u00e4r trasiga bilarna, de h\u00e4r \u00e4ndl\u00f6sa vardagarna i \u00d6sterlen, vill v\u00e4l inte en j\u00e4vel l\u00e4sa om. Ja s\u00e5 j\u00e4kla stor skillnad \u00e4r det inte mot den\u2026","rel":"","context":"In &quot;B\u00f6cker&quot;","block_context":{"text":"B\u00f6cker","link":"https:\/\/www.akehedman.se\/wordpress\/?cat=13"},"img":{"alt_text":"","src":"https:\/\/i0.wp.com\/www.akehedman.se\/wordpress\/wp-content\/uploads\/2018\/06\/vardagar.jpg?resize=350%2C200","width":350,"height":200},"classes":[]},{"id":32271,"url":"https:\/\/www.akehedman.se\/wordpress\/?p=32271","url_meta":{"origin":26667,"position":1},"title":"Senast l\u00e4sta bok","author":"\u00c5ke Hedman","date":"2019-06-02","format":false,"excerpt":"Vardagar 2 av Ulf Lundell Ja, jo, jag l\u00e4ser igenom den, precis som jag gjorde med den f\u00f6rra, precis som jag gjorde med hans blogg. Ja, jo jag gillar den. Dem. Men gn\u00e4lligt \u00e4r det. Ulf Lundell har n\u00e5tt den \u00e5ldern. Gubbgn\u00e4llar\u00e5ldern. Fast utan det d\u00e4r gn\u00e4llet s\u00e5 skulle det\u2026","rel":"","context":"In &quot;Swedish&quot;","block_context":{"text":"Swedish","link":"https:\/\/www.akehedman.se\/wordpress\/?cat=2"},"img":{"alt_text":"","src":"https:\/\/i0.wp.com\/www.akehedman.se\/wordpress\/wp-content\/uploads\/2019\/06\/9789146235897_200x_vardagar-2.jpeg?resize=350%2C200&ssl=1","width":350,"height":200},"classes":[]},{"id":38915,"url":"https:\/\/www.akehedman.se\/wordpress\/?p=38915","url_meta":{"origin":26667,"position":2},"title":"Ulf Lundell anl\u00e4nder","author":"\u00c5ke Hedman","date":"2021-05-25","format":false,"excerpt":"S\u00e5 anl\u00e4nder han igen den gamle sure \u00d6sterlensgubben. Motvilligt sker det d\u00e4r fr\u00e5n min sida. F\u00f6rs\u00f6ker mota i d\u00f6rren. Men han tr\u00e4nger sig in. Har best\u00e4mt sig. Hit skall han. Men har jag nu st\u00e4llt mig i den l\u00e5nga k\u00f6n av gubbar som vill l\u00f6sa den d\u00e4r fyran, bok fyra\u2026","rel":"","context":"In &quot;Betraktelser &amp; Ber\u00e4ttelse&quot;","block_context":{"text":"Betraktelser &amp; Ber\u00e4ttelse","link":"https:\/\/www.akehedman.se\/wordpress\/?cat=24"},"img":{"alt_text":"","src":"https:\/\/i0.wp.com\/www.akehedman.se\/wordpress\/wp-content\/uploads\/2021\/05\/IMG_20210525_133010-01-scaled.jpeg?resize=350%2C200&ssl=1","width":350,"height":200,"srcset":"https:\/\/i0.wp.com\/www.akehedman.se\/wordpress\/wp-content\/uploads\/2021\/05\/IMG_20210525_133010-01-scaled.jpeg?resize=350%2C200&ssl=1 1x, https:\/\/i0.wp.com\/www.akehedman.se\/wordpress\/wp-content\/uploads\/2021\/05\/IMG_20210525_133010-01-scaled.jpeg?resize=525%2C300&ssl=1 1.5x, https:\/\/i0.wp.com\/www.akehedman.se\/wordpress\/wp-content\/uploads\/2021\/05\/IMG_20210525_133010-01-scaled.jpeg?resize=700%2C400&ssl=1 2x, https:\/\/i0.wp.com\/www.akehedman.se\/wordpress\/wp-content\/uploads\/2021\/05\/IMG_20210525_133010-01-scaled.jpeg?resize=1050%2C600&ssl=1 3x, https:\/\/i0.wp.com\/www.akehedman.se\/wordpress\/wp-content\/uploads\/2021\/05\/IMG_20210525_133010-01-scaled.jpeg?resize=1400%2C800&ssl=1 4x"},"classes":[]},{"id":23273,"url":"https:\/\/www.akehedman.se\/wordpress\/?p=23273","url_meta":{"origin":26667,"position":3},"title":"Sprickor","author":"\u00c5ke Hedman","date":"2017-02-08","format":false,"excerpt":"Jod\u00e5 jag sitter h\u00e4r. Knappar l\u00e5ngsamt. Inte snabbt som annars. Tecken f\u00f6r tecken med tvekan just nu. Inte ovanligt efter att n\u00e5got \u00e4r \"klart\". Jag \u00e4r en slow starter.\u00a0 Var bilen lika sv\u00e5rstartad som jag \u00e4r s\u00e5 skulle man alltid komma fram en halv dag senare \u00e4n man t\u00e4nkt. \u00c5\u2026","rel":"","context":"In &quot;Betraktelser &amp; Ber\u00e4ttelse&quot;","block_context":{"text":"Betraktelser &amp; Ber\u00e4ttelse","link":"https:\/\/www.akehedman.se\/wordpress\/?cat=24"},"img":{"alt_text":"","src":"https:\/\/i0.wp.com\/www.akehedman.se\/wordpress\/wp-content\/uploads\/2017\/02\/sprickor-p-torr-jord-53579842.jpg?resize=350%2C200","width":350,"height":200},"classes":[]},{"id":38287,"url":"https:\/\/www.akehedman.se\/wordpress\/?p=38287","url_meta":{"origin":26667,"position":4},"title":"nydag","author":"\u00c5ke Hedman","date":"2021-03-31","format":false,"excerpt":"Photo by RODNAE Productions on Pexels.com \"Nydag\", inte \"ny dag\". Det finns en skillnad. Fast b\u00e5da g\u00e4ller s\u00e5klart. Det \u00e4r inget fel p\u00e5 onsdagar. M\u00f6jligen d\u00e5 med det enda undantaget att veckan och dagarna kvar av den, krymper. Men med det \u00e4r det som det \u00e4r. Liksom med det mesta\u2026","rel":"","context":"In &quot;Betraktelser &amp; Ber\u00e4ttelse&quot;","block_context":{"text":"Betraktelser &amp; Ber\u00e4ttelse","link":"https:\/\/www.akehedman.se\/wordpress\/?cat=24"},"img":{"alt_text":"anonymous person holding coins","src":"https:\/\/i0.wp.com\/www.akehedman.se\/wordpress\/wp-content\/uploads\/2021\/03\/pexels-photo-7158702.jpeg?resize=350%2C200&ssl=1","width":350,"height":200,"srcset":"https:\/\/i0.wp.com\/www.akehedman.se\/wordpress\/wp-content\/uploads\/2021\/03\/pexels-photo-7158702.jpeg?resize=350%2C200&ssl=1 1x, https:\/\/i0.wp.com\/www.akehedman.se\/wordpress\/wp-content\/uploads\/2021\/03\/pexels-photo-7158702.jpeg?resize=525%2C300&ssl=1 1.5x, https:\/\/i0.wp.com\/www.akehedman.se\/wordpress\/wp-content\/uploads\/2021\/03\/pexels-photo-7158702.jpeg?resize=700%2C400&ssl=1 2x"},"classes":[]},{"id":24125,"url":"https:\/\/www.akehedman.se\/wordpress\/?p=24125","url_meta":{"origin":26667,"position":5},"title":"Bitter?","author":"\u00c5ke Hedman","date":"2017-04-13","format":false,"excerpt":"V\u00e4rre \u00e4r det med folk som mejlar och blandar ihop r\u00e4ttm\u00e4tig vrede med bitterhet. Det tycks vara mycket popul\u00e4rt. G\u00e5r man lite loss om kn\u00e4fallet och tramset runt kungafamiljen d\u00e5 f\u00e5r man l\u00e4sa att man \u00e4r bitter. Jag \u00e4r fan ta mej inte bitter. F\u00f6rbannad, ja, men aldrig bitter, har\u2026","rel":"","context":"In &quot;Visdomsord&quot;","block_context":{"text":"Visdomsord","link":"https:\/\/www.akehedman.se\/wordpress\/?cat=27"},"img":{"alt_text":"","src":"","width":0,"height":0},"classes":[]}],"jetpack_shortlink":"https:\/\/wp.me\/p68PL2-6W7","_links":{"self":[{"href":"https:\/\/www.akehedman.se\/wordpress\/index.php?rest_route=\/wp\/v2\/posts\/26667","targetHints":{"allow":["GET"]}}],"collection":[{"href":"https:\/\/www.akehedman.se\/wordpress\/index.php?rest_route=\/wp\/v2\/posts"}],"about":[{"href":"https:\/\/www.akehedman.se\/wordpress\/index.php?rest_route=\/wp\/v2\/types\/post"}],"author":[{"embeddable":true,"href":"https:\/\/www.akehedman.se\/wordpress\/index.php?rest_route=\/wp\/v2\/users\/24"}],"replies":[{"embeddable":true,"href":"https:\/\/www.akehedman.se\/wordpress\/index.php?rest_route=%2Fwp%2Fv2%2Fcomments&post=26667"}],"version-history":[{"count":1,"href":"https:\/\/www.akehedman.se\/wordpress\/index.php?rest_route=\/wp\/v2\/posts\/26667\/revisions"}],"predecessor-version":[{"id":26669,"href":"https:\/\/www.akehedman.se\/wordpress\/index.php?rest_route=\/wp\/v2\/posts\/26667\/revisions\/26669"}],"wp:attachment":[{"href":"https:\/\/www.akehedman.se\/wordpress\/index.php?rest_route=%2Fwp%2Fv2%2Fmedia&parent=26667"}],"wp:term":[{"taxonomy":"category","embeddable":true,"href":"https:\/\/www.akehedman.se\/wordpress\/index.php?rest_route=%2Fwp%2Fv2%2Fcategories&post=26667"},{"taxonomy":"post_tag","embeddable":true,"href":"https:\/\/www.akehedman.se\/wordpress\/index.php?rest_route=%2Fwp%2Fv2%2Ftags&post=26667"}],"curies":[{"name":"wp","href":"https:\/\/api.w.org\/{rel}","templated":true}]}}