{"id":26276,"date":"2017-12-14T14:33:58","date_gmt":"2017-12-14T13:33:58","guid":{"rendered":"http:\/\/www.akehedman.se\/wordpress\/?p=26276"},"modified":"2017-12-14T14:33:58","modified_gmt":"2017-12-14T13:33:58","slug":"gardeasskolan-och-los-skola-far-stipendier-for-100-000-kronor-for-kulturarv-och-fysisk-aktivitet","status":"publish","type":"post","link":"https:\/\/www.akehedman.se\/wordpress\/?p=26276","title":{"rendered":"G\u00e4rde\u00e5sskolan och Los skola f\u00e5r stipendier f\u00f6r 100\u00a0000 kronor \u2013 f\u00f6r kulturarv och fysisk aktivitet"},"content":{"rendered":"<blockquote><p><a href=\"http:\/\/www.helahalsingland.se\/gavleborg\/ljusdal\/gardeasskolan-och-los-skola-far-stipendier-for-100-000-kronor-for-kulturarv-och-fysisk-aktivitet\"><img data-recalc-dims=\"1\" decoding=\"async\" class=\"alignnone size-full\" src=\"https:\/\/i0.wp.com\/www.akehedman.se\/wordpress\/wp-content\/uploads\/2017\/12\/1200-3.jpg?w=580\" alt=\"\" \/><\/a>Utbildningsn\u00e4mnden i Ljusdals kommun delade under torsdagen ut frirumsstipendier till Los skola och G\u00e4rde\u00e5sskolan i Ljusdal p\u00e5 totalt 100\u00a0000 kronor.<\/p><\/blockquote>\n<p>Source: <em><a href=\"http:\/\/www.helahalsingland.se\/gavleborg\/ljusdal\/gardeasskolan-och-los-skola-far-stipendier-for-100-000-kronor-for-kulturarv-och-fysisk-aktivitet\">G\u00e4rde\u00e5sskolan och Los skola f\u00e5r stipendier f\u00f6r 100\u00a0000 kronor \u2013 f\u00f6r kulturarv och fysisk aktivitet<\/a><\/em><\/p>\n","protected":false},"excerpt":{"rendered":"<p>Utbildningsn\u00e4mnden i Ljusdals kommun delade under torsdagen ut frirumsstipendier till Los skola och G\u00e4rde\u00e5sskolan i Ljusdal p\u00e5 totalt 100\u00a0000 kronor. Source: G\u00e4rde\u00e5sskolan och Los skola f\u00e5r stipendier f\u00f6r 100\u00a0000 kronor \u2013 f\u00f6r kulturarv och fysisk aktivitet<\/p>\n","protected":false},"author":24,"featured_media":0,"comment_status":"open","ping_status":"open","sticky":false,"template":"","format":"standard","meta":{"_crdt_document":"","jetpack_post_was_ever_published":false,"_jetpack_newsletter_access":"","_jetpack_dont_email_post_to_subs":false,"_jetpack_newsletter_tier_id":0,"_jetpack_memberships_contains_paywalled_content":false,"_jetpack_memberships_contains_paid_content":false,"footnotes":"","jetpack_publicize_message":"","jetpack_publicize_feature_enabled":true,"jetpack_social_post_already_shared":true,"jetpack_social_options":{"image_generator_settings":{"template":"highway","default_image_id":0,"font":"","enabled":false},"version":2}},"categories":[2],"tags":[],"class_list":["post-26276","post","type-post","status-publish","format-standard","hentry","category-swedish"],"jetpack_publicize_connections":[],"jetpack_featured_media_url":"","jetpack_sharing_enabled":true,"jetpack_likes_enabled":true,"jetpack-related-posts":[{"id":674,"url":"https:\/\/www.akehedman.se\/wordpress\/?p=674","url_meta":{"origin":26276,"position":0},"title":"Bra ide&#8217; f\u00c3\u00b6r 25 \u00c3\u00a5r sedan","author":"\u00c5ke Hedman","date":"2008-09-05","format":false,"excerpt":"I Ljusdals Posten f\u00c3\u00b6r 25 \u00c3\u00a5r sedan Los \u00c3\u00a4r pengar v\u00c3\u00a4rt som aktiebolag. Los \u00c3\u00a4r v\u00c3\u00a4rt pengar, mycket pengar... Det tycker ortsborna, som \u00c3\u00a4r beredda att satsa \u00c3\u00a5tskilliga tusenlappar p\u00c3\u00a5 kommundelens fram- tid. Aktiebolaget Los fick redan vid det f\u00c3\u00b6rsta m\u00c3\u00b6- tet 16 000 kronor fr\u00c3\u00a5n bybor. R\u00c3\u00b6relsekapitalet skall bli\u2026","rel":"","context":"In &quot;Swedish&quot;","block_context":{"text":"Swedish","link":"https:\/\/www.akehedman.se\/wordpress\/?cat=2"},"img":{"alt_text":"","src":"","width":0,"height":0},"classes":[]},{"id":27695,"url":"https:\/\/www.akehedman.se\/wordpress\/?p=27695","url_meta":{"origin":26276,"position":1},"title":"Utomjordingar i koboltgruvan i\u00a0Los\u00a0n\u00e4r eleverna g\u00f6r sci-fi","author":"\u00c5ke Hedman","date":"2018-03-22","format":false,"excerpt":"Det finns utomjordingar, och de befinner sig i Los i Ljusdal. I alla fall i\u00a0den science fiction-kortfilm\u00a0som\u00a0samtliga\u00a0Los skolas elever och l\u00e4rare jobbar p\u00e5\u00a0tillsammans med tyske konstn\u00e4ren Daniel\u00a0Zerbst. Source: Utomjordingar i koboltgruvan i\u00a0Los\u00a0n\u00e4r eleverna g\u00f6r sci-fi \u00a0 Edit: Den f\u00e4rdiga filmen https:\/\/www.youtube.com\/watch?v=h44hcGO6xRI","rel":"","context":"In &quot;Swedish&quot;","block_context":{"text":"Swedish","link":"https:\/\/www.akehedman.se\/wordpress\/?cat=2"},"img":{"alt_text":"","src":"https:\/\/i0.wp.com\/img.youtube.com\/vi\/h44hcGO6xRI\/0.jpg?resize=350%2C200","width":350,"height":200},"classes":[]},{"id":27548,"url":"https:\/\/www.akehedman.se\/wordpress\/?p=27548","url_meta":{"origin":26276,"position":2},"title":"Vinterhelvete","author":"\u00c5ke Hedman","date":"2018-03-13","format":false,"excerpt":"B\u00f6rjar dan med att skjutsa ned fru till ol\u00e5tsasjobb och forts\u00e4tter sen med att skotta sn\u00f6. Hon f\u00e5r vara referens till sn\u00f6h\u00f6gsh\u00f6jd f\u00f6rst. S\u00e5dana jobb ing\u00e5r f\u00f6r fruar och flickv\u00e4nner. Men mycket sn\u00f6. Japp, det \u00e4r det. Nu f\u00e5r det r\u00e4cka snart. Man t\u00e4nker s\u00e5 n\u00e4r man st\u00e5r d\u00e4r och\u2026","rel":"","context":"In &quot;Betraktelser &amp; Ber\u00e4ttelse&quot;","block_context":{"text":"Betraktelser &amp; Ber\u00e4ttelse","link":"https:\/\/www.akehedman.se\/wordpress\/?cat=24"},"img":{"alt_text":"","src":"https:\/\/i0.wp.com\/www.akehedman.se\/wordpress\/wp-content\/uploads\/2018\/03\/IMG_20180313_081032224-1-1024x576.jpg?resize=350%2C200","width":350,"height":200,"srcset":"https:\/\/i0.wp.com\/www.akehedman.se\/wordpress\/wp-content\/uploads\/2018\/03\/IMG_20180313_081032224-1-1024x576.jpg?resize=350%2C200 1x, https:\/\/i0.wp.com\/www.akehedman.se\/wordpress\/wp-content\/uploads\/2018\/03\/IMG_20180313_081032224-1-1024x576.jpg?resize=525%2C300 1.5x"},"classes":[]},{"id":34354,"url":"https:\/\/www.akehedman.se\/wordpress\/?p=34354","url_meta":{"origin":26276,"position":3},"title":"\u00d6ppnar f\u00f6r forts\u00e4ttning efter v\u00e4lg\u00f6renhetsmatchen: &#8220;H\u00e4r br\u00f6t k\u00e4rleken igenom allt&#8221;","author":"\u00c5ke Hedman","date":"2020-02-03","format":false,"excerpt":"Parallellt med hockeymatchen har \u00e4ven Alfta-Ovan\u00e5kers f\u00f6rsamling fortsatt sin insamling till den branddrabbade familjen i Edsbyn.\u2013 Bara p\u00e5 f\u00f6rmiddagen p\u00e5 l\u00f6rdagen samlade vi in 130 000 kronor. Under helgen kom det in totalt 170 000 kronor via swish, s\u00e4ger Christer Schwartz, diakon p\u00e5 Alfta-Ovan\u00e5kers f\u00f6rsamling.Det inneb\u00e4r att f\u00f6rsamlingen nu har\u2026","rel":"","context":"In &quot;Swedish&quot;","block_context":{"text":"Swedish","link":"https:\/\/www.akehedman.se\/wordpress\/?cat=2"},"img":{"alt_text":"","src":"","width":0,"height":0},"classes":[]},{"id":34632,"url":"https:\/\/www.akehedman.se\/wordpress\/?p=34632","url_meta":{"origin":26276,"position":4},"title":"Idag","author":"\u00c5ke Hedman","date":"2020-03-09","format":false,"excerpt":"Idag beh\u00f6ver jag inte skjutsa K till jobbet. Ist\u00e4llet \u00e4r det bara att h\u00e5lla i henne lite f\u00f6rsiktigt n\u00e4r hon klivit ner f\u00f6r trappen. S\u00e4ga \u00e5t henna att \"Hitta tungdpunkten\" och \"ses\u00e5, b\u00f6j p\u00e5 benen\" och sen puttar man p\u00e5 och swiiiiiiiiiiiish s\u00e5 far hon iv\u00e4g ner f\u00f6r backen mot\u2026","rel":"","context":"In &quot;Betraktelser &amp; Ber\u00e4ttelse&quot;","block_context":{"text":"Betraktelser &amp; Ber\u00e4ttelse","link":"https:\/\/www.akehedman.se\/wordpress\/?cat=24"},"img":{"alt_text":"","src":"https:\/\/i0.wp.com\/www.akehedman.se\/wordpress\/wp-content\/uploads\/2020\/03\/IMG_20200309_072021376_HDR.jpg?resize=350%2C200&ssl=1","width":350,"height":200,"srcset":"https:\/\/i0.wp.com\/www.akehedman.se\/wordpress\/wp-content\/uploads\/2020\/03\/IMG_20200309_072021376_HDR.jpg?resize=350%2C200&ssl=1 1x, https:\/\/i0.wp.com\/www.akehedman.se\/wordpress\/wp-content\/uploads\/2020\/03\/IMG_20200309_072021376_HDR.jpg?resize=525%2C300&ssl=1 1.5x, https:\/\/i0.wp.com\/www.akehedman.se\/wordpress\/wp-content\/uploads\/2020\/03\/IMG_20200309_072021376_HDR.jpg?resize=700%2C400&ssl=1 2x"},"classes":[]},{"id":18452,"url":"https:\/\/www.akehedman.se\/wordpress\/?p=18452","url_meta":{"origin":26276,"position":5},"title":"S\u00e5 drabbas Ninas konditori av de h\u00f6jda arbetsgivaravgifterna | Driva Eget","author":"\u00c5ke Hedman","date":"2015-08-19","format":false,"excerpt":"Nina Johanssons konditori i M\u00f6rrum f\u00e5r \u00f6kade kostnader med mellan 160 000 och 170 000 kronor om \u00e5ret n\u00e4r regeringen nu h\u00f6jt arbetsgivaravgifterna f\u00f6r unga. H\u00e4r \u00e4r hennes verklighet. Nina, hur m\u00e5nga unga anst\u00e4llda har du? \u2013 I dag arbetar \u00e5tta unga anst\u00e4llda hos mig, vissa arbetar heltid andra halvtid\u2026","rel":"","context":"In &quot;Swedish&quot;","block_context":{"text":"Swedish","link":"https:\/\/www.akehedman.se\/wordpress\/?cat=2"},"img":{"alt_text":"","src":"","width":0,"height":0},"classes":[]}],"jetpack_shortlink":"https:\/\/wp.me\/p68PL2-6PO","_links":{"self":[{"href":"https:\/\/www.akehedman.se\/wordpress\/index.php?rest_route=\/wp\/v2\/posts\/26276","targetHints":{"allow":["GET"]}}],"collection":[{"href":"https:\/\/www.akehedman.se\/wordpress\/index.php?rest_route=\/wp\/v2\/posts"}],"about":[{"href":"https:\/\/www.akehedman.se\/wordpress\/index.php?rest_route=\/wp\/v2\/types\/post"}],"author":[{"embeddable":true,"href":"https:\/\/www.akehedman.se\/wordpress\/index.php?rest_route=\/wp\/v2\/users\/24"}],"replies":[{"embeddable":true,"href":"https:\/\/www.akehedman.se\/wordpress\/index.php?rest_route=%2Fwp%2Fv2%2Fcomments&post=26276"}],"version-history":[{"count":1,"href":"https:\/\/www.akehedman.se\/wordpress\/index.php?rest_route=\/wp\/v2\/posts\/26276\/revisions"}],"predecessor-version":[{"id":26278,"href":"https:\/\/www.akehedman.se\/wordpress\/index.php?rest_route=\/wp\/v2\/posts\/26276\/revisions\/26278"}],"wp:attachment":[{"href":"https:\/\/www.akehedman.se\/wordpress\/index.php?rest_route=%2Fwp%2Fv2%2Fmedia&parent=26276"}],"wp:term":[{"taxonomy":"category","embeddable":true,"href":"https:\/\/www.akehedman.se\/wordpress\/index.php?rest_route=%2Fwp%2Fv2%2Fcategories&post=26276"},{"taxonomy":"post_tag","embeddable":true,"href":"https:\/\/www.akehedman.se\/wordpress\/index.php?rest_route=%2Fwp%2Fv2%2Ftags&post=26276"}],"curies":[{"name":"wp","href":"https:\/\/api.w.org\/{rel}","templated":true}]}}