{"id":26237,"date":"2017-12-12T10:58:12","date_gmt":"2017-12-12T09:58:12","guid":{"rendered":"http:\/\/www.akehedman.se\/wordpress\/?p=26237"},"modified":"2017-12-12T10:58:12","modified_gmt":"2017-12-12T09:58:12","slug":"en-till-far-vi-plats-med","status":"publish","type":"post","link":"https:\/\/www.akehedman.se\/wordpress\/?p=26237","title":{"rendered":"&#8220;En till f\u00e5r vi plats med&#8221;"},"content":{"rendered":"<p>More is better. Klockan \u00e4r 4:45. En man st\u00e5r och vaktar en kran och han fryser. Men sju grader varmt \u00e4nd\u00e5. Men kanske jagar New Yorks vindar m\u00e4nniskorna efter gatorna med samma intensitet som Stockholmsvindarna g\u00f6r det.\u00a0 Men vill man ligga hemma under ett t\u00e4cke s\u00e5 vill man. Jo han vill det. Mannen p\u00e5 kranen. Det syns. Ja och det kan man v\u00e4l f\u00f6rst\u00e5. \u00c4ven om man sitter h\u00e4r och tittar p\u00e5 ut p\u00e5 det d\u00e4r genom ett virtuellt f\u00f6nster ut i v\u00e4rlden. L\u00e5ngt bort fr\u00e5n allt det d\u00e4r. Mannen d\u00e4r p\u00e5 kranen vet inget om mig. Skulle vi tr\u00e4ffas s\u00e5 vore v\u00e4l det en s\u00e5dan d\u00e4r schysst universell skojighet som \u00e4nd\u00e5 h\u00e4nder ibland. Men det \u00e4r klart. Ingen av oss skulle k\u00e4nna igen den andre. Men kanske ringde det en klocka n\u00e5gonstans \u00e4nd\u00e5. &#8220;Har vi inte setts f\u00f6rut?&#8221; Liksom. Jo och det har vi ju. Skruva upp den d\u00e4r sk\u00e4rmen nu och \u00e5k hem och sov.<\/p>\n<p><img data-recalc-dims=\"1\" loading=\"lazy\" decoding=\"async\" class=\"alignnone size-full wp-image-26238\" src=\"https:\/\/i0.wp.com\/www.akehedman.se\/wordpress\/wp-content\/uploads\/2017\/12\/Screenshot-from-2017-12-12-10-44-13.png?resize=580%2C323\" alt=\"\" width=\"580\" height=\"323\" srcset=\"https:\/\/i0.wp.com\/www.akehedman.se\/wordpress\/wp-content\/uploads\/2017\/12\/Screenshot-from-2017-12-12-10-44-13.png?w=956&amp;ssl=1 956w, https:\/\/i0.wp.com\/www.akehedman.se\/wordpress\/wp-content\/uploads\/2017\/12\/Screenshot-from-2017-12-12-10-44-13.png?resize=300%2C167&amp;ssl=1 300w, https:\/\/i0.wp.com\/www.akehedman.se\/wordpress\/wp-content\/uploads\/2017\/12\/Screenshot-from-2017-12-12-10-44-13.png?resize=768%2C428&amp;ssl=1 768w, https:\/\/i0.wp.com\/www.akehedman.se\/wordpress\/wp-content\/uploads\/2017\/12\/Screenshot-from-2017-12-12-10-44-13.png?resize=500%2C279&amp;ssl=1 500w\" sizes=\"auto, (max-width: 580px) 100vw, 580px\" \/> <img data-recalc-dims=\"1\" loading=\"lazy\" decoding=\"async\" class=\"alignnone size-large wp-image-26239\" src=\"https:\/\/i0.wp.com\/www.akehedman.se\/wordpress\/wp-content\/uploads\/2017\/12\/Screenshot-from-2017-12-12-10-44-31.png?resize=580%2C327\" alt=\"\" width=\"580\" height=\"327\" srcset=\"https:\/\/i0.wp.com\/www.akehedman.se\/wordpress\/wp-content\/uploads\/2017\/12\/Screenshot-from-2017-12-12-10-44-31.png?w=951&amp;ssl=1 951w, https:\/\/i0.wp.com\/www.akehedman.se\/wordpress\/wp-content\/uploads\/2017\/12\/Screenshot-from-2017-12-12-10-44-31.png?resize=300%2C169&amp;ssl=1 300w, https:\/\/i0.wp.com\/www.akehedman.se\/wordpress\/wp-content\/uploads\/2017\/12\/Screenshot-from-2017-12-12-10-44-31.png?resize=768%2C432&amp;ssl=1 768w, https:\/\/i0.wp.com\/www.akehedman.se\/wordpress\/wp-content\/uploads\/2017\/12\/Screenshot-from-2017-12-12-10-44-31.png?resize=500%2C281&amp;ssl=1 500w\" sizes=\"auto, (max-width: 580px) 100vw, 580px\" \/><\/p>\n","protected":false},"excerpt":{"rendered":"<p>More is better. Klockan \u00e4r 4:45. En man st\u00e5r och vaktar en kran och han fryser. Men sju grader varmt \u00e4nd\u00e5. Men kanske jagar New Yorks vindar m\u00e4nniskorna efter gatorna med samma intensitet som Stockholmsvindarna g\u00f6r det.\u00a0 Men vill man ligga hemma under ett t\u00e4cke s\u00e5 vill man. Jo han vill det. Mannen p\u00e5 kranen. [&hellip;]<\/p>\n","protected":false},"author":24,"featured_media":0,"comment_status":"open","ping_status":"open","sticky":false,"template":"","format":"standard","meta":{"_crdt_document":"","jetpack_post_was_ever_published":false,"_jetpack_newsletter_access":"","_jetpack_dont_email_post_to_subs":false,"_jetpack_newsletter_tier_id":0,"_jetpack_memberships_contains_paywalled_content":false,"_jetpack_memberships_contains_paid_content":false,"footnotes":"","jetpack_publicize_message":"","jetpack_publicize_feature_enabled":true,"jetpack_social_post_already_shared":true,"jetpack_social_options":{"image_generator_settings":{"template":"highway","default_image_id":0,"font":"","enabled":false},"version":2}},"categories":[21],"tags":[],"class_list":["post-26237","post","type-post","status-publish","format-standard","hentry","category-bilder"],"jetpack_publicize_connections":[],"jetpack_featured_media_url":"","jetpack_sharing_enabled":true,"jetpack_likes_enabled":true,"jetpack-related-posts":[{"id":25914,"url":"https:\/\/www.akehedman.se\/wordpress\/?p=25914","url_meta":{"origin":26237,"position":0},"title":"Hudiksvall, igen","author":"\u00c5ke Hedman","date":"2017-11-09","format":false,"excerpt":"Jod\u00e5, innan man vet ordet av s\u00e5 \u00e4r man i Hudiksvall igen. Ja och i Hudiksvall \u00e4r det sjukhus som g\u00e4ller. En vecka sen sists. Men det \u00e4r inte jag som har ett bes\u00f6k h\u00e4r idag heller. Det \u00e4r K. Jag \u00e4r bara chauff\u00f6r. Ser till att patient kommer dit\u2026","rel":"","context":"In &quot;Betraktelser &amp; Ber\u00e4ttelse&quot;","block_context":{"text":"Betraktelser &amp; Ber\u00e4ttelse","link":"https:\/\/www.akehedman.se\/wordpress\/?cat=24"},"img":{"alt_text":"","src":"https:\/\/i0.wp.com\/www.akehedman.se\/wordpress\/wp-content\/uploads\/2017\/11\/IMG_20171108_213238782-1024x768.jpg?resize=350%2C200","width":350,"height":200,"srcset":"https:\/\/i0.wp.com\/www.akehedman.se\/wordpress\/wp-content\/uploads\/2017\/11\/IMG_20171108_213238782-1024x768.jpg?resize=350%2C200 1x, https:\/\/i0.wp.com\/www.akehedman.se\/wordpress\/wp-content\/uploads\/2017\/11\/IMG_20171108_213238782-1024x768.jpg?resize=525%2C300 1.5x"},"classes":[]},{"id":38852,"url":"https:\/\/www.akehedman.se\/wordpress\/?p=38852","url_meta":{"origin":26237,"position":1},"title":"Ja eller Nej","author":"\u00c5ke Hedman","date":"2021-05-19","format":false,"excerpt":"Photo by PNW Production on Pexels.com Jag st\u00e4ller mig sj\u00e4lv ofta den d\u00e4r fr\u00e5gan s\u00e5h\u00e4r strax innan klockan sex p\u00e5 morgonen. \u00c4r det det h\u00e4r jag vill g\u00f6ra? Hittills har jag alltid svarat ja. Tvekat kanske n\u00e5gra g\u00e5nger. Priset k\u00e4nns h\u00f6gt ibland fast det utifr\u00e5n s\u00e5klart ser ut som en\u2026","rel":"","context":"In &quot;Betraktelser &amp; Ber\u00e4ttelse&quot;","block_context":{"text":"Betraktelser &amp; Ber\u00e4ttelse","link":"https:\/\/www.akehedman.se\/wordpress\/?cat=24"},"img":{"alt_text":"people sitting on a cliff","src":"https:\/\/i0.wp.com\/www.akehedman.se\/wordpress\/wp-content\/uploads\/2021\/05\/pexels-photo-7625310.jpeg?resize=350%2C200&ssl=1","width":350,"height":200,"srcset":"https:\/\/i0.wp.com\/www.akehedman.se\/wordpress\/wp-content\/uploads\/2021\/05\/pexels-photo-7625310.jpeg?resize=350%2C200&ssl=1 1x, https:\/\/i0.wp.com\/www.akehedman.se\/wordpress\/wp-content\/uploads\/2021\/05\/pexels-photo-7625310.jpeg?resize=525%2C300&ssl=1 1.5x, https:\/\/i0.wp.com\/www.akehedman.se\/wordpress\/wp-content\/uploads\/2021\/05\/pexels-photo-7625310.jpeg?resize=700%2C400&ssl=1 2x"},"classes":[]},{"id":39433,"url":"https:\/\/www.akehedman.se\/wordpress\/?p=39433","url_meta":{"origin":26237,"position":2},"title":"Nope &#8211; Inte \u00e4r det jag!","author":"\u00c5ke Hedman","date":"2021-07-18","format":false,"excerpt":"Den h\u00e5rdast arbetande gubben i v\u00e4rlden? Nope, inte \u00e4r det jag. \u00c5tminstone inte just nu. Definitivt inte s\u00e5. Lata dagar fortg\u00e5r h\u00e4r p\u00e5 kullen. Men varf\u00f6r inte? Man f\u00e5r unna sig. Denna sommar som \u00e4r som de man minns som barn. De som egentligen inte fanns ens d\u00e5 utan bara\u2026","rel":"","context":"In &quot;Betraktelser &amp; Ber\u00e4ttelse&quot;","block_context":{"text":"Betraktelser &amp; Ber\u00e4ttelse","link":"https:\/\/www.akehedman.se\/wordpress\/?cat=24"},"img":{"alt_text":"","src":"https:\/\/i0.wp.com\/www.akehedman.se\/wordpress\/wp-content\/uploads\/2021\/07\/IMG_20210716_1943472-scaled.jpg?resize=350%2C200&ssl=1","width":350,"height":200,"srcset":"https:\/\/i0.wp.com\/www.akehedman.se\/wordpress\/wp-content\/uploads\/2021\/07\/IMG_20210716_1943472-scaled.jpg?resize=350%2C200&ssl=1 1x, https:\/\/i0.wp.com\/www.akehedman.se\/wordpress\/wp-content\/uploads\/2021\/07\/IMG_20210716_1943472-scaled.jpg?resize=525%2C300&ssl=1 1.5x, https:\/\/i0.wp.com\/www.akehedman.se\/wordpress\/wp-content\/uploads\/2021\/07\/IMG_20210716_1943472-scaled.jpg?resize=700%2C400&ssl=1 2x, https:\/\/i0.wp.com\/www.akehedman.se\/wordpress\/wp-content\/uploads\/2021\/07\/IMG_20210716_1943472-scaled.jpg?resize=1050%2C600&ssl=1 3x, https:\/\/i0.wp.com\/www.akehedman.se\/wordpress\/wp-content\/uploads\/2021\/07\/IMG_20210716_1943472-scaled.jpg?resize=1400%2C800&ssl=1 4x"},"classes":[]},{"id":18299,"url":"https:\/\/www.akehedman.se\/wordpress\/?p=18299","url_meta":{"origin":26237,"position":3},"title":"\u00c4r du lycklig lille v\u00e4n?","author":"\u00c5ke Hedman","date":"2015-07-21","format":false,"excerpt":"\"\u00c4r du lycklig Hedman?\". Ja man b\u00f6r ju fr\u00e5ga sig ibland. \u00c4r man det? Nu? Ig\u00e5r? I f\u00f6rrg\u00e5r? Man har varit olyckligare. Det kan man v\u00e4l enkelt konstatera. J\u00e4vligt mycket olyckligare. Men lyckligare d\u00e5? Jod\u00e5. Nyk\u00e4r. Fast det \u00e4r ju mer ett sjukdomstillst\u00e5nd. Vid forsen, vid havet. Ofta lycklig d\u00e4r.\u00a0\u2026","rel":"","context":"In &quot;Betraktelser &amp; Ber\u00e4ttelse&quot;","block_context":{"text":"Betraktelser &amp; Ber\u00e4ttelse","link":"https:\/\/www.akehedman.se\/wordpress\/?cat=24"},"img":{"alt_text":"","src":"https:\/\/i0.wp.com\/www.akehedman.se\/wordpress\/wp-content\/uploads\/2016\/10\/Petite.jpeg?resize=350%2C200","width":350,"height":200,"srcset":"https:\/\/i0.wp.com\/www.akehedman.se\/wordpress\/wp-content\/uploads\/2016\/10\/Petite.jpeg?resize=350%2C200 1x, https:\/\/i0.wp.com\/www.akehedman.se\/wordpress\/wp-content\/uploads\/2016\/10\/Petite.jpeg?resize=525%2C300 1.5x, https:\/\/i0.wp.com\/www.akehedman.se\/wordpress\/wp-content\/uploads\/2016\/10\/Petite.jpeg?resize=700%2C400 2x"},"classes":[]},{"id":34452,"url":"https:\/\/www.akehedman.se\/wordpress\/?p=34452","url_meta":{"origin":26237,"position":4},"title":"Gubbar","author":"\u00c5ke Hedman","date":"2020-02-12","format":false,"excerpt":"Det \u00e4r gubbarna och jag, d\u00e4r p\u00e5 gubbhyllan p\u00e5 Coop,.. n\u00e4\u00e4\u00e4\u00e4.... v\u00e4nta nu... Det \u00e4r VI gubbar p\u00e5 gubbhyllan p\u00e5 Coop i Ljusdal. Jag t\u00e4nker S E M L A n\u00e4r jag g\u00e5r f\u00f6r att best\u00e4lla min kaffe. Suget finns d\u00e4r. Men jag har bara trettio sp\u00e4nn och semla med\u2026","rel":"","context":"In &quot;Swedish&quot;","block_context":{"text":"Swedish","link":"https:\/\/www.akehedman.se\/wordpress\/?cat=2"},"img":{"alt_text":"","src":"https:\/\/i0.wp.com\/www.akehedman.se\/wordpress\/wp-content\/uploads\/2020\/02\/IMG_20200212_110643166_HDR.jpg?resize=350%2C200&ssl=1","width":350,"height":200,"srcset":"https:\/\/i0.wp.com\/www.akehedman.se\/wordpress\/wp-content\/uploads\/2020\/02\/IMG_20200212_110643166_HDR.jpg?resize=350%2C200&ssl=1 1x, https:\/\/i0.wp.com\/www.akehedman.se\/wordpress\/wp-content\/uploads\/2020\/02\/IMG_20200212_110643166_HDR.jpg?resize=525%2C300&ssl=1 1.5x, https:\/\/i0.wp.com\/www.akehedman.se\/wordpress\/wp-content\/uploads\/2020\/02\/IMG_20200212_110643166_HDR.jpg?resize=700%2C400&ssl=1 2x, https:\/\/i0.wp.com\/www.akehedman.se\/wordpress\/wp-content\/uploads\/2020\/02\/IMG_20200212_110643166_HDR.jpg?resize=1050%2C600&ssl=1 3x"},"classes":[]},{"id":8963,"url":"https:\/\/www.akehedman.se\/wordpress\/?p=8963","url_meta":{"origin":26237,"position":5},"title":"&#8220;ditt \u00e4ckliga lilla svin&#8221;","author":"\u00c5ke Hedman","date":"2013-08-27","format":false,"excerpt":"\"ditt \u00e4ckliga lilla svin\" skriver en kille som avslutning p\u00e5 en tydlig invandrarfientlig text ig\u00e5r p\u00e5 fejjan, efter att den kvinnliga unga politikern delat en mycket underh\u00e5llande ordv\u00e4xling mellan SD och MP lokalt h\u00e4r i Ljusdal r\u00f6rande invandring. D\u00e5ligt omd\u00f6me och en man som \u00e4r arg. Man har h\u00f6rt om\u2026","rel":"","context":"In &quot;Betraktelser &amp; Ber\u00e4ttelse&quot;","block_context":{"text":"Betraktelser &amp; Ber\u00e4ttelse","link":"https:\/\/www.akehedman.se\/wordpress\/?cat=24"},"img":{"alt_text":"svin1_73346158","src":"https:\/\/i0.wp.com\/www.eurosource.se\/akhe\/wordpress\/wp-content\/uploads\/2013\/08\/svin1_73346158.jpg?resize=350%2C200","width":350,"height":200},"classes":[]}],"jetpack_shortlink":"https:\/\/wp.me\/p68PL2-6Pb","_links":{"self":[{"href":"https:\/\/www.akehedman.se\/wordpress\/index.php?rest_route=\/wp\/v2\/posts\/26237","targetHints":{"allow":["GET"]}}],"collection":[{"href":"https:\/\/www.akehedman.se\/wordpress\/index.php?rest_route=\/wp\/v2\/posts"}],"about":[{"href":"https:\/\/www.akehedman.se\/wordpress\/index.php?rest_route=\/wp\/v2\/types\/post"}],"author":[{"embeddable":true,"href":"https:\/\/www.akehedman.se\/wordpress\/index.php?rest_route=\/wp\/v2\/users\/24"}],"replies":[{"embeddable":true,"href":"https:\/\/www.akehedman.se\/wordpress\/index.php?rest_route=%2Fwp%2Fv2%2Fcomments&post=26237"}],"version-history":[{"count":1,"href":"https:\/\/www.akehedman.se\/wordpress\/index.php?rest_route=\/wp\/v2\/posts\/26237\/revisions"}],"predecessor-version":[{"id":26240,"href":"https:\/\/www.akehedman.se\/wordpress\/index.php?rest_route=\/wp\/v2\/posts\/26237\/revisions\/26240"}],"wp:attachment":[{"href":"https:\/\/www.akehedman.se\/wordpress\/index.php?rest_route=%2Fwp%2Fv2%2Fmedia&parent=26237"}],"wp:term":[{"taxonomy":"category","embeddable":true,"href":"https:\/\/www.akehedman.se\/wordpress\/index.php?rest_route=%2Fwp%2Fv2%2Fcategories&post=26237"},{"taxonomy":"post_tag","embeddable":true,"href":"https:\/\/www.akehedman.se\/wordpress\/index.php?rest_route=%2Fwp%2Fv2%2Ftags&post=26237"}],"curies":[{"name":"wp","href":"https:\/\/api.w.org\/{rel}","templated":true}]}}