{"id":26087,"date":"2017-11-28T09:30:35","date_gmt":"2017-11-28T08:30:35","guid":{"rendered":"http:\/\/www.akehedman.se\/wordpress\/?p=26087"},"modified":"2017-11-28T09:30:35","modified_gmt":"2017-11-28T08:30:35","slug":"nar-regnet-faller","status":"publish","type":"post","link":"https:\/\/www.akehedman.se\/wordpress\/?p=26087","title":{"rendered":"N\u00e4r regnet faller"},"content":{"rendered":"<p><img data-recalc-dims=\"1\" loading=\"lazy\" decoding=\"async\" class=\"alignnone size-large wp-image-26088\" src=\"https:\/\/i0.wp.com\/www.akehedman.se\/wordpress\/wp-content\/uploads\/2017\/11\/IMG_20170731_181052524-EFFECTS-768x1024.jpg?resize=580%2C774\" alt=\"\" width=\"580\" height=\"774\" srcset=\"https:\/\/i0.wp.com\/www.akehedman.se\/wordpress\/wp-content\/uploads\/2017\/11\/IMG_20170731_181052524-EFFECTS.jpg?resize=768%2C1024&amp;ssl=1 768w, https:\/\/i0.wp.com\/www.akehedman.se\/wordpress\/wp-content\/uploads\/2017\/11\/IMG_20170731_181052524-EFFECTS.jpg?resize=225%2C300&amp;ssl=1 225w, https:\/\/i0.wp.com\/www.akehedman.se\/wordpress\/wp-content\/uploads\/2017\/11\/IMG_20170731_181052524-EFFECTS.jpg?w=787&amp;ssl=1 787w\" sizes=\"auto, (max-width: 580px) 100vw, 580px\" \/><\/p>\n<p>Jag skjutsar ner K. Hon har l\u00e5ngdag. Barn och b\u00f6cker. En del dagar \u00e4r tyngre \u00e4n andra f\u00f6r henne ocks\u00e5. Sen Lasse. Inte ens han g\u00f6r det han g\u00f6r f\u00f6r att det \u00e4r kul. S\u00e5klart. Han beh\u00f6ver en slant f\u00f6r att kunna g\u00e5 vidare i sitt v\u00e4rv och f\u00f6r att ha r\u00e5d med tv\u00e5l att tv\u00e4tta av oljekletiga h\u00e4nder.\u00a0 Men sen jag hem. Jag som g\u00f6r det d\u00e4r jag g\u00f6r f\u00f6r att det \u00e4r roligt. Eller \u00e4r det s\u00e5 f\u00f6rbannat kul? Hur l\u00e4nge sedan var det? Borde man kanske hitta tillbaks dit? Prioritera &#8220;kul&#8221;. Lustfylldhet. Fast ofta \u00e4r det nu \u00e4nd\u00e5 det. Jo, man f\u00e5r erk\u00e4nna. Roligt allts\u00e5.<\/p>\n<p>Fast jag skall s\u00e5klart inte klaga. Vad har egentligen s\u00e5dana som mig att klaga p\u00e5? N\u00e4pp, andra har det v\u00e4rre. Alltid. Det finns inga t\u00e4vlingar att vinna f\u00f6r en kuf. Tur att man inte \u00e4r en t\u00e4vlingsm\u00e4nniska. Hur m\u00e5nga fj\u00e4rdeplatser har man redan?<\/p>\n<p>M\u00e5ste f\u00f6rs\u00f6ka hitta en kort kort beskrivning av VSCP. Nu n\u00e4r n\u00e5gon fr\u00e5gar vad det \u00e4r brukar jag komma dragande med intelligenta vitvaror. Jag tappar \u00e5h\u00f6raren efter exakt tre sekunder. Ja och n\u00e4r jag tappar \u00e5h\u00f6raren ger jag sj\u00e4lv upp. L\u00e4gger ner. F\u00f6r egentligen \u00e4r ju ingen intresserad av att h\u00f6ra om det d\u00e4r fr\u00e5n b\u00f6rjan. Ja och jag \u00e4r inte j\u00e4tteintresserad av att upplysa de som inte vill veta heller. Men utifall man ramlade p\u00e5 n\u00e5gon som borde f\u00f6rst\u00e5 s\u00e5 skulle man kanske fundera igenom det d\u00e4r \u00e4nd\u00e5. Ett s\u00e5dant funderande \u00e4r nu \u00e4nd\u00e5 ett l\u00e5tsasjobb som vilket annat som helst. Fast skit samma. Det g\u00f6r varken till eller ifr\u00e5n. Ja och en del saker kan kanske inte bara f\u00f6rklaras med en mening. Om idioten inte f\u00f6rst\u00e5r s\u00e5 m\u00e5ste det inte vara fel p\u00e5 den som f\u00f6rklarar. Inte alltid i alla fall.<\/p>\n<p>Gr\u00e5v\u00e4der. Fyra och en halv ute. Fuktigt. G\u00f6r fyra minus till tio minus det d\u00e4r. Stockholmsv\u00e4der. Ja i alla fall om man adderar en vind till minusgraderna. Men ingenstans jagar kalla vindar m\u00e4nniskorna upp och ner efter gatorna med h\u00f6gre frenesi \u00e4n efter Stockholms kalla gator. H\u00e4lsingskt v\u00e4der \u00e4r som sommar i j\u00e4mf\u00f6relse. Aldrig har jag frusit n\u00e5gonstans som i Stockholm. Jo kanske d\u00e4r p\u00e5 isen i Edsbyn. Fast sen kommer definitivt och utan tvekan Stockholm. Ett kallh\u00e5l \u00e4r vad det \u00e4r. Men ett kallh\u00e5l att \u00e4lska och l\u00e4ngta till utan tvekan.<\/p>\n<p>Om n\u00e5gon av mina l\u00e4sare \u00e4r sugen p\u00e5 en \u00e4kta H\u00e4lsingeg\u00e5rd s\u00e5 st\u00e5r <a href=\"https:\/\/www.svenskfast.se\/hus\/gavleborg\/soderhamn\/tyby-650\/185661#bilder\">den h\u00e4r<\/a> och v\u00e4ntar p\u00e5 dig. <a href=\"https:\/\/s2.sfcdn.se\/s\/resurs\/image\/185661\/medium\/636465483760000000\/mdiynnwwmdawndm1mzy3nhw5ng...jpg\">Eget frim\u00e4rke<\/a> ing\u00e5r. Vill man hellre ha n\u00e5got stort och pr\u00e4ktigt s\u00e5 kan <a href=\"http:\/\/gavleborg\">det h\u00e4r<\/a> vara n\u00e5got.<\/p>\n<p>N\u00e4pp, p\u00e5 med lite musik och sen l\u00e5tsas jobba i sitt anletes svett.\u00a0 Allts\u00e5 inte &#8220;l\u00e5tsasjobba&#8221; idag utan &#8220;l\u00e5tsas jobba&#8221;. Ombyte f\u00f6rn\u00f6jer liksom.<\/p>\n<p>&nbsp;<\/p>\n","protected":false},"excerpt":{"rendered":"<p>Jag skjutsar ner K. Hon har l\u00e5ngdag. Barn och b\u00f6cker. En del dagar \u00e4r tyngre \u00e4n andra f\u00f6r henne ocks\u00e5. Sen Lasse. Inte ens han g\u00f6r det han g\u00f6r f\u00f6r att det \u00e4r kul. S\u00e5klart. Han beh\u00f6ver en slant f\u00f6r att kunna g\u00e5 vidare i sitt v\u00e4rv och f\u00f6r att ha r\u00e5d med tv\u00e5l att [&hellip;]<\/p>\n","protected":false},"author":24,"featured_media":0,"comment_status":"open","ping_status":"open","sticky":false,"template":"","format":"standard","meta":{"_crdt_document":"","jetpack_post_was_ever_published":false,"_jetpack_newsletter_access":"","_jetpack_dont_email_post_to_subs":false,"_jetpack_newsletter_tier_id":0,"_jetpack_memberships_contains_paywalled_content":false,"_jetpack_memberships_contains_paid_content":false,"footnotes":"","jetpack_publicize_message":"","jetpack_publicize_feature_enabled":true,"jetpack_social_post_already_shared":true,"jetpack_social_options":{"image_generator_settings":{"template":"highway","default_image_id":0,"font":"","enabled":false},"version":2}},"categories":[24],"tags":[],"class_list":["post-26087","post","type-post","status-publish","format-standard","hentry","category-betraktelser"],"jetpack_publicize_connections":[],"jetpack_featured_media_url":"","jetpack_sharing_enabled":true,"jetpack_likes_enabled":true,"jetpack-related-posts":[{"id":20957,"url":"https:\/\/www.akehedman.se\/wordpress\/?p=20957","url_meta":{"origin":26087,"position":0},"title":"Projiceringarna","author":"\u00c5ke Hedman","date":"2016-07-07","format":false,"excerpt":"Jag bokf\u00f6r, den d\u00e4r sista bokf\u00f6ringen innan semester, ja fast det \u00e4r tv\u00e5 veckor till den, men \u00e4nd\u00e5. Det g\u00e5r s\u00e5d\u00e4r. Bokf\u00f6ringen. Jag vaknade vid fyra i morse och kunde inte somna om. Visserligen en f\u00f6rb\u00e4ttring j\u00e4mf\u00f6rt med ig\u00e5r d\u00e5 jag vaknade vid tre och inte heller \u00a0kunde somna om.\u2026","rel":"","context":"In &quot;Betraktelser &amp; Ber\u00e4ttelse&quot;","block_context":{"text":"Betraktelser &amp; Ber\u00e4ttelse","link":"https:\/\/www.akehedman.se\/wordpress\/?cat=24"},"img":{"alt_text":"Gavel","src":"https:\/\/i0.wp.com\/www.akehedman.se\/wordpress\/wp-content\/uploads\/2016\/02\/2603098-1024x682.jpg?resize=350%2C200","width":350,"height":200,"srcset":"https:\/\/i0.wp.com\/www.akehedman.se\/wordpress\/wp-content\/uploads\/2016\/02\/2603098-1024x682.jpg?resize=350%2C200 1x, https:\/\/i0.wp.com\/www.akehedman.se\/wordpress\/wp-content\/uploads\/2016\/02\/2603098-1024x682.jpg?resize=525%2C300 1.5x"},"classes":[]},{"id":43190,"url":"https:\/\/www.akehedman.se\/wordpress\/?p=43190","url_meta":{"origin":26087,"position":1},"title":"R\u00f6k","author":"\u00c5ke Hedman","date":"2022-10-28","format":false,"excerpt":"Photo by Tetyana Kovyrina on Pexels.com L\u00f6dr\u00f6ken anfaller. H\u00e4nger tungt i lokalen. Idag kommer den b\u00e5de fr\u00e5n ugn och handl\u00f6dning. Nyttigt? Nej! L\u00e4ser att de flesta som jobbar med l\u00f6dning utvecklar astma till slut. Olika grader. Hur dumt \u00e4r inte det? M\u00e5ste fixa den d\u00e4r fl\u00e4kten. Men bara ett m\u00e5ste\u2026","rel":"","context":"In &quot;Swedish&quot;","block_context":{"text":"Swedish","link":"https:\/\/www.akehedman.se\/wordpress\/?cat=2"},"img":{"alt_text":"blue smoke wallpaper","src":"https:\/\/i0.wp.com\/www.akehedman.se\/wordpress\/wp-content\/uploads\/2022\/10\/pexels-photo-937980.jpeg?resize=350%2C200&ssl=1","width":350,"height":200,"srcset":"https:\/\/i0.wp.com\/www.akehedman.se\/wordpress\/wp-content\/uploads\/2022\/10\/pexels-photo-937980.jpeg?resize=350%2C200&ssl=1 1x, https:\/\/i0.wp.com\/www.akehedman.se\/wordpress\/wp-content\/uploads\/2022\/10\/pexels-photo-937980.jpeg?resize=525%2C300&ssl=1 1.5x, https:\/\/i0.wp.com\/www.akehedman.se\/wordpress\/wp-content\/uploads\/2022\/10\/pexels-photo-937980.jpeg?resize=700%2C400&ssl=1 2x"},"classes":[]},{"id":17008,"url":"https:\/\/www.akehedman.se\/wordpress\/?p=17008","url_meta":{"origin":26087,"position":2},"title":"Den d\u00e4r j\u00e4vla Notch!","author":"\u00c5ke Hedman","date":"2015-03-12","format":false,"excerpt":"Det \u00e4r v\u00e4der f\u00f6r kungar d\u00e4r ute. Ocoola gubbar f\u00e5r \u00e5ka med av bara farten fast de inte har uppn\u00e5tt den d\u00e4r upph\u00f6jdheten. Det \u00e4r inte l\u00e4tt att g\u00e5 in. Jag s\u00e4ger det igen. Det \u00e4r sv\u00e5rt att g\u00e5 in. Men jag koncentrerar mig p\u00e5 uppgiften. Posten, byta kabel p\u00e5\u2026","rel":"","context":"In &quot;Betraktelser &amp; Ber\u00e4ttelse&quot;","block_context":{"text":"Betraktelser &amp; Ber\u00e4ttelse","link":"https:\/\/www.akehedman.se\/wordpress\/?cat=24"},"img":{"alt_text":"markus_persson","src":"https:\/\/i0.wp.com\/www.eurosource.se\/akhe\/wordpress\/wp-content\/uploads\/2015\/03\/markus_persson.jpg?resize=350%2C200","width":350,"height":200},"classes":[]},{"id":51636,"url":"https:\/\/www.akehedman.se\/wordpress\/?p=51636","url_meta":{"origin":26087,"position":3},"title":"N\u00e4stan&#8230;","author":"\u00c5ke Hedman","date":"2026-04-10","format":false,"excerpt":"Det \u00e4r n\u00e4stan s\u00e5 att jag vill st\u00e4mpla \"KLART\" p\u00e5 projektet. Men vad tusan... Inte kan man v\u00e4l det? Nu!? Men kanske m\u00e5ste man. Om man nu inte hittar n\u00e5got mer man borde f\u00e5 med. S\u00f6ker... Fast p\u00e5 f\u00f6rmiddagen t\u00e4nkte jag att en BLE avisering (Bl\u00e5tand\/Bluetooth) skulle ju sitta snyggt.\u2026","rel":"","context":"In &quot;Betraktelser &amp; Ber\u00e4ttelse&quot;","block_context":{"text":"Betraktelser &amp; Ber\u00e4ttelse","link":"https:\/\/www.akehedman.se\/wordpress\/?cat=24"},"img":{"alt_text":"","src":"https:\/\/i0.wp.com\/www.akehedman.se\/wordpress\/wp-content\/uploads\/2026\/04\/Screenshot-From-2026-04-10-15-01-24.png?resize=350%2C200&ssl=1","width":350,"height":200},"classes":[]},{"id":24099,"url":"https:\/\/www.akehedman.se\/wordpress\/?p=24099","url_meta":{"origin":26087,"position":4},"title":"&#8220;fan vad kul&#8221;","author":"\u00c5ke Hedman","date":"2017-04-12","format":false,"excerpt":"F\u00f6rs\u00f6ker \u00f6verleva tills det \u00e4r dags att \u00e4ta. Ja, f\u00f6r mig g\u00e5r det ganska bra, men magen kurrar och skriker efter mat. Jag talar lugnt till den. Men stor som den \u00e4r har den en tendens att dominera min kropp och min person. Men en halvtimme till f\u00e5r vi nog\u2026","rel":"","context":"In &quot;Betraktelser &amp; Ber\u00e4ttelse&quot;","block_context":{"text":"Betraktelser &amp; Ber\u00e4ttelse","link":"https:\/\/www.akehedman.se\/wordpress\/?cat=24"},"img":{"alt_text":"","src":"https:\/\/i0.wp.com\/www.akehedman.se\/wordpress\/wp-content\/uploads\/2017\/04\/20170412_154700-e1492014837947-576x1024.png?resize=350%2C200","width":350,"height":200,"srcset":"https:\/\/i0.wp.com\/www.akehedman.se\/wordpress\/wp-content\/uploads\/2017\/04\/20170412_154700-e1492014837947-576x1024.png?resize=350%2C200 1x, https:\/\/i0.wp.com\/www.akehedman.se\/wordpress\/wp-content\/uploads\/2017\/04\/20170412_154700-e1492014837947-576x1024.png?resize=525%2C300 1.5x"},"classes":[]},{"id":19027,"url":"https:\/\/www.akehedman.se\/wordpress\/?p=19027","url_meta":{"origin":26087,"position":5},"title":"Gud \u00e4r inte st\u00f6rre. Gud \u00e4r vi.","author":"\u00c5ke Hedman","date":"2015-11-16","format":false,"excerpt":"Sn\u00f6. Oundvikligt s\u00e5klart. Den kommer till slut. Varje \u00e5r.\u00a0 Mentalt blir det kallare. Med sn\u00f6n tar sig kylan in i m\u00e4rgen ocks\u00e5. Fast att vi klarat oss s\u00e5h\u00e4r l\u00e5ngt f\u00e5r man s\u00e5klart ta som en g\u00e5va fr\u00e5n gudarna. Om dom nu har ett endaste dugg med det d\u00e4r att g\u00f6ra.\u2026","rel":"","context":"In &quot;Betraktelser &amp; Ber\u00e4ttelse&quot;","block_context":{"text":"Betraktelser &amp; Ber\u00e4ttelse","link":"https:\/\/www.akehedman.se\/wordpress\/?cat=24"},"img":{"alt_text":"15","src":"https:\/\/i0.wp.com\/www.akehedman.se\/wordpress\/wp-content\/uploads\/2015\/11\/15-1024x768.jpg?resize=350%2C200","width":350,"height":200,"srcset":"https:\/\/i0.wp.com\/www.akehedman.se\/wordpress\/wp-content\/uploads\/2015\/11\/15-1024x768.jpg?resize=350%2C200 1x, https:\/\/i0.wp.com\/www.akehedman.se\/wordpress\/wp-content\/uploads\/2015\/11\/15-1024x768.jpg?resize=525%2C300 1.5x"},"classes":[]}],"jetpack_shortlink":"https:\/\/wp.me\/p68PL2-6ML","_links":{"self":[{"href":"https:\/\/www.akehedman.se\/wordpress\/index.php?rest_route=\/wp\/v2\/posts\/26087","targetHints":{"allow":["GET"]}}],"collection":[{"href":"https:\/\/www.akehedman.se\/wordpress\/index.php?rest_route=\/wp\/v2\/posts"}],"about":[{"href":"https:\/\/www.akehedman.se\/wordpress\/index.php?rest_route=\/wp\/v2\/types\/post"}],"author":[{"embeddable":true,"href":"https:\/\/www.akehedman.se\/wordpress\/index.php?rest_route=\/wp\/v2\/users\/24"}],"replies":[{"embeddable":true,"href":"https:\/\/www.akehedman.se\/wordpress\/index.php?rest_route=%2Fwp%2Fv2%2Fcomments&post=26087"}],"version-history":[{"count":1,"href":"https:\/\/www.akehedman.se\/wordpress\/index.php?rest_route=\/wp\/v2\/posts\/26087\/revisions"}],"predecessor-version":[{"id":26089,"href":"https:\/\/www.akehedman.se\/wordpress\/index.php?rest_route=\/wp\/v2\/posts\/26087\/revisions\/26089"}],"wp:attachment":[{"href":"https:\/\/www.akehedman.se\/wordpress\/index.php?rest_route=%2Fwp%2Fv2%2Fmedia&parent=26087"}],"wp:term":[{"taxonomy":"category","embeddable":true,"href":"https:\/\/www.akehedman.se\/wordpress\/index.php?rest_route=%2Fwp%2Fv2%2Fcategories&post=26087"},{"taxonomy":"post_tag","embeddable":true,"href":"https:\/\/www.akehedman.se\/wordpress\/index.php?rest_route=%2Fwp%2Fv2%2Ftags&post=26087"}],"curies":[{"name":"wp","href":"https:\/\/api.w.org\/{rel}","templated":true}]}}