{"id":25445,"date":"2017-09-22T13:06:28","date_gmt":"2017-09-22T12:06:28","guid":{"rendered":"http:\/\/www.akehedman.se\/wordpress\/?p=25445"},"modified":"2017-09-22T13:06:28","modified_gmt":"2017-09-22T12:06:28","slug":"1530","status":"publish","type":"post","link":"https:\/\/www.akehedman.se\/wordpress\/?p=25445","title":{"rendered":"1530"},"content":{"rendered":"<p><img data-recalc-dims=\"1\" loading=\"lazy\" decoding=\"async\" class=\"alignnone size-large wp-image-25446\" src=\"https:\/\/i0.wp.com\/www.akehedman.se\/wordpress\/wp-content\/uploads\/2017\/09\/IMG_20170922_133924510_HDR-1024x768.jpg?resize=580%2C435\" alt=\"\" width=\"580\" height=\"435\" srcset=\"https:\/\/i0.wp.com\/www.akehedman.se\/wordpress\/wp-content\/uploads\/2017\/09\/IMG_20170922_133924510_HDR.jpg?resize=1024%2C768&amp;ssl=1 1024w, https:\/\/i0.wp.com\/www.akehedman.se\/wordpress\/wp-content\/uploads\/2017\/09\/IMG_20170922_133924510_HDR.jpg?resize=300%2C225&amp;ssl=1 300w, https:\/\/i0.wp.com\/www.akehedman.se\/wordpress\/wp-content\/uploads\/2017\/09\/IMG_20170922_133924510_HDR.jpg?resize=768%2C576&amp;ssl=1 768w, https:\/\/i0.wp.com\/www.akehedman.se\/wordpress\/wp-content\/uploads\/2017\/09\/IMG_20170922_133924510_HDR.jpg?resize=400%2C300&amp;ssl=1 400w, https:\/\/i0.wp.com\/www.akehedman.se\/wordpress\/wp-content\/uploads\/2017\/09\/IMG_20170922_133924510_HDR.jpg?w=1160&amp;ssl=1 1160w, https:\/\/i0.wp.com\/www.akehedman.se\/wordpress\/wp-content\/uploads\/2017\/09\/IMG_20170922_133924510_HDR.jpg?w=1740&amp;ssl=1 1740w\" sizes=\"auto, (max-width: 580px) 100vw, 580px\" \/><\/p>\n<p><a href=\"http:\/\/eurosource.se\/timeleft.php\">1530<\/a> dagar kvar.\u00a0 Allts\u00e5 blir det fest n\u00e4sta m\u00e5nad.<\/p>\n<p>Jag f\u00e5r en sk\u00e5l godis. Det hj\u00e4lper mot tr\u00f6ttheten i exakt en timme. Sen \u00e4r den d\u00e4r igen. Ja och v\u00e4rre. Men det f\u00e5r man ta. Jag har varit med f\u00f6rut.<\/p>\n<p>M\u00e4nniskor bed\u00f6ms utifr\u00e5n sina dr\u00f6mmar. Har de inga ja d\u00e5 \u00e4r det synd om m\u00e4nniskan. Japp, s\u00e5 ser jag det. Pengar och annat spelar ingen roll. Har du dr\u00f6mmar kan du ta dig vart som helst.<\/p>\n<p>Det finns v\u00e4l jobb h\u00e4r f\u00f6r ungef\u00e4r trettio personer. Men de d\u00e4r trettio g\u00f6r v\u00e4l annat. Antagligen. H\u00e4r \u00e4r de inte. Men jag l\u00e5tsasjobbar p\u00e5 s\u00e5 gott jag kan. Men trettio man\u00e5r gjorda av en det g\u00e5r s\u00e5klart inte. I alla fall inte i min \u00e5lder. Det f\u00e5r man ta. Men j\u00e4&#8217;vlar vilka grejer det skulle g\u00e5tt att g\u00f6ra&#8230;<\/p>\n<p>Alla tidningar (n\u00e4stan) har betalv\u00e4gg idag. Men borde \u00e5tminstone inte de som har presst\u00f6d ha en \u00f6ppen del. Tycker det vore rimligt. Men jag fattar iof inte \u00f6ver huvudtaget hur man t\u00e4nker. Vi gamla kanske kan f\u00e5rs att gi in genom de d\u00e4r betalv\u00e4ggarna men hur har man t\u00e4nkt sig med n\u00e4sta generation? Har man bara gett upp? &#8220;Vi k\u00f6r s\u00e5 l\u00e4nge det g\u00e5&#8230;&#8221; liksom. Kortsynt. Bort med presst\u00f6det. Det hamnar bara i fickor som inte har gjort sig f\u00f6rtj\u00e4nta av de d\u00e4r pengarna numera.<\/p>\n<p>Men tr\u00f6tt nu allts\u00e5. Tr\u00f6tthet och f\u00f6rv\u00e5ning \u00f6ver att det redan \u00e4r fredag \u00e4r k\u00e4nslan f\u00f6r dagen liksom. Jag vet inte om det \u00e4r bra eller d\u00e5ligt. Hur det nu \u00e4n blir s\u00e5 skall det vilas ikv\u00e4ll. Trotts att jag velat att veckan var tretton plus en dag l\u00e4ngre \u00e4n den \u00e4r.<\/p>\n<p>Nu skall jag g\u00f6ra det som skall g\u00f6ras klart. F\u00f6r att jag vill och f\u00f6r att jag m\u00e5ste. Trevlig helg p\u00e5 er!<\/p>\n<p>ps P\u00e5 Times square \u00e4r det lugnt ds<\/p>\n<p><img data-recalc-dims=\"1\" loading=\"lazy\" decoding=\"async\" class=\"alignnone size-full wp-image-25447\" src=\"https:\/\/i0.wp.com\/www.akehedman.se\/wordpress\/wp-content\/uploads\/2017\/09\/Screenshot-from-2017-09-22-14-04-33.png?resize=580%2C488\" alt=\"\" width=\"580\" height=\"488\" srcset=\"https:\/\/i0.wp.com\/www.akehedman.se\/wordpress\/wp-content\/uploads\/2017\/09\/Screenshot-from-2017-09-22-14-04-33.png?w=744&amp;ssl=1 744w, https:\/\/i0.wp.com\/www.akehedman.se\/wordpress\/wp-content\/uploads\/2017\/09\/Screenshot-from-2017-09-22-14-04-33.png?resize=300%2C252&amp;ssl=1 300w, https:\/\/i0.wp.com\/www.akehedman.se\/wordpress\/wp-content\/uploads\/2017\/09\/Screenshot-from-2017-09-22-14-04-33.png?resize=357%2C300&amp;ssl=1 357w\" sizes=\"auto, (max-width: 580px) 100vw, 580px\" \/><\/p>\n","protected":false},"excerpt":{"rendered":"<p>1530 dagar kvar.\u00a0 Allts\u00e5 blir det fest n\u00e4sta m\u00e5nad. Jag f\u00e5r en sk\u00e5l godis. Det hj\u00e4lper mot tr\u00f6ttheten i exakt en timme. Sen \u00e4r den d\u00e4r igen. Ja och v\u00e4rre. Men det f\u00e5r man ta. Jag har varit med f\u00f6rut. M\u00e4nniskor bed\u00f6ms utifr\u00e5n sina dr\u00f6mmar. Har de inga ja d\u00e5 \u00e4r det synd om m\u00e4nniskan. [&hellip;]<\/p>\n","protected":false},"author":24,"featured_media":0,"comment_status":"open","ping_status":"open","sticky":false,"template":"","format":"standard","meta":{"_crdt_document":"","jetpack_post_was_ever_published":false,"_jetpack_newsletter_access":"","_jetpack_dont_email_post_to_subs":false,"_jetpack_newsletter_tier_id":0,"_jetpack_memberships_contains_paywalled_content":false,"_jetpack_memberships_contains_paid_content":false,"footnotes":"","jetpack_publicize_message":"","jetpack_publicize_feature_enabled":true,"jetpack_social_post_already_shared":true,"jetpack_social_options":{"image_generator_settings":{"template":"highway","default_image_id":0,"font":"","enabled":false},"version":2}},"categories":[24],"tags":[],"class_list":["post-25445","post","type-post","status-publish","format-standard","hentry","category-betraktelser"],"jetpack_publicize_connections":[],"jetpack_featured_media_url":"","jetpack_sharing_enabled":true,"jetpack_likes_enabled":true,"jetpack-related-posts":[{"id":25948,"url":"https:\/\/www.akehedman.se\/wordpress\/?p=25948","url_meta":{"origin":25445,"position":0},"title":"Flytta?","author":"\u00c5ke Hedman","date":"2017-11-14","format":false,"excerpt":"Jag tittar p\u00e5 v\u00e5rt gamla hus n\u00e4r jag har tagit mig upp f\u00f6r backarna efter promenaden och undrar om det \u00e4r h\u00e4r jag vill d\u00f6. Ja man kan allts\u00e5 v\u00e4nda p\u00e5 det d\u00e4r. \"\u00c4r det h\u00e4r man vill leva\" ja och l\u00e4gga till \"tills man d\u00f6r\". Men min utg\u00e5ngspunkt \u00e4r\u2026","rel":"","context":"In &quot;Betraktelser &amp; Ber\u00e4ttelse&quot;","block_context":{"text":"Betraktelser &amp; Ber\u00e4ttelse","link":"https:\/\/www.akehedman.se\/wordpress\/?cat=24"},"img":{"alt_text":"","src":"https:\/\/i0.wp.com\/www.akehedman.se\/wordpress\/wp-content\/uploads\/2017\/11\/IMG_20171114_080149610_HDR-1024x768.jpg?resize=350%2C200","width":350,"height":200,"srcset":"https:\/\/i0.wp.com\/www.akehedman.se\/wordpress\/wp-content\/uploads\/2017\/11\/IMG_20171114_080149610_HDR-1024x768.jpg?resize=350%2C200 1x, https:\/\/i0.wp.com\/www.akehedman.se\/wordpress\/wp-content\/uploads\/2017\/11\/IMG_20171114_080149610_HDR-1024x768.jpg?resize=525%2C300 1.5x"},"classes":[]},{"id":50547,"url":"https:\/\/www.akehedman.se\/wordpress\/?p=50547","url_meta":{"origin":25445,"position":1},"title":"Rinnande veckor","author":"\u00c5ke Hedman","date":"2025-10-14","format":false,"excerpt":"Photo by Pixabay on Pexels.com Redan tisdag. En m\u00e5ndag som gick bort. K\u00e4nns som veckan redan \u00e4r f\u00f6rst\u00f6rd. Hoppet st\u00e5r till morgondagen. Kanske g\u00e5r det att f\u00e5 n\u00e5got vettigt gjort d\u00e5. Den lokala aff\u00e4ren ringer idag och vill att jag skall titta p\u00e5 en kabel. Jag har verkligen inte tid\u2026","rel":"","context":"In &quot;Betraktelser &amp; Ber\u00e4ttelse&quot;","block_context":{"text":"Betraktelser &amp; Ber\u00e4ttelse","link":"https:\/\/www.akehedman.se\/wordpress\/?cat=24"},"img":{"alt_text":"black mountains under the stars at nighttime","src":"https:\/\/i0.wp.com\/www.akehedman.se\/wordpress\/wp-content\/uploads\/2025\/10\/pexels-photo-355465.jpeg?resize=350%2C200&ssl=1","width":350,"height":200,"srcset":"https:\/\/i0.wp.com\/www.akehedman.se\/wordpress\/wp-content\/uploads\/2025\/10\/pexels-photo-355465.jpeg?resize=350%2C200&ssl=1 1x, https:\/\/i0.wp.com\/www.akehedman.se\/wordpress\/wp-content\/uploads\/2025\/10\/pexels-photo-355465.jpeg?resize=525%2C300&ssl=1 1.5x, https:\/\/i0.wp.com\/www.akehedman.se\/wordpress\/wp-content\/uploads\/2025\/10\/pexels-photo-355465.jpeg?resize=700%2C400&ssl=1 2x, https:\/\/i0.wp.com\/www.akehedman.se\/wordpress\/wp-content\/uploads\/2025\/10\/pexels-photo-355465.jpeg?resize=1050%2C600&ssl=1 3x, https:\/\/i0.wp.com\/www.akehedman.se\/wordpress\/wp-content\/uploads\/2025\/10\/pexels-photo-355465.jpeg?resize=1400%2C800&ssl=1 4x"},"classes":[]},{"id":13903,"url":"https:\/\/www.akehedman.se\/wordpress\/?p=13903","url_meta":{"origin":25445,"position":2},"title":"Jag \u00e4r bara lite tr\u00f6g i huvudet och blir tr\u00f6gare f\u00f6r varje \u00e5r som g\u00e5r.","author":"\u00c5ke Hedman","date":"2014-07-11","format":false,"excerpt":"I min \u00e5lder vaknar man upp p\u00e5 morgonen och s\u00e5 har man antingen mindre eller mer ont \u00e4n vid samma tid dagen f\u00f6re. Ja det kan visserligen vara ett slags status que ocks\u00e5 men ont g\u00f6r det, n\u00e5gonstans. Den st\u00f6rsta gl\u00e4djen man kan uppleva n\u00e4r man vaknar upp f\u00f6r att\u2026","rel":"","context":"In &quot;Betraktelser &amp; Ber\u00e4ttelse&quot;","block_context":{"text":"Betraktelser &amp; Ber\u00e4ttelse","link":"https:\/\/www.akehedman.se\/wordpress\/?cat=24"},"img":{"alt_text":"41118546-V8xR8","src":"https:\/\/i0.wp.com\/www.eurosource.se\/akhe\/wordpress\/wp-content\/uploads\/2014\/07\/41118546-V8xR8-1024x768.jpg?resize=350%2C200","width":350,"height":200,"srcset":"https:\/\/i0.wp.com\/www.eurosource.se\/akhe\/wordpress\/wp-content\/uploads\/2014\/07\/41118546-V8xR8-1024x768.jpg?resize=350%2C200 1x, https:\/\/i0.wp.com\/www.eurosource.se\/akhe\/wordpress\/wp-content\/uploads\/2014\/07\/41118546-V8xR8-1024x768.jpg?resize=525%2C300 1.5x"},"classes":[]},{"id":20269,"url":"https:\/\/www.akehedman.se\/wordpress\/?p=20269","url_meta":{"origin":25445,"position":3},"title":"Trettio \u00e5r, precis idag","author":"\u00c5ke Hedman","date":"2016-05-01","format":false,"excerpt":"Idag. Precis idag har vi d\u00e5 bott h\u00e4r i Los i trettio \u00e5r. Herregud! Jag har aldrig bott l\u00e4ngre sammanh\u00e5llen tid p\u00e5 n\u00e5gon annan plats. Nej inte ens i Edsbyn d\u00e4r jag \u00e4nd\u00e5 k\u00e4nner att jag kanske har en eller tv\u00e5 eller ibland till och med tre r\u00f6tter nedstuckna. Det\u2026","rel":"","context":"In &quot;Betraktelser &amp; Ber\u00e4ttelse&quot;","block_context":{"text":"Betraktelser &amp; Ber\u00e4ttelse","link":"https:\/\/www.akehedman.se\/wordpress\/?cat=24"},"img":{"alt_text":"250px-White-Wagtail","src":"https:\/\/i0.wp.com\/www.akehedman.se\/wordpress\/wp-content\/uploads\/2016\/05\/250px-White-Wagtail.jpg?resize=350%2C200","width":350,"height":200},"classes":[]},{"id":11819,"url":"https:\/\/www.akehedman.se\/wordpress\/?p=11819","url_meta":{"origin":25445,"position":4},"title":"Gr\u00e4v d\u00e4r du st\u00e5r, sa man","author":"\u00c5ke Hedman","date":"2014-01-28","format":false,"excerpt":"Jag blev Losbo av en slump 1986. Ett hus var till salu n\u00e4r vi semestrade h\u00e4r och bara n\u00e5gra m\u00e5nader senare best\u00e4mde vi oss f\u00f6r att l\u00e4mna Stockholm. Visst jag pendlade f\u00f6rsta \u00e5ret, men allts\u00e5 bara ett \u00e5r senare brummade bilen upp fr\u00e5n Stockholm \u00f6ver Dalarna i en triumff\u00e4rd. Ja,\u2026","rel":"","context":"In &quot;Betraktelser &amp; Ber\u00e4ttelse&quot;","block_context":{"text":"Betraktelser &amp; Ber\u00e4ttelse","link":"https:\/\/www.akehedman.se\/wordpress\/?cat=24"},"img":{"alt_text":"Spade-webb-stor","src":"https:\/\/i0.wp.com\/www.eurosource.se\/akhe\/wordpress\/wp-content\/uploads\/2014\/01\/Spade-webb-stor.jpg?resize=350%2C200","width":350,"height":200,"srcset":"https:\/\/i0.wp.com\/www.eurosource.se\/akhe\/wordpress\/wp-content\/uploads\/2014\/01\/Spade-webb-stor.jpg?resize=350%2C200 1x, https:\/\/i0.wp.com\/www.eurosource.se\/akhe\/wordpress\/wp-content\/uploads\/2014\/01\/Spade-webb-stor.jpg?resize=525%2C300 1.5x, https:\/\/i0.wp.com\/www.eurosource.se\/akhe\/wordpress\/wp-content\/uploads\/2014\/01\/Spade-webb-stor.jpg?resize=700%2C400 2x"},"classes":[]},{"id":16398,"url":"https:\/\/www.akehedman.se\/wordpress\/?p=16398","url_meta":{"origin":25445,"position":5},"title":"Gr\u00f6n IKEA soffa","author":"\u00c5ke Hedman","date":"2015-02-06","format":false,"excerpt":"Jod\u00e5, det \u00e4r fredag. Det skall bli hemlagad pizza. K \u00e4r bra p\u00e5 det d\u00e4r. En masa annat ocks\u00e5. Efter den nyheter och koma. Ja den kryper sig p\u00e5 en med b\u00f6rjan n\u00e5gonstans mitt i Rapportsignaturen.\u00a0 Trycker ner mig i soffan. Ja ni vet den gr\u00f6na, k\u00f6pt p\u00e5 IKEA, den\u2026","rel":"","context":"In &quot;Betraktelser &amp; Ber\u00e4ttelse&quot;","block_context":{"text":"Betraktelser &amp; Ber\u00e4ttelse","link":"https:\/\/www.akehedman.se\/wordpress\/?cat=24"},"img":{"alt_text":"fender-strat-custom-shop-65-relic-150-2900-828-1","src":"https:\/\/i0.wp.com\/www.eurosource.se\/akhe\/wordpress\/wp-content\/uploads\/2014\/12\/fender-strat-custom-shop-65-relic-150-2900-828-1-1024x614.jpg?resize=350%2C200","width":350,"height":200,"srcset":"https:\/\/i0.wp.com\/www.eurosource.se\/akhe\/wordpress\/wp-content\/uploads\/2014\/12\/fender-strat-custom-shop-65-relic-150-2900-828-1-1024x614.jpg?resize=350%2C200 1x, https:\/\/i0.wp.com\/www.eurosource.se\/akhe\/wordpress\/wp-content\/uploads\/2014\/12\/fender-strat-custom-shop-65-relic-150-2900-828-1-1024x614.jpg?resize=525%2C300 1.5x"},"classes":[]}],"jetpack_shortlink":"https:\/\/wp.me\/s68PL2-1530","_links":{"self":[{"href":"https:\/\/www.akehedman.se\/wordpress\/index.php?rest_route=\/wp\/v2\/posts\/25445","targetHints":{"allow":["GET"]}}],"collection":[{"href":"https:\/\/www.akehedman.se\/wordpress\/index.php?rest_route=\/wp\/v2\/posts"}],"about":[{"href":"https:\/\/www.akehedman.se\/wordpress\/index.php?rest_route=\/wp\/v2\/types\/post"}],"author":[{"embeddable":true,"href":"https:\/\/www.akehedman.se\/wordpress\/index.php?rest_route=\/wp\/v2\/users\/24"}],"replies":[{"embeddable":true,"href":"https:\/\/www.akehedman.se\/wordpress\/index.php?rest_route=%2Fwp%2Fv2%2Fcomments&post=25445"}],"version-history":[{"count":1,"href":"https:\/\/www.akehedman.se\/wordpress\/index.php?rest_route=\/wp\/v2\/posts\/25445\/revisions"}],"predecessor-version":[{"id":25448,"href":"https:\/\/www.akehedman.se\/wordpress\/index.php?rest_route=\/wp\/v2\/posts\/25445\/revisions\/25448"}],"wp:attachment":[{"href":"https:\/\/www.akehedman.se\/wordpress\/index.php?rest_route=%2Fwp%2Fv2%2Fmedia&parent=25445"}],"wp:term":[{"taxonomy":"category","embeddable":true,"href":"https:\/\/www.akehedman.se\/wordpress\/index.php?rest_route=%2Fwp%2Fv2%2Fcategories&post=25445"},{"taxonomy":"post_tag","embeddable":true,"href":"https:\/\/www.akehedman.se\/wordpress\/index.php?rest_route=%2Fwp%2Fv2%2Ftags&post=25445"}],"curies":[{"name":"wp","href":"https:\/\/api.w.org\/{rel}","templated":true}]}}