{"id":24342,"date":"2017-05-11T07:51:19","date_gmt":"2017-05-11T06:51:19","guid":{"rendered":"http:\/\/www.akehedman.se\/wordpress\/?p=24342"},"modified":"2017-05-11T12:09:04","modified_gmt":"2017-05-11T11:09:04","slug":"misslyckanden-ar-en-merit","status":"publish","type":"post","link":"https:\/\/www.akehedman.se\/wordpress\/?p=24342","title":{"rendered":"Att misslyckas \u00e4r en merit."},"content":{"rendered":"<p><img data-recalc-dims=\"1\" loading=\"lazy\" decoding=\"async\" class=\"alignnone size-large wp-image-24343\" src=\"https:\/\/i0.wp.com\/www.akehedman.se\/wordpress\/wp-content\/uploads\/2017\/05\/DSC_8641-1024x681.jpg?resize=580%2C385\" alt=\"\" width=\"580\" height=\"385\" srcset=\"https:\/\/i0.wp.com\/www.akehedman.se\/wordpress\/wp-content\/uploads\/2017\/05\/DSC_8641.jpg?resize=1024%2C681&amp;ssl=1 1024w, https:\/\/i0.wp.com\/www.akehedman.se\/wordpress\/wp-content\/uploads\/2017\/05\/DSC_8641.jpg?resize=300%2C199&amp;ssl=1 300w, https:\/\/i0.wp.com\/www.akehedman.se\/wordpress\/wp-content\/uploads\/2017\/05\/DSC_8641.jpg?resize=768%2C511&amp;ssl=1 768w, https:\/\/i0.wp.com\/www.akehedman.se\/wordpress\/wp-content\/uploads\/2017\/05\/DSC_8641.jpg?resize=451%2C300&amp;ssl=1 451w, https:\/\/i0.wp.com\/www.akehedman.se\/wordpress\/wp-content\/uploads\/2017\/05\/DSC_8641.jpg?w=1504&amp;ssl=1 1504w, https:\/\/i0.wp.com\/www.akehedman.se\/wordpress\/wp-content\/uploads\/2017\/05\/DSC_8641.jpg?w=1160&amp;ssl=1 1160w\" sizes=\"auto, (max-width: 580px) 100vw, 580px\" \/><\/p>\n<p>En v\u00e4n ber\u00e4ttar om en bekant till honom som har sagt att min v\u00e4n skall anst\u00e4lla honom som r\u00e5dgivare nu n\u00e4r han inget har att g\u00f6ra. Min v\u00e4n skrattar och s\u00e4ger att<\/p>\n<blockquote><p>&#8220;det borde han v\u00e4l ha fr\u00e5gat tidigare innan han gjorde konkurs&#8230;&#8221;<\/p><\/blockquote>\n<p>Ja och det s\u00e4gs det d\u00e4r som om det d\u00e4r \u00e4r de det dummaste n\u00e5gon kan fr\u00e5ga. Lite &#8220;vilken d\u00e5re&#8221;.<\/p>\n<p>Historien \u00e4r denna. Hans bekante har byggt ett f\u00f6retag som varit framg\u00e5ngsrikt i \u00f6ver fyrtio \u00e5r. Det har haft kanske tre eller fyra g\u00e5nger fler anst\u00e4llda \u00e4n min v\u00e4ns f\u00f6retag och under stora delar av den tid det drivits gett en bra vinst. Men tiderna har f\u00f6r\u00e4ndrats och till slut har det g\u00e5tt som det g\u00e5tt. Han har f\u00e5tt &#8220;kasta in handduken&#8221;.<\/p>\n<p>Min v\u00e4n har s\u00e5klart fel n\u00e4r han avf\u00e4rdar sin bekante. Det vet alla som n\u00e5gonsin l\u00f6st ett problem. D\u00e4rf\u00f6r att n\u00e4r saker fungerar, n\u00e4r det g\u00e5r bra, d\u00e5 beh\u00f6ver man inte t\u00e4nka s\u00e5 mycket. Man k\u00f6r p\u00e5. Att befinna sig p\u00e5 r\u00e4kmackan \u00e4r ingen konst. Det \u00e4r n\u00e4r saker inte fungerar som man f\u00e5r plocka fram sina djupaste kunskaper och anv\u00e4nda dem, ja l\u00e4ra sig nytt. Man m\u00e5ste helt enkelt. Fungerar inte uppfinningen som man t\u00e4nkt sig s\u00e5 f\u00e5r man f\u00f6rs\u00f6ka f\u00e5 den att fungera. Fungerar inte h\u00e5rdvaran man byggt f\u00e5r man fixa till den. Fungerar inte mjukvaran s\u00e5 l\u00f6ser man problemet. G\u00e5r inte f\u00f6retaget bra f\u00e5r man vara innovativ som fasiken tills saker fungerar. Fungerar saker, ja inte fan beh\u00f6ver man klura s\u00e5 mycket d\u00e5.<\/p>\n<p>Jo, javisst. Man kan h\u00e4vda att alla som &#8220;misslyckas&#8221; \u00c4R kl\u00e5pare. Det \u00e4r en enkelt v\u00e4rldsbild att ta till. Men v\u00e4rlden \u00e4r mer sammansatt \u00e4n s\u00e5. Till och med den som aldrig n\u00e5gonsin till synes lyckas med n\u00e5got l\u00e4r sig troligen mer under sin resa \u00e4n den som hela tiden lyckas med saker. Ja om det nu finns n\u00e5gon s\u00e5dan i sinnev\u00e4rlden. F\u00f6r fr\u00e5gar man alla framg\u00e5ngsrika m\u00e4nniskor s\u00e5 kommer de beredvilligt att dela med sig av sina misslyckanden. De \u00e4r alltid m\u00e5nga.<\/p>\n<p>Ja och nog tror jag att vi kan vara \u00f6verens om att en m\u00e4nniska som f\u00e5r fundera mer \u00e4n en annan p\u00e5 sikt ocks\u00e5 torde samla p\u00e5 sig mer kunskaper och erfarenheter inf\u00f6r nya problemst\u00e4llningar.<\/p>\n<p>S\u00e5 jag tror att min v\u00e4n har helt fel i sitt resonemang. Misslyckanden \u00e4r en merit. Framg\u00e5ng inte mer v\u00e4rt \u00e4n \u00e4nnu en f\u00f6delsedag. Man firar dem men n\u00e5got egenv\u00e4rde har de inte. Det \u00e4r tiden fram dit som \u00e4r grejen.<\/p>\n","protected":false},"excerpt":{"rendered":"<p>En v\u00e4n ber\u00e4ttar om en bekant till honom som har sagt att min v\u00e4n skall anst\u00e4lla honom som r\u00e5dgivare nu n\u00e4r han inget har att g\u00f6ra. Min v\u00e4n skrattar och s\u00e4ger att &#8220;det borde han v\u00e4l ha fr\u00e5gat tidigare innan han gjorde konkurs&#8230;&#8221; Ja och det s\u00e4gs det d\u00e4r som om det d\u00e4r \u00e4r de [&hellip;]<\/p>\n","protected":false},"author":24,"featured_media":0,"comment_status":"open","ping_status":"open","sticky":false,"template":"","format":"standard","meta":{"_crdt_document":"","jetpack_post_was_ever_published":false,"_jetpack_newsletter_access":"","_jetpack_dont_email_post_to_subs":false,"_jetpack_newsletter_tier_id":0,"_jetpack_memberships_contains_paywalled_content":false,"_jetpack_memberships_contains_paid_content":false,"footnotes":"","jetpack_publicize_message":"","jetpack_publicize_feature_enabled":true,"jetpack_social_post_already_shared":true,"jetpack_social_options":{"image_generator_settings":{"template":"highway","default_image_id":0,"font":"","enabled":false},"version":2}},"categories":[24],"tags":[],"class_list":["post-24342","post","type-post","status-publish","format-standard","hentry","category-betraktelser"],"jetpack_publicize_connections":[],"jetpack_featured_media_url":"","jetpack_sharing_enabled":true,"jetpack_likes_enabled":true,"jetpack-related-posts":[{"id":12046,"url":"https:\/\/www.akehedman.se\/wordpress\/?p=12046","url_meta":{"origin":24342,"position":0},"title":"Ett kvartssekel","author":"\u00c5ke Hedman","date":"2014-02-15","format":false,"excerpt":"Min \u00e4ldste son fyller 25 \u00e5r p\u00e5 tisdag och \u00e4r hemma med sin flickv\u00e4n den h\u00e4r helgen, s\u00e5 vi har firat honom idag. Att han har n\u00e5tt halva v\u00e4gen till femtio \u00f6verg\u00e5r allt mitt f\u00f6rst\u00e5nd. Hur har alla dessa \u00e5r redan hunnit g\u00e5 sedan jag stod d\u00e4r bredvid en nerv\u00f6s\u2026","rel":"","context":"In &quot;Betraktelser &amp; Ber\u00e4ttelse&quot;","block_context":{"text":"Betraktelser &amp; Ber\u00e4ttelse","link":"https:\/\/www.akehedman.se\/wordpress\/?cat=24"},"img":{"alt_text":"2014-02-15 23-52-17","src":"https:\/\/i0.wp.com\/www.eurosource.se\/akhe\/wordpress\/wp-content\/uploads\/2014\/02\/2014-02-15-23-52-17.png?resize=350%2C200","width":350,"height":200},"classes":[]},{"id":43313,"url":"https:\/\/www.akehedman.se\/wordpress\/?p=43313","url_meta":{"origin":24342,"position":1},"title":"Herr S-bugg","author":"\u00c5ke Hedman","date":"2022-11-09","format":false,"excerpt":"Photo by Michal Hajtas on Pexels.com Det ramlar in en order. Det g\u00f6r det nu f\u00f6r tiden till min f\u00f6rv\u00e5ning. Den h\u00e4r g\u00e5ngen k\u00e4nns namnet bekant. Ja platsen ocks\u00e5. Ja och javisst \u00e4r det Herr S-bugg. Programmeringskompis fr\u00e5n Kanalv\u00e4gen i T\u00e4by d\u00e4r i slutet av 80-talet. Vi gjorde magiska saker\u2026","rel":"","context":"In &quot;Betraktelser &amp; Ber\u00e4ttelse&quot;","block_context":{"text":"Betraktelser &amp; Ber\u00e4ttelse","link":"https:\/\/www.akehedman.se\/wordpress\/?cat=24"},"img":{"alt_text":"developer kit setup from autopi","src":"https:\/\/i0.wp.com\/www.akehedman.se\/wordpress\/wp-content\/uploads\/2022\/11\/pexels-photo-11700195.jpeg?resize=350%2C200&ssl=1","width":350,"height":200,"srcset":"https:\/\/i0.wp.com\/www.akehedman.se\/wordpress\/wp-content\/uploads\/2022\/11\/pexels-photo-11700195.jpeg?resize=350%2C200&ssl=1 1x, https:\/\/i0.wp.com\/www.akehedman.se\/wordpress\/wp-content\/uploads\/2022\/11\/pexels-photo-11700195.jpeg?resize=525%2C300&ssl=1 1.5x, https:\/\/i0.wp.com\/www.akehedman.se\/wordpress\/wp-content\/uploads\/2022\/11\/pexels-photo-11700195.jpeg?resize=700%2C400&ssl=1 2x, https:\/\/i0.wp.com\/www.akehedman.se\/wordpress\/wp-content\/uploads\/2022\/11\/pexels-photo-11700195.jpeg?resize=1050%2C600&ssl=1 3x, https:\/\/i0.wp.com\/www.akehedman.se\/wordpress\/wp-content\/uploads\/2022\/11\/pexels-photo-11700195.jpeg?resize=1400%2C800&ssl=1 4x"},"classes":[]},{"id":22124,"url":"https:\/\/www.akehedman.se\/wordpress\/?p=22124","url_meta":{"origin":24342,"position":2},"title":"Novell: \u201cGe mig ett tecken\u201d","author":"\u00c5ke Hedman","date":"2016-11-15","format":false,"excerpt":"\u201cGe mig ett tecken\u201d Kanske s\u00e4ger jag det d\u00e4r h\u00f6gt i bilen. Kanske t\u00e4nker jag det bara. Min tankar har alltid varit starka inne i huvudet. Jag \u00e4r aldrig riktigt s\u00e4ker i minnena \u00f6ver vad som sagts och vad som bara t\u00e4nkts efter\u00e5t. N\u00e4r det g\u00e5tt lite tid. Om det\u2026","rel":"","context":"In &quot;Noveller&quot;","block_context":{"text":"Noveller","link":"https:\/\/www.akehedman.se\/wordpress\/?cat=57"},"img":{"alt_text":"","src":"","width":0,"height":0},"classes":[]},{"id":28780,"url":"https:\/\/www.akehedman.se\/wordpress\/?p=28780","url_meta":{"origin":24342,"position":3},"title":"Senast l\u00e4sta bok","author":"\u00c5ke Hedman","date":"2018-06-03","format":false,"excerpt":"Vardagar av Ulf Lundell \/ Fint f\u00f6rlag skall det vara. Man kan ju t\u00e4nka att det h\u00e4r, det h\u00e4r gn\u00e4llet, de h\u00e4r f\u00e5gelobservationerna, de h\u00e4r trasiga bilarna, de h\u00e4r \u00e4ndl\u00f6sa vardagarna i \u00d6sterlen, vill v\u00e4l inte en j\u00e4vel l\u00e4sa om. Ja s\u00e5 j\u00e4kla stor skillnad \u00e4r det inte mot den\u2026","rel":"","context":"In &quot;B\u00f6cker&quot;","block_context":{"text":"B\u00f6cker","link":"https:\/\/www.akehedman.se\/wordpress\/?cat=13"},"img":{"alt_text":"","src":"https:\/\/i0.wp.com\/www.akehedman.se\/wordpress\/wp-content\/uploads\/2018\/06\/vardagar.jpg?resize=350%2C200","width":350,"height":200},"classes":[]},{"id":8010,"url":"https:\/\/www.akehedman.se\/wordpress\/?p=8010","url_meta":{"origin":24342,"position":4},"title":"Det drar.","author":"\u00c5ke Hedman","date":"2013-07-19","format":false,"excerpt":"Han som v\u00e4xte upp hos Pavarotti n\u00e4r det begav sig, Koltrasten, \u00e4r tyst p\u00e5 morgon n\u00e4r jag h\u00e4mtar tidningen. Inte syns n\u00e5got av min v\u00e4n dragspelaren heller. Det avv naturliga sk\u00e4l. Saknar honom. M\u00e5ste \u00e5ka och h\u00e4lsa p\u00e5 min postl\u00e5dekamrat d\u00e4r p\u00e5 sjukhemmet. Karin sover fortfarande och ute \u00e4r det\u2026","rel":"","context":"In &quot;Betraktelser &amp; Ber\u00e4ttelse&quot;","block_context":{"text":"Betraktelser &amp; Ber\u00e4ttelse","link":"https:\/\/www.akehedman.se\/wordpress\/?cat=24"},"img":{"alt_text":"hav6296","src":"https:\/\/i0.wp.com\/www.eurosource.se\/akhe\/wordpress\/wp-content\/uploads\/2013\/07\/hav6296.jpg?resize=350%2C200","width":350,"height":200},"classes":[]},{"id":230,"url":"https:\/\/www.akehedman.se\/wordpress\/?p=230","url_meta":{"origin":24342,"position":5},"title":"V\u00e4nskap","author":"\u00c5ke Hedman","date":"2008-02-11","format":false,"excerpt":"Verkligen t\u00e4nkv\u00e4rt!! (som jag fick fr\u00e5n en v\u00e4n...) Det var en g\u00e5ng en liten pojke som l\u00e4tt blev arg. Hans pappa gav honom en n\u00e4vefull med spik och sa till honom att varje g\u00e5ng han blir\u00a0arg skall han g\u00e5 bakom huset och sl\u00e5 i en spik i staketet. F\u00f6rsta dagen\u2026","rel":"","context":"In &quot;Betraktelser &amp; Ber\u00e4ttelse&quot;","block_context":{"text":"Betraktelser &amp; Ber\u00e4ttelse","link":"https:\/\/www.akehedman.se\/wordpress\/?cat=24"},"img":{"alt_text":"","src":"","width":0,"height":0},"classes":[]}],"jetpack_shortlink":"https:\/\/wp.me\/p68PL2-6kC","_links":{"self":[{"href":"https:\/\/www.akehedman.se\/wordpress\/index.php?rest_route=\/wp\/v2\/posts\/24342","targetHints":{"allow":["GET"]}}],"collection":[{"href":"https:\/\/www.akehedman.se\/wordpress\/index.php?rest_route=\/wp\/v2\/posts"}],"about":[{"href":"https:\/\/www.akehedman.se\/wordpress\/index.php?rest_route=\/wp\/v2\/types\/post"}],"author":[{"embeddable":true,"href":"https:\/\/www.akehedman.se\/wordpress\/index.php?rest_route=\/wp\/v2\/users\/24"}],"replies":[{"embeddable":true,"href":"https:\/\/www.akehedman.se\/wordpress\/index.php?rest_route=%2Fwp%2Fv2%2Fcomments&post=24342"}],"version-history":[{"count":2,"href":"https:\/\/www.akehedman.se\/wordpress\/index.php?rest_route=\/wp\/v2\/posts\/24342\/revisions"}],"predecessor-version":[{"id":24345,"href":"https:\/\/www.akehedman.se\/wordpress\/index.php?rest_route=\/wp\/v2\/posts\/24342\/revisions\/24345"}],"wp:attachment":[{"href":"https:\/\/www.akehedman.se\/wordpress\/index.php?rest_route=%2Fwp%2Fv2%2Fmedia&parent=24342"}],"wp:term":[{"taxonomy":"category","embeddable":true,"href":"https:\/\/www.akehedman.se\/wordpress\/index.php?rest_route=%2Fwp%2Fv2%2Fcategories&post=24342"},{"taxonomy":"post_tag","embeddable":true,"href":"https:\/\/www.akehedman.se\/wordpress\/index.php?rest_route=%2Fwp%2Fv2%2Ftags&post=24342"}],"curies":[{"name":"wp","href":"https:\/\/api.w.org\/{rel}","templated":true}]}}