{"id":24310,"date":"2017-05-09T07:39:28","date_gmt":"2017-05-09T06:39:28","guid":{"rendered":"http:\/\/www.akehedman.se\/wordpress\/?p=24310"},"modified":"2020-08-01T17:25:24","modified_gmt":"2020-08-01T16:25:24","slug":"den-forsta-pizzan","status":"publish","type":"post","link":"https:\/\/www.akehedman.se\/wordpress\/?p=24310","title":{"rendered":"Den f\u00f6rsta pizzan."},"content":{"rendered":"\n<figure class=\"wp-block-image\"><img data-recalc-dims=\"1\" height=\"387\" width=\"580\" decoding=\"async\" src=\"https:\/\/i0.wp.com\/www.akehedman.se\/wordpress\/wp-content\/uploads\/2017\/05\/pizza-capricciosa-0-1024x683.jpeg?resize=580%2C387\" alt=\"\" class=\"wp-image-24311\"\/><\/figure>\n\n\n\n<figure class=\"wp-block-image size-large\"><img data-recalc-dims=\"1\" loading=\"lazy\" decoding=\"async\" width=\"580\" height=\"435\" src=\"https:\/\/i0.wp.com\/www.akehedman.se\/wordpress\/wp-content\/uploads\/2020\/08\/pexels-photo-825661.jpeg?resize=580%2C435&#038;ssl=1\" alt=\"pizza on brown wooden board\" class=\"wp-image-35587\" srcset=\"https:\/\/i0.wp.com\/www.akehedman.se\/wordpress\/wp-content\/uploads\/2020\/08\/pexels-photo-825661.jpeg?w=1733&amp;ssl=1 1733w, https:\/\/i0.wp.com\/www.akehedman.se\/wordpress\/wp-content\/uploads\/2020\/08\/pexels-photo-825661.jpeg?resize=300%2C225&amp;ssl=1 300w, https:\/\/i0.wp.com\/www.akehedman.se\/wordpress\/wp-content\/uploads\/2020\/08\/pexels-photo-825661.jpeg?resize=1024%2C768&amp;ssl=1 1024w, https:\/\/i0.wp.com\/www.akehedman.se\/wordpress\/wp-content\/uploads\/2020\/08\/pexels-photo-825661.jpeg?resize=768%2C576&amp;ssl=1 768w, https:\/\/i0.wp.com\/www.akehedman.se\/wordpress\/wp-content\/uploads\/2020\/08\/pexels-photo-825661.jpeg?resize=1536%2C1152&amp;ssl=1 1536w, https:\/\/i0.wp.com\/www.akehedman.se\/wordpress\/wp-content\/uploads\/2020\/08\/pexels-photo-825661.jpeg?resize=1200%2C900&amp;ssl=1 1200w\" sizes=\"auto, (max-width: 580px) 100vw, 580px\" \/><figcaption>Photo by Brett Jordan on <a href=\"https:\/\/www.pexels.com\/photo\/pizza-on-brown-wooden-board-825661\/\" rel=\"nofollow\">Pexels.com<\/a><\/figcaption><\/figure>\n\n\n\n<p class=\"wp-block-paragraph\">Den 15&#8217;e maj 1977 \u00f6ppnade man den f\u00f6rsta pizzerian i v\u00e5rt omr\u00e5de. Inte i Edsbyn s\u00e5klart men i den st\u00f6rre orten Bolln\u00e4s, tre mil bort. Den popul\u00e4raste pizzan var Cappricciosa men det hade folk sv\u00e5rt att uttala s\u00e5 man best\u00e4mde sig f\u00f6r att kalla den &#8220;Bolln\u00e4spizza&#8221;.<\/p>\n\n\n\n<p class=\"wp-block-paragraph\">Jag l\u00e5g i lumpen d\u00e5. Muckade f\u00f6rst i december om jag mins r\u00e4tt. Men min f\u00f6rsta pizza l\u00e4r ha inmundigats d\u00e4r n\u00e5gon g\u00e5ng 1978. Konstigt nog intogs inga s\u00e5dana av grabbg\u00e4nget p\u00e5 stabsfartyget Visborg varesig i H\u00e5rsfj\u00e4rden, Karlskrona eller i n\u00e5gon av de hamnar vi bes\u00f6kte. Eller ocks\u00e5 minns jag helt enkelt fel.<\/p>\n\n\n\n<p class=\"wp-block-paragraph\">Vi \u00e5kte ofta till Bolln\u00e4s. De s\u00e5lde n\u00e4mligen en hamburgerbricka. Tv\u00e5 sm\u00e5 hamburgare med strips och milkshake. Nymodigheter det ocks\u00e5. Korv med mos i alla dess former hade varit grejen under alla \u00e5r. Specialare min favorit. Grillad korv, br\u00f6d och mos. Aromat s\u00e5klart. Dill. Grillkrydda. Ja det fanns bara en. Aromatens glutamat har v\u00e4l inte gjort min hj\u00e4rna mindre skadad \u00e4n den var innan Aromat introducerades.&nbsp; Jag gissar att det n\u00e4r den d\u00e4r pizzerian startades s\u00e5 fanns redan den d\u00e4r hamburgerbrickan i Edsbyn ocks\u00e5. Det spred sig det som s\u00e5lde. N\u00e4r det kom en pizzeria till &#8220;byn&#8221; har jag ingen aning om. Min vita Volvo Amazon kunde v\u00e4gen till Bolln\u00e4s helt sj\u00e4lv. D\u00e4r l\u00e5g n\u00e4mligen systemet ocks\u00e5. I Edsbyn fanns bara ett utl\u00e4mningsst\u00e4lle i k\u00e4llaren under f\u00e4rgaff\u00e4ren.<\/p>\n\n\n\n<p class=\"wp-block-paragraph\">Bensinen var billig och vi \u00e5kte g\u00e4rna. Ragga brudar i Bolln\u00e4s var ingen stor ide. I alla fall inte om man inte hade en amerikanare eller annan fin bil. Vi var liksom lantisar. D\u00f6g inte. Fick h\u00e5lla oss i Edsbyn, ja m\u00f6jligen Alfta, som l\u00e5g n\u00e4rmare.<\/p>\n\n\n\n<p class=\"wp-block-paragraph\">Ja den d\u00e4r pizzauppgiften kommer fr\u00e5n Hela H\u00e4lsinglands helgbilaga Helga. Artikeln \u00f6ppnar upp minnesluckorna s\u00e5 att minnen forsar ut.&nbsp; Fast \u00e4nd\u00e5. Det d\u00e4r var &#8220;d\u00e5&#8221; s\u00e5klart. Man lever i &#8220;nu&#8221;, nu. Det finns s\u00e4kert vissa som tycker att den d\u00e4r pizzerian borde bevarats som ett viktigt minnesm\u00e4rke \u00f6ver en tid, ja Huberts korvkiosk ocks\u00e5. Med en balsamerad Hubert i. Som man kunde tillbedja. Men jag tillh\u00f6r inte de d\u00e4r h\u00e5lla kvar personerna och milj\u00f6erna. Jod\u00e5, det \u00e4r bra att det finns s\u00e5dan ocks\u00e5, men det d\u00e4r h\u00e5lla kvar och fokusera bak\u00e5t m\u00e5ste v\u00e4gas upp med att g\u00e5 fram\u00e5t och inte titta bak\u00e5t. Man kommer \u00e4nd\u00e5 inte undan att allt man bygger nytt bygger p\u00e5 det som byggts f\u00f6re.<\/p>\n\n\n\n<p class=\"wp-block-paragraph\">Ja och hur smakade den d\u00e4r f\u00f6rsta pizzan d\u00e5? Det minns jag inte. Men antagligen j\u00e4vligt gott. Man \u00e5t allt med stor aptit p\u00e5 den tiden. Men vad jag minns blev det inget \u00e5terbes\u00f6k p\u00e5 den d\u00e4r pizzerian innan jag drog fr\u00e5n trakten f\u00f6r gott ett \u00e5r senare. S\u00e5 s\u00e5 j\u00e4vla m\u00e4rkv\u00e4rdig var en v\u00e4l \u00e4nd\u00e5 inte d\u00e5 den d\u00e4r pizzan.<\/p>\n\n\n\n<p class=\"wp-block-paragraph\">ps Korven lever kvar h\u00e4r i huset under Valborg. D\u00e5 \u00e4ter vi n\u00e4mligen korv med br\u00f6d, gurksallad och sk\u00f6ljer ner det hela med Fanta. Vi har gjort det d\u00e4r m\u00e5nga \u00e5r nu med n\u00e5gra f\u00e5 undantag. Korven \u00e4r s\u00e5klart en vegetarisk variant numera dock. ds<\/p>\n","protected":false},"excerpt":{"rendered":"<p>Den 15&#8217;e maj 1977 \u00f6ppnade man den f\u00f6rsta pizzerian i v\u00e5rt omr\u00e5de. Inte i Edsbyn s\u00e5klart men i den st\u00f6rre orten Bolln\u00e4s, tre mil bort. Den popul\u00e4raste pizzan var Cappricciosa men det hade folk sv\u00e5rt att uttala s\u00e5 man best\u00e4mde sig f\u00f6r att kalla den &#8220;Bolln\u00e4spizza&#8221;. Jag l\u00e5g i lumpen d\u00e5. Muckade f\u00f6rst i december [&hellip;]<\/p>\n","protected":false},"author":24,"featured_media":0,"comment_status":"open","ping_status":"open","sticky":false,"template":"","format":"standard","meta":{"_crdt_document":"","jetpack_post_was_ever_published":false,"_jetpack_newsletter_access":"","_jetpack_dont_email_post_to_subs":false,"_jetpack_newsletter_tier_id":0,"_jetpack_memberships_contains_paywalled_content":false,"_jetpack_memberships_contains_paid_content":false,"footnotes":"","jetpack_publicize_message":"","jetpack_publicize_feature_enabled":true,"jetpack_social_post_already_shared":true,"jetpack_social_options":{"image_generator_settings":{"template":"highway","default_image_id":0,"font":"","enabled":false},"version":2}},"categories":[24],"tags":[],"class_list":["post-24310","post","type-post","status-publish","format-standard","hentry","category-betraktelser"],"jetpack_publicize_connections":[],"jetpack_featured_media_url":"","jetpack_sharing_enabled":true,"jetpack_likes_enabled":true,"jetpack-related-posts":[{"id":16400,"url":"https:\/\/www.akehedman.se\/wordpress\/?p=16400","url_meta":{"origin":24310,"position":0},"title":"Godnatt!","author":"\u00c5ke Hedman","date":"2015-02-06","format":false,"excerpt":"Jod\u00e5 jag somnade en stund. Men bara en kort stund. Ligger man p\u00e5 axeln, den med protesen, s\u00e5 \u00e4r det som man har en v\u00e4ckarklocka. S\u00e5 jag vaknar snart nog igen. Tio minuter blir det kanske, eller en kvart.\u00a0 Ser klart p\u00e5 filmen, eller n\u00e4stan, men anar slutet, pausar, ser\u2026","rel":"","context":"In &quot;Betraktelser &amp; Ber\u00e4ttelse&quot;","block_context":{"text":"Betraktelser &amp; Ber\u00e4ttelse","link":"https:\/\/www.akehedman.se\/wordpress\/?cat=24"},"img":{"alt_text":"137633575164887500_resized","src":"https:\/\/i0.wp.com\/www.eurosource.se\/akhe\/wordpress\/wp-content\/uploads\/2014\/12\/137633575164887500_resized.jpg?resize=350%2C200","width":350,"height":200,"srcset":"https:\/\/i0.wp.com\/www.eurosource.se\/akhe\/wordpress\/wp-content\/uploads\/2014\/12\/137633575164887500_resized.jpg?resize=350%2C200 1x, https:\/\/i0.wp.com\/www.eurosource.se\/akhe\/wordpress\/wp-content\/uploads\/2014\/12\/137633575164887500_resized.jpg?resize=525%2C300 1.5x, https:\/\/i0.wp.com\/www.eurosource.se\/akhe\/wordpress\/wp-content\/uploads\/2014\/12\/137633575164887500_resized.jpg?resize=700%2C400 2x"},"classes":[]},{"id":19878,"url":"https:\/\/www.akehedman.se\/wordpress\/?p=19878","url_meta":{"origin":24310,"position":1},"title":"Pizzan var i alla fall god","author":"\u00c5ke Hedman","date":"2016-03-09","format":false,"excerpt":"Nja, det gick s\u00e5d\u00e4r. B\u00e5de f\u00f6r K och f\u00f6r mig. Bilen halv-gick-igenom. Handbroms fungerar inte p\u00e5 ena hjulet. K besviken \u00f6ver sitt. Vi tr\u00f6star oss med pizza och \u00e5ker hem igen. Chefer i Ljusdals kommun \u00e4r det n\u00e5got fel p\u00e5. Det har jag konstaterat f\u00f6rut och g\u00f6r det idag igen.\u2026","rel":"","context":"In &quot;Betraktelser &amp; Ber\u00e4ttelse&quot;","block_context":{"text":"Betraktelser &amp; Ber\u00e4ttelse","link":"https:\/\/www.akehedman.se\/wordpress\/?cat=24"},"img":{"alt_text":"slide1","src":"https:\/\/i0.wp.com\/www.akehedman.se\/wordpress\/wp-content\/uploads\/2016\/03\/slide1-1024x640.jpg?resize=350%2C200","width":350,"height":200,"srcset":"https:\/\/i0.wp.com\/www.akehedman.se\/wordpress\/wp-content\/uploads\/2016\/03\/slide1-1024x640.jpg?resize=350%2C200 1x, https:\/\/i0.wp.com\/www.akehedman.se\/wordpress\/wp-content\/uploads\/2016\/03\/slide1-1024x640.jpg?resize=525%2C300 1.5x"},"classes":[]},{"id":24196,"url":"https:\/\/www.akehedman.se\/wordpress\/?p=24196","url_meta":{"origin":24310,"position":2},"title":"Kameran (dubbel\u00e5ttan)","author":"\u00c5ke Hedman","date":"2017-04-24","format":false,"excerpt":"Jag s\u00e4ljer den gamla kameran. Den som betydde s\u00e5 mycket en g\u00e5ng i tiden. Den som filmade den d\u00e4r filmen om mobbing, som gav den f\u00f6rsta radiointervjun, den som bar iv\u00e4g mig mot stillbildsfotografering, fotolabben och la grunden till ett tidigt intresse och en tidig eld och dr\u00f6mmen om en\u2026","rel":"","context":"In &quot;Betraktelser &amp; Ber\u00e4ttelse&quot;","block_context":{"text":"Betraktelser &amp; Ber\u00e4ttelse","link":"https:\/\/www.akehedman.se\/wordpress\/?cat=24"},"img":{"alt_text":"","src":"https:\/\/i0.wp.com\/www.akehedman.se\/wordpress\/wp-content\/uploads\/2017\/04\/Screenshot-from-2017-04-24-144345.png?resize=350%2C200","width":350,"height":200,"srcset":"https:\/\/i0.wp.com\/www.akehedman.se\/wordpress\/wp-content\/uploads\/2017\/04\/Screenshot-from-2017-04-24-144345.png?resize=350%2C200 1x, https:\/\/i0.wp.com\/www.akehedman.se\/wordpress\/wp-content\/uploads\/2017\/04\/Screenshot-from-2017-04-24-144345.png?resize=525%2C300 1.5x, https:\/\/i0.wp.com\/www.akehedman.se\/wordpress\/wp-content\/uploads\/2017\/04\/Screenshot-from-2017-04-24-144345.png?resize=700%2C400 2x"},"classes":[]},{"id":44974,"url":"https:\/\/www.akehedman.se\/wordpress\/?p=44974","url_meta":{"origin":24310,"position":3},"title":"En fj\u00e4ttrad fj\u00e4ril p\u00e5 v\u00e4g i tiden","author":"\u00c5ke Hedman","date":"2023-05-01","format":false,"excerpt":"Photo by Erik Karits on Pexels.com Edsbyn. Finns inget annat d\u00e4r l\u00e4ngre \u00e4n gamla minne. \u00c5ker f\u00f6rbi. Som varje g\u00e5ng numera. F\u00f6rr drog man ett varv efter minnenas aveny. Folkets hem, Brokiosken. Skolan. Bron. Edsbyhem, Edmarks, Elvens. S\u00f6dra skolan. Minnen man v\u00e4ltrade sig i som en gris i dynga. Skit\u2026","rel":"","context":"In &quot;Swedish&quot;","block_context":{"text":"Swedish","link":"https:\/\/www.akehedman.se\/wordpress\/?cat=2"},"img":{"alt_text":"close up photograph of a common blue butterfly","src":"https:\/\/i0.wp.com\/www.akehedman.se\/wordpress\/wp-content\/uploads\/2023\/05\/pexels-photo-15335262.jpeg?resize=350%2C200&ssl=1","width":350,"height":200,"srcset":"https:\/\/i0.wp.com\/www.akehedman.se\/wordpress\/wp-content\/uploads\/2023\/05\/pexels-photo-15335262.jpeg?resize=350%2C200&ssl=1 1x, https:\/\/i0.wp.com\/www.akehedman.se\/wordpress\/wp-content\/uploads\/2023\/05\/pexels-photo-15335262.jpeg?resize=525%2C300&ssl=1 1.5x, https:\/\/i0.wp.com\/www.akehedman.se\/wordpress\/wp-content\/uploads\/2023\/05\/pexels-photo-15335262.jpeg?resize=700%2C400&ssl=1 2x, https:\/\/i0.wp.com\/www.akehedman.se\/wordpress\/wp-content\/uploads\/2023\/05\/pexels-photo-15335262.jpeg?resize=1050%2C600&ssl=1 3x, https:\/\/i0.wp.com\/www.akehedman.se\/wordpress\/wp-content\/uploads\/2023\/05\/pexels-photo-15335262.jpeg?resize=1400%2C800&ssl=1 4x"},"classes":[]},{"id":42345,"url":"https:\/\/www.akehedman.se\/wordpress\/?p=42345","url_meta":{"origin":24310,"position":4},"title":"En vandrare","author":"\u00c5ke Hedman","date":"2022-07-27","format":false,"excerpt":"Jag vandrar runt p\u00e5 \"min\" kulle. Det \u00e4r \u00e4nd\u00e5 r\u00e4tt behagligt i solen trotts sexton grader. \"min\" \u00e4r s\u00e5klart bara ett s\u00e4tt att se p\u00e5 det. Andra kallar kullen \"sin\" dom ocks\u00e5. Ja och ingen av oss kan v\u00e4l \u00e4ga kullen annat \u00e4n som i en text p\u00e5 ett papper.\u2026","rel":"","context":"In &quot;Swedish&quot;","block_context":{"text":"Swedish","link":"https:\/\/www.akehedman.se\/wordpress\/?cat=2"},"img":{"alt_text":"","src":"https:\/\/i0.wp.com\/www.akehedman.se\/wordpress\/wp-content\/uploads\/2022\/07\/IMG_20220717_175108-scaled.jpg?resize=350%2C200&ssl=1","width":350,"height":200,"srcset":"https:\/\/i0.wp.com\/www.akehedman.se\/wordpress\/wp-content\/uploads\/2022\/07\/IMG_20220717_175108-scaled.jpg?resize=350%2C200&ssl=1 1x, https:\/\/i0.wp.com\/www.akehedman.se\/wordpress\/wp-content\/uploads\/2022\/07\/IMG_20220717_175108-scaled.jpg?resize=525%2C300&ssl=1 1.5x, https:\/\/i0.wp.com\/www.akehedman.se\/wordpress\/wp-content\/uploads\/2022\/07\/IMG_20220717_175108-scaled.jpg?resize=700%2C400&ssl=1 2x, https:\/\/i0.wp.com\/www.akehedman.se\/wordpress\/wp-content\/uploads\/2022\/07\/IMG_20220717_175108-scaled.jpg?resize=1050%2C600&ssl=1 3x, https:\/\/i0.wp.com\/www.akehedman.se\/wordpress\/wp-content\/uploads\/2022\/07\/IMG_20220717_175108-scaled.jpg?resize=1400%2C800&ssl=1 4x"},"classes":[]},{"id":26984,"url":"https:\/\/www.akehedman.se\/wordpress\/?p=26984","url_meta":{"origin":24310,"position":5},"title":"\u00c5rets f\u00f6rsta stolta min","author":"\u00c5ke Hedman","date":"2018-02-06","format":false,"excerpt":"Tisdag. Minus nio under sn\u00f6n. Minus nio \u00f6ver sn\u00f6n. J\u00e4mvikt. Bra. Jag tror p\u00e5 j\u00e4mvikten. Och nej, det sn\u00f6ar inte. Bara det. Liksom. Men tisdagar inneb\u00e4r ocks\u00e5 ett ansvar. Allts\u00e5 att f\u00e5 n\u00e5got gjort. Har man inte \u00e5stadkommit n\u00e5got n\u00e4r tisdagen \u00e4r slut s\u00e5 \u00e4r det k\u00f6rt. Det k\u00e4nns i\u2026","rel":"","context":"In &quot;Betraktelser &amp; Ber\u00e4ttelse&quot;","block_context":{"text":"Betraktelser &amp; Ber\u00e4ttelse","link":"https:\/\/www.akehedman.se\/wordpress\/?cat=24"},"img":{"alt_text":"","src":"https:\/\/i0.wp.com\/www.akehedman.se\/wordpress\/wp-content\/uploads\/2018\/02\/Screenshot-from-2018-02-05-17-29-15.png?resize=350%2C200","width":350,"height":200,"srcset":"https:\/\/i0.wp.com\/www.akehedman.se\/wordpress\/wp-content\/uploads\/2018\/02\/Screenshot-from-2018-02-05-17-29-15.png?resize=350%2C200 1x, https:\/\/i0.wp.com\/www.akehedman.se\/wordpress\/wp-content\/uploads\/2018\/02\/Screenshot-from-2018-02-05-17-29-15.png?resize=525%2C300 1.5x"},"classes":[]}],"jetpack_shortlink":"https:\/\/wp.me\/p68PL2-6k6","_links":{"self":[{"href":"https:\/\/www.akehedman.se\/wordpress\/index.php?rest_route=\/wp\/v2\/posts\/24310","targetHints":{"allow":["GET"]}}],"collection":[{"href":"https:\/\/www.akehedman.se\/wordpress\/index.php?rest_route=\/wp\/v2\/posts"}],"about":[{"href":"https:\/\/www.akehedman.se\/wordpress\/index.php?rest_route=\/wp\/v2\/types\/post"}],"author":[{"embeddable":true,"href":"https:\/\/www.akehedman.se\/wordpress\/index.php?rest_route=\/wp\/v2\/users\/24"}],"replies":[{"embeddable":true,"href":"https:\/\/www.akehedman.se\/wordpress\/index.php?rest_route=%2Fwp%2Fv2%2Fcomments&post=24310"}],"version-history":[{"count":4,"href":"https:\/\/www.akehedman.se\/wordpress\/index.php?rest_route=\/wp\/v2\/posts\/24310\/revisions"}],"predecessor-version":[{"id":35588,"href":"https:\/\/www.akehedman.se\/wordpress\/index.php?rest_route=\/wp\/v2\/posts\/24310\/revisions\/35588"}],"wp:attachment":[{"href":"https:\/\/www.akehedman.se\/wordpress\/index.php?rest_route=%2Fwp%2Fv2%2Fmedia&parent=24310"}],"wp:term":[{"taxonomy":"category","embeddable":true,"href":"https:\/\/www.akehedman.se\/wordpress\/index.php?rest_route=%2Fwp%2Fv2%2Fcategories&post=24310"},{"taxonomy":"post_tag","embeddable":true,"href":"https:\/\/www.akehedman.se\/wordpress\/index.php?rest_route=%2Fwp%2Fv2%2Ftags&post=24310"}],"curies":[{"name":"wp","href":"https:\/\/api.w.org\/{rel}","templated":true}]}}