{"id":2425,"date":"2012-12-17T21:01:12","date_gmt":"2012-12-17T20:01:12","guid":{"rendered":"http:\/\/www.eurosource.se\/akhe\/wordpress\/?p=2425"},"modified":"2017-10-22T16:17:44","modified_gmt":"2017-10-22T15:17:44","slug":"text-till-tar-e4an-hem","status":"publish","type":"post","link":"https:\/\/www.akehedman.se\/wordpress\/?p=2425","title":{"rendered":"Text till &#8220;Tar E4&#8217;an Hem&#8221;"},"content":{"rendered":"<p><a href=\"http:\/\/www.eurosource.se\/akhe\/wordpress\/?attachment_id=2113\" rel=\"attachment wp-att-2113\"><img data-recalc-dims=\"1\" loading=\"lazy\" decoding=\"async\" class=\"alignnone wp-image-2113 size-full\" src=\"https:\/\/i0.wp.com\/www.akehedman.se\/wordpress\/wp-content\/uploads\/2012\/11\/stearinljus1.jpg?resize=283%2C350\" alt=\"stearinljus\" width=\"283\" height=\"350\" srcset=\"https:\/\/i0.wp.com\/www.akehedman.se\/wordpress\/wp-content\/uploads\/2012\/11\/stearinljus1.jpg?w=283&amp;ssl=1 283w, https:\/\/i0.wp.com\/www.akehedman.se\/wordpress\/wp-content\/uploads\/2012\/11\/stearinljus1.jpg?resize=242%2C300&amp;ssl=1 242w\" sizes=\"auto, (max-width: 283px) 100vw, 283px\" \/><\/a><\/p>\n<p>Tar E4&#8217;an Hem<br \/>\n=============<\/p>\n<p>Jag tog E4&#8217;an fr\u00e5n Stockholm<br \/>\ndet sn\u00f6ade lite l\u00e4tt\/grann.<br \/>\nDet var m\u00e5nga p\u00e5 v\u00e4g \u00e5t samma h\u00e5ll<br \/>\nsom ocks\u00e5 skulle hem.<br \/>\nMen f\u00f6r de flesta av oss<br \/>\n\u00e4r det v\u00e4l inte hem vi skall, utan<br \/>\nvi \u00e5ker bort till n\u00e5tt annat<br \/>\nsom vi kallar hem.<\/p>\n<p>Jag var i G\u00e4vle ungef\u00e4r vid lunchtid<br \/>\noch h\u00e4r hade man br\u00e4nt sin bock.<br \/>\nDen h\u00e4r stan har jag l\u00e4rt mig \u00e4lska<br \/>\ndet \u00e4r n\u00e5got speciellt med dom unga h\u00e4r.<br \/>\nMen nu skall jag inte stanna<br \/>\njag skall upp till H\u00e4lsingland igen.<br \/>\nHem till byn som jag fortfarande kallar mitt hem.<\/p>\n<p>Det \u00e4r vid T\u00f6nnebro jag l\u00e4mnar<br \/>\ne4&#8217;an bakom mig.<br \/>\nDet \u00e4r liksom h\u00e4r som H\u00e4lsingland b\u00f6rjar<br \/>\nh\u00e4r kommer bergen.<br \/>\nJag hade inte sett dom<br \/>\ninnan Karin pekade p\u00e5 dom och sa<br \/>\ndet \u00e4r det vackraste jag sett<br \/>\nkolla, kolla den bl\u00e5 f\u00e4rgen.<\/p>\n<p>P\u00e5 v\u00e4gen \u00f6ver Kilafors<br \/>\ns\u00e5 \u00e4r det ljus i varje hus<br \/>\nDet \u00e4r ljus i varje f\u00f6nster<br \/>\noch en gran i varje knut.<br \/>\nMen jag m\u00e5ste vidare<br \/>\nf\u00f6r det \u00e4r ingen som k\u00e4nner mig h\u00e4r.<br \/>\nI Bolln\u00e4s sv\u00e4nger jag av mot Edsbyn<br \/>\nja, det h\u00e4r \u00e4r min v\u00e4g<\/p>\n<p>Strax utanf\u00f6r Edsbyn vid kyrkan<br \/>\nt\u00e4nder jag ett ljus<br \/>\nH\u00e4r finns gravarna efter s\u00e5 m\u00e5nga<br \/>\nsom jag h\u00e5llit k\u00e4r.<br \/>\nMorsan och farsan<br \/>\noch dom flesta i sl\u00e4kten ligger h\u00e4r<br \/>\nAllts\u00e5 alla dom som gav oss jularna<br \/>\nn\u00e4r vi var barn\/sm\u00e5.<\/p>\n<p>ref<br \/>\n===<\/p>\n<p>Jag t\u00e4nder ett ljus d\u00e4r p\u00e5 graven och t\u00e4nker tillbaks<br \/>\np\u00e5 alla jular som var.<br \/>\nJag t\u00e4nker p\u00e5 mormor och morfar<br \/>\noch farmor och farfar som inte har, gravarna kvar.<br \/>\nJag t\u00e4nker p\u00e5 Hasse som nog var den<br \/>\nsn\u00e4llaste m\u00e4nniska jag n\u00e5gonsin, m\u00f6tt.<br \/>\nOch jag t\u00e4nke p\u00e5 alla andra som gett mig livet<br \/>\nsom jag, lever idag.<br \/>\nDom som var jularna fr\u00e5n f\u00f6rr.<\/p>\n<p>Och fast \u00e4n m\u00e5let ligger v\u00e4sterut<br \/>\ns\u00e5 m\u00e5ste jag sv\u00e4nga in i Edsbyn<br \/>\noch g\u00e5 p\u00e5 ICA en sv\u00e4ng.<br \/>\nH\u00e4r kan man tr\u00e4ffa alla<br \/>\nsom man k\u00e4nt en g\u00e5ng.<br \/>\nOch det var ju h\u00e4r som min l\u00e4ngtan<br \/>\natt komma ut i v\u00e4rlden f\u00f6ddes den d\u00e4r g\u00e5ngen.<\/p>\n<p>Jag k\u00f6per en hemost och en ostkaka,<br \/>\ndom h\u00f6r ju julen till<br \/>\nh\u00e4r finns v\u00e4rldens vackraste kass\u00f6rskor.<br \/>\nMen jag skall\/drar vidare v\u00e4ster ut igen<br \/>\nOch i Voxna m\u00f6ter skogarna<br \/>\nh\u00e4r b\u00f6rjar det magiska.<br \/>\nOch skall jag tror att tomten, bor n\u00e5gonstans,<br \/>\ns\u00e5 \u00e4r det definitivt i dom h\u00e4r skogarna, som han finns.<\/p>\n<p>Jag f\u00f6ljder Voxnan<br \/>\nsom en g\u00e5ng var mitt blodomlopp<br \/>\nEtt lodjur hoppar \u00f6ver v\u00e4gen,<br \/>\nt\u00e4nk att dom finns \u00e4nd\u00e5.<br \/>\nJag \u00e5ker f\u00f6rbi brorsan<br \/>\nvi har aldrig funnits d\u00e4r f\u00f6r varandra.<br \/>\nVi har egentligen aldrig varit br\u00f6der,<br \/>\ndet \u00e4r bra konstigt.<br \/>\nMen nu \u00e4r jag framme<br \/>\nnu \u00e4r jag hemma i min by.<br \/>\nDen plats jag kallar hemma<br \/>\nfast jag inte bott h\u00e4r sedan 72.<\/p>\n<p><a href=\"https:\/\/open.spotify.com\/track\/3I2qvEagn9hFXpT3sdG1tq\">Spotify<\/a><\/p>\n","protected":false},"excerpt":{"rendered":"<p>Tar E4&#8217;an Hem ============= Jag tog E4&#8217;an fr\u00e5n Stockholm det sn\u00f6ade lite l\u00e4tt\/grann. Det var m\u00e5nga p\u00e5 v\u00e4g \u00e5t samma h\u00e5ll som ocks\u00e5 skulle hem. Men f\u00f6r de flesta av oss \u00e4r det v\u00e4l inte hem vi skall, utan vi \u00e5ker bort till n\u00e5tt annat som vi kallar hem. Jag var i G\u00e4vle ungef\u00e4r vid [&hellip;]<\/p>\n","protected":false},"author":24,"featured_media":0,"comment_status":"open","ping_status":"open","sticky":false,"template":"","format":"standard","meta":{"_crdt_document":"","jetpack_post_was_ever_published":false,"_jetpack_newsletter_access":"","_jetpack_dont_email_post_to_subs":false,"_jetpack_newsletter_tier_id":0,"_jetpack_memberships_contains_paywalled_content":false,"_jetpack_memberships_contains_paid_content":false,"footnotes":"","jetpack_publicize_message":"","jetpack_publicize_feature_enabled":true,"jetpack_social_post_already_shared":false,"jetpack_social_options":{"image_generator_settings":{"template":"highway","default_image_id":0,"font":"","enabled":false},"version":2}},"categories":[19],"tags":[],"class_list":["post-2425","post","type-post","status-publish","format-standard","hentry","category-text"],"jetpack_publicize_connections":[],"jetpack_featured_media_url":"","jetpack_sharing_enabled":true,"jetpack_likes_enabled":true,"jetpack-related-posts":[{"id":21512,"url":"https:\/\/www.akehedman.se\/wordpress\/?p=21512","url_meta":{"origin":2425,"position":0},"title":"Fyra timmar","author":"\u00c5ke Hedman","date":"2016-09-14","format":false,"excerpt":"Jag g\u00e5r som vanligt varvet runt Kyrksj\u00f6n det f\u00f6rsta jag g\u00f6r d\u00e4r i Ljusdal. K \u00e4r p\u00e5 m\u00f6te, kulm\u00f6te. Det som skall ta tre timmar, men som tar fyra. Finns det m\u00f6ten som n\u00e5gonsin blir kortare \u00e4n vad det \u00e4r t\u00e4nkt? Men allts\u00e5 timmar som jag har att f\u00f6rdriva. Hitta\u2026","rel":"","context":"In &quot;Betraktelser &amp; Ber\u00e4ttelse&quot;","block_context":{"text":"Betraktelser &amp; Ber\u00e4ttelse","link":"https:\/\/www.akehedman.se\/wordpress\/?cat=24"},"img":{"alt_text":"20160824_0920041","src":"https:\/\/i0.wp.com\/www.akehedman.se\/wordpress\/wp-content\/uploads\/2016\/09\/20160824_0920041-1024x576.jpg?resize=350%2C200","width":350,"height":200,"srcset":"https:\/\/i0.wp.com\/www.akehedman.se\/wordpress\/wp-content\/uploads\/2016\/09\/20160824_0920041-1024x576.jpg?resize=350%2C200 1x, https:\/\/i0.wp.com\/www.akehedman.se\/wordpress\/wp-content\/uploads\/2016\/09\/20160824_0920041-1024x576.jpg?resize=525%2C300 1.5x"},"classes":[]},{"id":9158,"url":"https:\/\/www.akehedman.se\/wordpress\/?p=9158","url_meta":{"origin":2425,"position":1},"title":"P\u00e5 v\u00e4g hem fr\u00e5n Moskva &#8211; del 1","author":"\u00c5ke Hedman","date":"2013-09-02","format":false,"excerpt":"P\u00e5 v\u00e4g hem igen fr\u00e5n Moskva p\u00e5 vingar av st\u00e5l. \u00c5ker med en galen oligark i en privatjet och hans entourage som skall till Danmark f\u00f6r att kliva p\u00e5 sin stora j\u00e4vla b\u00e5t f\u00f6r vidare transport i fyrtio knop till s\u00f6dra Frankrike, men som tyckte en avstickare till Svegs flygplats\u2026","rel":"","context":"In &quot;Betraktelser &amp; Ber\u00e4ttelse&quot;","block_context":{"text":"Betraktelser &amp; Ber\u00e4ttelse","link":"https:\/\/www.akehedman.se\/wordpress\/?cat=24"},"img":{"alt_text":"Charter-a-Learjet-31A","src":"https:\/\/i0.wp.com\/www.eurosource.se\/akhe\/wordpress\/wp-content\/uploads\/2013\/09\/Charter-a-Learjet-31A.jpg?resize=350%2C200","width":350,"height":200},"classes":[]},{"id":13238,"url":"https:\/\/www.akehedman.se\/wordpress\/?p=13238","url_meta":{"origin":2425,"position":2},"title":"H\u00e4lsingland igen","author":"\u00c5ke Hedman","date":"2014-05-27","format":false,"excerpt":"En kr\u00f6nika som publicerades i Helga, Hela H\u00e4lsinglands\u00a0 (Mittmedia) helgtidning den 1\/2 2014 som jag tror det \u00e4r OK att jag l\u00e4gger ut h\u00e4r nu. Jag \u00e4r h\u00e4lsing. Japp, v\u00e4rldsmedborgare, men h\u00e4lsing. Jag \u00e4lskar det h\u00e4r landskapet. \u00c4nd\u00e5 tog det tjugofem \u00e5r innan jag uppt\u00e4ckte att vi har berg. Jag\u2026","rel":"","context":"In &quot;Betraktelser &amp; Ber\u00e4ttelse&quot;","block_context":{"text":"Betraktelser &amp; Ber\u00e4ttelse","link":"https:\/\/www.akehedman.se\/wordpress\/?cat=24"},"img":{"alt_text":"","src":"","width":0,"height":0},"classes":[]},{"id":28115,"url":"https:\/\/www.akehedman.se\/wordpress\/?p=28115","url_meta":{"origin":2425,"position":3},"title":"Heldag i G\u00e4vle","author":"\u00c5ke Hedman","date":"2018-04-25","format":false,"excerpt":"G\u00e4vle. Bes\u00f6k p\u00e5 klinisk neurofysiologi p\u00e5 programmet. T\u00e5gresa ner p\u00e5 skattebetalarnas bekostnad. Ja hem med senare. Det s\u00e4msta med kollektivtrafik \u00e4r att man alltid m\u00e5ste v\u00e4nta. S\u00e5 jag kommer tv\u00e5 timmar f\u00f6r tidigt. Hade jag tagit det senare t\u00e5get hade jag kommit f\u00f6r sent. Men om allt st\u00e4mmer skall jag\u2026","rel":"","context":"In &quot;Betraktelser &amp; Ber\u00e4ttelse&quot;","block_context":{"text":"Betraktelser &amp; Ber\u00e4ttelse","link":"https:\/\/www.akehedman.se\/wordpress\/?cat=24"},"img":{"alt_text":"","src":"https:\/\/i0.wp.com\/www.akehedman.se\/wordpress\/wp-content\/uploads\/2018\/04\/IMG_20180425_153729337-1024x576.jpg?resize=350%2C200","width":350,"height":200,"srcset":"https:\/\/i0.wp.com\/www.akehedman.se\/wordpress\/wp-content\/uploads\/2018\/04\/IMG_20180425_153729337-1024x576.jpg?resize=350%2C200 1x, https:\/\/i0.wp.com\/www.akehedman.se\/wordpress\/wp-content\/uploads\/2018\/04\/IMG_20180425_153729337-1024x576.jpg?resize=525%2C300 1.5x"},"classes":[]},{"id":41804,"url":"https:\/\/www.akehedman.se\/wordpress\/?p=41804","url_meta":{"origin":2425,"position":4},"title":"Troll och rackartyg","author":"\u00c5ke Hedman","date":"2022-05-02","format":false,"excerpt":"Hudiksvall. Det finns bara en anledning att \u00e5ka dit. I normalfallet. Om man nu inte skall till H\u00f6lick. Eller se en konsert. Alltid annars sjukhus. S\u00e5 dit fram och tillbaks idag. Unders\u00f6kningen tar inte mer \u00e4n fem, tio minuter och utfaller positivt. Eller negativt om man skall prata l\u00e4karspr\u00e5k. Det\u2026","rel":"","context":"In &quot;Swedish&quot;","block_context":{"text":"Swedish","link":"https:\/\/www.akehedman.se\/wordpress\/?cat=2"},"img":{"alt_text":"person digging on soil using garden shovel","src":"https:\/\/i0.wp.com\/www.akehedman.se\/wordpress\/wp-content\/uploads\/2022\/05\/pexels-photo-1301856.jpeg?resize=350%2C200&ssl=1","width":350,"height":200,"srcset":"https:\/\/i0.wp.com\/www.akehedman.se\/wordpress\/wp-content\/uploads\/2022\/05\/pexels-photo-1301856.jpeg?resize=350%2C200&ssl=1 1x, https:\/\/i0.wp.com\/www.akehedman.se\/wordpress\/wp-content\/uploads\/2022\/05\/pexels-photo-1301856.jpeg?resize=525%2C300&ssl=1 1.5x, https:\/\/i0.wp.com\/www.akehedman.se\/wordpress\/wp-content\/uploads\/2022\/05\/pexels-photo-1301856.jpeg?resize=700%2C400&ssl=1 2x, https:\/\/i0.wp.com\/www.akehedman.se\/wordpress\/wp-content\/uploads\/2022\/05\/pexels-photo-1301856.jpeg?resize=1050%2C600&ssl=1 3x, https:\/\/i0.wp.com\/www.akehedman.se\/wordpress\/wp-content\/uploads\/2022\/05\/pexels-photo-1301856.jpeg?resize=1400%2C800&ssl=1 4x"},"classes":[]},{"id":8120,"url":"https:\/\/www.akehedman.se\/wordpress\/?p=8120","url_meta":{"origin":2425,"position":5},"title":"En sommarresa","author":"\u00c5ke Hedman","date":"2013-07-31","format":false,"excerpt":"2013-07-26 Nu drar jag till Paris. Regnet vr\u00e4ker ner h\u00e4r i Paris och det \u00e4r varmt som fasiken, \u00f6ver trettio grader tror jag det \u00e4r. V\u00e5r gamle trummis fru h\u00e4mtade mig p\u00e5 flygplatsen och k\u00f6rde mig in till hotellet i den minsta Fiat jag n\u00e5gonsin sett. Det \u00e4r n\u00e4stan p\u00e5\u2026","rel":"","context":"In &quot;Betraktelser &amp; Ber\u00e4ttelse&quot;","block_context":{"text":"Betraktelser &amp; Ber\u00e4ttelse","link":"https:\/\/www.akehedman.se\/wordpress\/?cat=24"},"img":{"alt_text":"","src":"","width":0,"height":0},"classes":[]}],"jetpack_shortlink":"https:\/\/wp.me\/p68PL2-D7","_links":{"self":[{"href":"https:\/\/www.akehedman.se\/wordpress\/index.php?rest_route=\/wp\/v2\/posts\/2425","targetHints":{"allow":["GET"]}}],"collection":[{"href":"https:\/\/www.akehedman.se\/wordpress\/index.php?rest_route=\/wp\/v2\/posts"}],"about":[{"href":"https:\/\/www.akehedman.se\/wordpress\/index.php?rest_route=\/wp\/v2\/types\/post"}],"author":[{"embeddable":true,"href":"https:\/\/www.akehedman.se\/wordpress\/index.php?rest_route=\/wp\/v2\/users\/24"}],"replies":[{"embeddable":true,"href":"https:\/\/www.akehedman.se\/wordpress\/index.php?rest_route=%2Fwp%2Fv2%2Fcomments&post=2425"}],"version-history":[{"count":6,"href":"https:\/\/www.akehedman.se\/wordpress\/index.php?rest_route=\/wp\/v2\/posts\/2425\/revisions"}],"predecessor-version":[{"id":25689,"href":"https:\/\/www.akehedman.se\/wordpress\/index.php?rest_route=\/wp\/v2\/posts\/2425\/revisions\/25689"}],"wp:attachment":[{"href":"https:\/\/www.akehedman.se\/wordpress\/index.php?rest_route=%2Fwp%2Fv2%2Fmedia&parent=2425"}],"wp:term":[{"taxonomy":"category","embeddable":true,"href":"https:\/\/www.akehedman.se\/wordpress\/index.php?rest_route=%2Fwp%2Fv2%2Fcategories&post=2425"},{"taxonomy":"post_tag","embeddable":true,"href":"https:\/\/www.akehedman.se\/wordpress\/index.php?rest_route=%2Fwp%2Fv2%2Ftags&post=2425"}],"curies":[{"name":"wp","href":"https:\/\/api.w.org\/{rel}","templated":true}]}}