{"id":24024,"date":"2017-04-06T14:12:36","date_gmt":"2017-04-06T13:12:36","guid":{"rendered":"http:\/\/www.akehedman.se\/wordpress\/?p=24024"},"modified":"2017-04-06T14:12:36","modified_gmt":"2017-04-06T13:12:36","slug":"herrljunga-kommunchef-sparkas-alingsas-tidning","status":"publish","type":"post","link":"https:\/\/www.akehedman.se\/wordpress\/?p=24024","title":{"rendered":"Herrljunga kommunchef sparkas | Alings\u00e5s Tidning"},"content":{"rendered":"<p>Hade nog blivit rekordkort i Ljusdal han karri\u00e4r ocks\u00e5 om det funnit politiker h\u00e4r med lite civilkurage. Ist\u00e4llet slutade en hel h\u00f6g med bra m\u00e4nniskor.<\/p>\n<p><a href=\"http:\/\/www.alingsastidning.se\/2017\/04\/herrljunga-kommunchef-sparkas\/\"><img data-recalc-dims=\"1\" height=\"384\" width=\"580\" decoding=\"async\" class=\"alignnone size-full\" src=\"https:\/\/i0.wp.com\/www.akehedman.se\/wordpress\/wp-content\/uploads\/2017\/04\/349448dd2c1a7f439d0783dc2d31eb50-pv_web-643x426.jpg?resize=580%2C384\" alt=\"\" \/><\/a>Source: <em><a href=\"http:\/\/www.alingsastidning.se\/2017\/04\/herrljunga-kommunchef-sparkas\/\">Herrljunga kommunchef sparkas | Alings\u00e5s Tidning<\/a><\/em><\/p>\n","protected":false},"excerpt":{"rendered":"<p>Hade nog blivit rekordkort i Ljusdal han karri\u00e4r ocks\u00e5 om det funnit politiker h\u00e4r med lite civilkurage. Ist\u00e4llet slutade en hel h\u00f6g med bra m\u00e4nniskor. Source: Herrljunga kommunchef sparkas | Alings\u00e5s Tidning<\/p>\n","protected":false},"author":24,"featured_media":0,"comment_status":"open","ping_status":"open","sticky":false,"template":"","format":"standard","meta":{"_crdt_document":"","jetpack_post_was_ever_published":false,"_jetpack_newsletter_access":"","_jetpack_dont_email_post_to_subs":false,"_jetpack_newsletter_tier_id":0,"_jetpack_memberships_contains_paywalled_content":false,"_jetpack_memberships_contains_paid_content":false,"footnotes":"","jetpack_publicize_message":"","jetpack_publicize_feature_enabled":true,"jetpack_social_post_already_shared":true,"jetpack_social_options":{"image_generator_settings":{"template":"highway","default_image_id":0,"font":"","enabled":false},"version":2}},"categories":[2],"tags":[],"class_list":["post-24024","post","type-post","status-publish","format-standard","hentry","category-swedish"],"jetpack_publicize_connections":[],"jetpack_featured_media_url":"","jetpack_sharing_enabled":true,"jetpack_likes_enabled":true,"jetpack-related-posts":[{"id":23915,"url":"https:\/\/www.akehedman.se\/wordpress\/?p=23915","url_meta":{"origin":24024,"position":0},"title":"Klart: Bremefors blir ny kommunchef i Ljusdal","author":"\u00c5ke Hedman","date":"2017-03-30","format":false,"excerpt":"Kylig och kall men kompetent. Men ett bra val tycker jag. Men vem fan bad om min \u00e5sikt i fr\u00e5gan...? Nicklas Bremefors blir den permanenta l\u00f6sningen som kommunchef i Ljusdals kommun. Det beslutade politikerna under torsdagen. Source: Klart: Bremefors blir ny kommunchef i Ljusdal","rel":"","context":"In &quot;Swedish&quot;","block_context":{"text":"Swedish","link":"https:\/\/www.akehedman.se\/wordpress\/?cat=2"},"img":{"alt_text":"","src":"","width":0,"height":0},"classes":[]},{"id":20680,"url":"https:\/\/www.akehedman.se\/wordpress\/?p=20680","url_meta":{"origin":24024,"position":1},"title":"Rydberg slutar som kommunchef &#8211; Ljusdals kommun","author":"\u00c5ke Hedman","date":"2016-06-14","format":false,"excerpt":"Hurra! Source: Rydberg slutar som kommunchef - Ljusdals kommun","rel":"","context":"In &quot;Swedish&quot;","block_context":{"text":"Swedish","link":"https:\/\/www.akehedman.se\/wordpress\/?cat=2"},"img":{"alt_text":"","src":"","width":0,"height":0},"classes":[]},{"id":23928,"url":"https:\/\/www.akehedman.se\/wordpress\/?p=23928","url_meta":{"origin":24024,"position":2},"title":"Problem f\u00f6r kommunchef Rydberg p\u00e5 nya jobbet \u2013 tas ur tj\u00e4nst","author":"\u00c5ke Hedman","date":"2017-03-30","format":false,"excerpt":"Mr. Strul klarar sig alltid. Source: Problem f\u00f6r kommunchef Rydberg p\u00e5 nya jobbet \u2013 tas ur tj\u00e4nst","rel":"","context":"In &quot;Swedish&quot;","block_context":{"text":"Swedish","link":"https:\/\/www.akehedman.se\/wordpress\/?cat=2"},"img":{"alt_text":"","src":"","width":0,"height":0},"classes":[]},{"id":6808,"url":"https:\/\/www.akehedman.se\/wordpress\/?p=6808","url_meta":{"origin":24024,"position":3},"title":"H\u00e4mtar tidningen som varje morgon","author":"\u00c5ke Hedman","date":"2013-04-18","format":false,"excerpt":"Det \u00e4r verkligen fullt tryck d\u00e4r ute n\u00e4r jag g\u00e5r till postl\u00e5dan f\u00f6r att h\u00e4mta Svenskan. Den med den \"nya luftiga designen\". T\u00e4nk dig en fullsatt krog var som helst i v\u00e4rlden full med sj\u00e4lvuppfyllda k\u00e5ta hanar och likaledes l\u00e4ngtande honor. Mitt allt detta en \u00e4ldre lite sur man som\u2026","rel":"","context":"In &quot;Betraktelser &amp; Ber\u00e4ttelse&quot;","block_context":{"text":"Betraktelser &amp; Ber\u00e4ttelse","link":"https:\/\/www.akehedman.se\/wordpress\/?cat=24"},"img":{"alt_text":"2013-04-18 07-53-32","src":"https:\/\/i0.wp.com\/www.eurosource.se\/akhe\/wordpress\/wp-content\/uploads\/2013\/04\/2013-04-18-07-53-32.jpg?resize=350%2C200","width":350,"height":200},"classes":[]},{"id":7390,"url":"https:\/\/www.akehedman.se\/wordpress\/?p=7390","url_meta":{"origin":24024,"position":4},"title":"Att h\u00e4nga med.","author":"\u00c5ke Hedman","date":"2013-05-23","format":false,"excerpt":"Vi best\u00e4mde oss ig\u00e5r. Vi b\u00f6rjar l\u00e4sa tidningen p\u00e5 l\u00e4splatta ist\u00e4llet f\u00f6r p\u00e5 papper. Vi har b\u00e5de alltid f\u00f6rfasat oss \u00f6ver m\u00e4ngden papper som \u00e5ker i \u00e5tervinningen fr\u00e5n tidningsdraken. Store delar av det ocks\u00e5 ol\u00e4st. Ett enormt sl\u00f6seri med resurser helt enkelt. De pengar vi sparar r\u00e4cker gott till att\u2026","rel":"","context":"In &quot;Betraktelser &amp; Ber\u00e4ttelse&quot;","block_context":{"text":"Betraktelser &amp; Ber\u00e4ttelse","link":"https:\/\/www.akehedman.se\/wordpress\/?cat=24"},"img":{"alt_text":"","src":"","width":0,"height":0},"classes":[]},{"id":30345,"url":"https:\/\/www.akehedman.se\/wordpress\/?p=30345","url_meta":{"origin":24024,"position":5},"title":"V\u00e4rldsarv utan bygglov &#8211; betalar 368 miljoner &#8211; Blekinge L\u00e4ns Tidning","author":"\u00c5ke Hedman","date":"2018-10-19","format":false,"excerpt":"Katedralen Sagrada Familia i Barcelona, en av v\u00e4rldens mest k\u00e4nda byggnader, har g\u00e5tt med p\u00e5 att betala motsvarande 368 miljoner kronor till stadens myndigheter. Orsaken \u00e4r att den spektakul\u00e4ra konstruktionen saknat bygglov och bygget har p\u00e5g\u00e5tt olovandes i 136 \u00e5r, rapporterar BBC.(TT) Source: V\u00e4rldsarv utan bygglov - betalar 368 miljoner\u2026","rel":"","context":"In &quot;Swedish&quot;","block_context":{"text":"Swedish","link":"https:\/\/www.akehedman.se\/wordpress\/?cat=2"},"img":{"alt_text":"","src":"","width":0,"height":0},"classes":[]}],"jetpack_shortlink":"https:\/\/wp.me\/p68PL2-6fu","_links":{"self":[{"href":"https:\/\/www.akehedman.se\/wordpress\/index.php?rest_route=\/wp\/v2\/posts\/24024","targetHints":{"allow":["GET"]}}],"collection":[{"href":"https:\/\/www.akehedman.se\/wordpress\/index.php?rest_route=\/wp\/v2\/posts"}],"about":[{"href":"https:\/\/www.akehedman.se\/wordpress\/index.php?rest_route=\/wp\/v2\/types\/post"}],"author":[{"embeddable":true,"href":"https:\/\/www.akehedman.se\/wordpress\/index.php?rest_route=\/wp\/v2\/users\/24"}],"replies":[{"embeddable":true,"href":"https:\/\/www.akehedman.se\/wordpress\/index.php?rest_route=%2Fwp%2Fv2%2Fcomments&post=24024"}],"version-history":[{"count":1,"href":"https:\/\/www.akehedman.se\/wordpress\/index.php?rest_route=\/wp\/v2\/posts\/24024\/revisions"}],"predecessor-version":[{"id":24026,"href":"https:\/\/www.akehedman.se\/wordpress\/index.php?rest_route=\/wp\/v2\/posts\/24024\/revisions\/24026"}],"wp:attachment":[{"href":"https:\/\/www.akehedman.se\/wordpress\/index.php?rest_route=%2Fwp%2Fv2%2Fmedia&parent=24024"}],"wp:term":[{"taxonomy":"category","embeddable":true,"href":"https:\/\/www.akehedman.se\/wordpress\/index.php?rest_route=%2Fwp%2Fv2%2Fcategories&post=24024"},{"taxonomy":"post_tag","embeddable":true,"href":"https:\/\/www.akehedman.se\/wordpress\/index.php?rest_route=%2Fwp%2Fv2%2Ftags&post=24024"}],"curies":[{"name":"wp","href":"https:\/\/api.w.org\/{rel}","templated":true}]}}